{"id":13669,"date":"2017-09-14T20:13:08","date_gmt":"2017-09-15T00:13:08","guid":{"rendered":"http:\/\/blogdalucianaoliveira.com.br\/blog\/?p=13669"},"modified":"2017-09-14T20:13:08","modified_gmt":"2017-09-15T00:13:08","slug":"golpe-foi-dado-para-frear-lava-jato-diz-janot","status":"publish","type":"post","link":"http:\/\/blogdalucianaoliveira.com.br\/blog\/2017\/09\/14\/golpe-foi-dado-para-frear-lava-jato-diz-janot\/","title":{"rendered":"GOLPE FOI DADO PARA FREAR LAVA JATO, DIZ JANOT"},"content":{"rendered":"<p><img data-recalc-dims=\"1\" loading=\"lazy\" decoding=\"async\" data-attachment-id=\"13670\" data-permalink=\"http:\/\/blogdalucianaoliveira.com.br\/blog\/2017\/09\/14\/golpe-foi-dado-para-frear-lava-jato-diz-janot\/gol\/\" data-orig-file=\"https:\/\/i0.wp.com\/blogdalucianaoliveira.com.br\/blog\/wp-content\/uploads\/2017\/09\/gol.jpg?fit=1000%2C357\" data-orig-size=\"1000,357\" data-comments-opened=\"0\" data-image-meta=\"{&quot;aperture&quot;:&quot;0&quot;,&quot;credit&quot;:&quot;&quot;,&quot;camera&quot;:&quot;&quot;,&quot;caption&quot;:&quot;&quot;,&quot;created_timestamp&quot;:&quot;0&quot;,&quot;copyright&quot;:&quot;&quot;,&quot;focal_length&quot;:&quot;0&quot;,&quot;iso&quot;:&quot;0&quot;,&quot;shutter_speed&quot;:&quot;0&quot;,&quot;title&quot;:&quot;&quot;,&quot;orientation&quot;:&quot;0&quot;}\" data-image-title=\"gol\" data-image-description=\"\" data-image-caption=\"\" data-medium-file=\"https:\/\/i0.wp.com\/blogdalucianaoliveira.com.br\/blog\/wp-content\/uploads\/2017\/09\/gol.jpg?fit=300%2C107\" data-large-file=\"https:\/\/i0.wp.com\/blogdalucianaoliveira.com.br\/blog\/wp-content\/uploads\/2017\/09\/gol.jpg?fit=600%2C214\" src=\"https:\/\/i0.wp.com\/blogdalucianaoliveira.com.br\/blog\/wp-content\/uploads\/2017\/09\/gol.jpg?resize=600%2C214\" alt=\"gol\" width=\"600\" height=\"214\" class=\"alignnone size-full wp-image-13670\" srcset=\"https:\/\/i0.wp.com\/blogdalucianaoliveira.com.br\/blog\/wp-content\/uploads\/2017\/09\/gol.jpg?w=1000 1000w, https:\/\/i0.wp.com\/blogdalucianaoliveira.com.br\/blog\/wp-content\/uploads\/2017\/09\/gol.jpg?resize=300%2C107 300w, https:\/\/i0.wp.com\/blogdalucianaoliveira.com.br\/blog\/wp-content\/uploads\/2017\/09\/gol.jpg?resize=768%2C274 768w, https:\/\/i0.wp.com\/blogdalucianaoliveira.com.br\/blog\/wp-content\/uploads\/2017\/09\/gol.jpg?resize=800%2C286 800w\" sizes=\"auto, (max-width: 600px) 100vw, 600px\" \/><\/p>\n<p>247 \u2013 Ao denunciar Michel Temer por obstru\u00e7\u00e3o judicial e organiza\u00e7\u00e3o criminosa, o procurador-geral Rodrigo Janot fez uma considera\u00e7\u00e3o importante: o golpe de 2016 contra a presidente deposta Dilma Rousseff teve como finalidade estancar a sangria da Lava Jato.<\/p>\n<p>Ou seja: foi um golpe a favor \u2013 e n\u00e3o contra a corrup\u00e7\u00e3o.<!--more--><\/p>\n<p>\u201cA crise dentro do n\u00facleo pol\u00edtico da organiza\u00e7\u00e3o criminosa aumentava \u00e0 medida que a Opera\u00e7\u00e3o Lava Jato avan\u00e7ava, desvendando novos nichos de atua\u00e7\u00e3o do grupo criminoso. Nesse cen\u00e1rio, os articuladores do PMDB do Senado Federal, em especial o Senador Romero Juc\u00e1, iniciaram uma s\u00e9rie de tratativas para impedir que a Opera\u00e7\u00e3o Lava Jato continuasse a avan\u00e7aram. Como n\u00e3o lograram \u00eaxito em suas tratativas, em 29.03.2016, o PMDB decidiu deixar formalmente a base do governo e, em 17.04.2016, o pedido de abertura de impeachment da Presidente Dilma Rousseff foi aprovado pela C\u00e2mara dos Deputados\u201d, escreveu Janot, na den\u00fancia encaminhada nesta tarde ao Supremo Tribunal Federal.eceu den\u00fancia contra Temer por corrup\u00e7\u00e3o passiva, mas a C\u00e2mara dos Deputados barrou a acusa\u00e7\u00e3o.<\/p>\n<p>Tamb\u00e9m foram denunciados por organiza\u00e7\u00e3o criminosa os ministros Eliseu Padilha e Moreira Franco; o ex-ministro Geddel Vieira Lima; e os ex-presidentes da C\u00e2mara Eduardo Cunha e Henrique Eduardo Alves e o ex-deputado Rodrigo Rocha Loures.<\/p>\n<p>Por obstru\u00e7\u00e3o de justi\u00e7a foram denunciados Temer, e os executivos Joesley Batista e Ricardo Saud.<\/p>\n<p>Paradoxalmente, Janot tamb\u00e9m se posicionou contra a anula\u00e7\u00e3o do golpe nesta quinta-feira.<\/p>\n","protected":false},"excerpt":{"rendered":"<p>247 \u2013 Ao denunciar Michel Temer por obstru\u00e7\u00e3o judicial e organiza\u00e7\u00e3o criminosa, o procurador-geral Rodrigo Janot fez uma considera\u00e7\u00e3o importante: o golpe de 2016 contra a presidente deposta Dilma Rousseff teve como finalidade estancar a sangria da Lava Jato. Ou seja: foi um golpe a favor \u2013 e n\u00e3o contra a corrup\u00e7\u00e3o.<\/p>\n","protected":false},"author":1,"featured_media":0,"comment_status":"closed","ping_status":"open","sticky":false,"template":"","format":"standard","meta":{"_exactmetrics_skip_tracking":false,"_exactmetrics_sitenote_active":false,"_exactmetrics_sitenote_note":"","_exactmetrics_sitenote_category":0,"jetpack_post_was_ever_published":false,"_jetpack_newsletter_access":"","_jetpack_dont_email_post_to_subs":false,"_jetpack_newsletter_tier_id":0,"_jetpack_memberships_contains_paywalled_content":false,"_jetpack_memberships_contains_paid_content":false,"footnotes":"","jetpack_publicize_message":"","jetpack_publicize_feature_enabled":true,"jetpack_social_post_already_shared":true,"jetpack_social_options":{"image_generator_settings":{"template":"highway","enabled":false},"version":2}},"categories":[1],"tags":[],"class_list":["post-13669","post","type-post","status-publish","format-standard","hentry","category-notas"],"jetpack_publicize_connections":[],"jetpack_sharing_enabled":true,"jetpack_featured_media_url":"","jetpack_shortlink":"https:\/\/wp.me\/p7wKYW-3yt","jetpack-related-posts":[],"_links":{"self":[{"href":"http:\/\/blogdalucianaoliveira.com.br\/blog\/wp-json\/wp\/v2\/posts\/13669","targetHints":{"allow":["GET"]}}],"collection":[{"href":"http:\/\/blogdalucianaoliveira.com.br\/blog\/wp-json\/wp\/v2\/posts"}],"about":[{"href":"http:\/\/blogdalucianaoliveira.com.br\/blog\/wp-json\/wp\/v2\/types\/post"}],"author":[{"embeddable":true,"href":"http:\/\/blogdalucianaoliveira.com.br\/blog\/wp-json\/wp\/v2\/users\/1"}],"replies":[{"embeddable":true,"href":"http:\/\/blogdalucianaoliveira.com.br\/blog\/wp-json\/wp\/v2\/comments?post=13669"}],"version-history":[{"count":1,"href":"http:\/\/blogdalucianaoliveira.com.br\/blog\/wp-json\/wp\/v2\/posts\/13669\/revisions"}],"predecessor-version":[{"id":13671,"href":"http:\/\/blogdalucianaoliveira.com.br\/blog\/wp-json\/wp\/v2\/posts\/13669\/revisions\/13671"}],"wp:attachment":[{"href":"http:\/\/blogdalucianaoliveira.com.br\/blog\/wp-json\/wp\/v2\/media?parent=13669"}],"wp:term":[{"taxonomy":"category","embeddable":true,"href":"http:\/\/blogdalucianaoliveira.com.br\/blog\/wp-json\/wp\/v2\/categories?post=13669"},{"taxonomy":"post_tag","embeddable":true,"href":"http:\/\/blogdalucianaoliveira.com.br\/blog\/wp-json\/wp\/v2\/tags?post=13669"}],"curies":[{"name":"wp","href":"https:\/\/api.w.org\/{rel}","templated":true}]}}