{"id":13682,"date":"2017-09-15T09:05:59","date_gmt":"2017-09-15T13:05:59","guid":{"rendered":"http:\/\/blogdalucianaoliveira.com.br\/blog\/?p=13682"},"modified":"2017-09-15T09:05:59","modified_gmt":"2017-09-15T13:05:59","slug":"nova-denuncia-e-flecha-grossa-e-stf-deve-autorizar-envio-a-camara","status":"publish","type":"post","link":"http:\/\/blogdalucianaoliveira.com.br\/blog\/2017\/09\/15\/nova-denuncia-e-flecha-grossa-e-stf-deve-autorizar-envio-a-camara\/","title":{"rendered":"Nova den\u00fancia \u00e9 flecha grossa e STF deve autorizar envio \u00e0 C\u00e2mara"},"content":{"rendered":"<p><img data-recalc-dims=\"1\" loading=\"lazy\" decoding=\"async\" data-attachment-id=\"13683\" data-permalink=\"http:\/\/blogdalucianaoliveira.com.br\/blog\/2017\/09\/15\/nova-denuncia-e-flecha-grossa-e-stf-deve-autorizar-envio-a-camara\/fle-3\/\" data-orig-file=\"https:\/\/i0.wp.com\/blogdalucianaoliveira.com.br\/blog\/wp-content\/uploads\/2017\/09\/fle.jpg?fit=490%2C280\" data-orig-size=\"490,280\" data-comments-opened=\"0\" data-image-meta=\"{&quot;aperture&quot;:&quot;0&quot;,&quot;credit&quot;:&quot;&quot;,&quot;camera&quot;:&quot;&quot;,&quot;caption&quot;:&quot;&quot;,&quot;created_timestamp&quot;:&quot;0&quot;,&quot;copyright&quot;:&quot;&quot;,&quot;focal_length&quot;:&quot;0&quot;,&quot;iso&quot;:&quot;0&quot;,&quot;shutter_speed&quot;:&quot;0&quot;,&quot;title&quot;:&quot;&quot;,&quot;orientation&quot;:&quot;0&quot;}\" data-image-title=\"fle\" data-image-description=\"\" data-image-caption=\"\" data-medium-file=\"https:\/\/i0.wp.com\/blogdalucianaoliveira.com.br\/blog\/wp-content\/uploads\/2017\/09\/fle.jpg?fit=300%2C171\" data-large-file=\"https:\/\/i0.wp.com\/blogdalucianaoliveira.com.br\/blog\/wp-content\/uploads\/2017\/09\/fle.jpg?fit=490%2C280\" src=\"https:\/\/i0.wp.com\/blogdalucianaoliveira.com.br\/blog\/wp-content\/uploads\/2017\/09\/fle.jpg?resize=490%2C280\" alt=\"fle\" width=\"490\" height=\"280\" class=\"alignnone size-full wp-image-13683\" srcset=\"https:\/\/i0.wp.com\/blogdalucianaoliveira.com.br\/blog\/wp-content\/uploads\/2017\/09\/fle.jpg?w=490 490w, https:\/\/i0.wp.com\/blogdalucianaoliveira.com.br\/blog\/wp-content\/uploads\/2017\/09\/fle.jpg?resize=300%2C171 300w\" sizes=\"auto, (max-width: 490px) 100vw, 490px\" \/><\/p>\n<p>No 247, por Tereza Cruvinel &#8211; A segunda den\u00fancia de Rodrigo Janot contra Miguel Temer \u00e9 flecha grossa.  \u00c9 mais consistente que a primeira, que o acusou de corrup\u00e7\u00e3o passiva mas n\u00e3o provou que ele era o destinat\u00e1rio dos R$ 500 mil da mala de Rocha Loures.  \u00c9 mais forte quando trata da chefia de organiza\u00e7\u00e3o criminosa do que ao falar em obstru\u00e7\u00e3o da Justi\u00e7a.  <!--more--><\/p>\n<p>As avalia\u00e7\u00f5es correntes,  de que a maioria de Temer na C\u00e2mara garantir\u00e1 sua rejei\u00e7\u00e3o, s\u00e3o precipitadas. A base j\u00e1 n\u00e3o \u00e9 um colosso unido, como em agosto,  e est\u00e1 ressentida com o \u201ccalote\u201d do governo nos compromissos firmados naquela ocasi\u00e3o.  Na pr\u00f3xima quarta-feira o STF deve derrotar Temer novamente, autorizando o envio da den\u00fancia \u00e0 C\u00e2mara, sem esperar pela conclus\u00e3o das investiga\u00e7\u00f5es sobre os bastidores do acordo de dela\u00e7\u00e3o da JBS. E por uma raz\u00e3o evidente:  o novo libelo de Janot baseia-se muito mais na dela\u00e7\u00e3o de L\u00facio Funaro  do que na da JBS. Faria sentido a suspens\u00e3o pr\u00e9via requerida se fosse assentada apenas na dela\u00e7\u00e3o de Joesley Batista e seus executivos.<\/p>\n<p>Pela segunda-fez, Fachin decidiu compartilhar decis\u00f5es que poderiam ser monocr\u00e1ticas com o plen\u00e1rio.  Na quarta, levou ao colegiado o recurso de Temer arguindo a suspens\u00e3o de Janot. Agora, decidiu consultar o pleno  sobre o envio da den\u00fancia. Blinda-se contra acusa\u00e7\u00f5es de \u201cpersegui\u00e7\u00e3o\u201d ou predisposi\u00e7\u00e3o, evitando uma desgastante argui\u00e7\u00e3o de suspei\u00e7\u00e3o.  Se a den\u00fancia for enviada na quinta-feira pr\u00f3xima, dia 21, deve ser votada pelo plen\u00e1rio da C\u00e2mara no in\u00edcio de novembro.  A primeira, apresentada em 26 de junho, foi votada em 2 de agosto. Foram 35 de tramita\u00e7\u00e3o, incluindo a fase da Comiss\u00e3o de Constitui\u00e7\u00e3o e Justi\u00e7a. Em novembro, o ano legislativo estar\u00e1 acabando, ser\u00e1 hora de aprovar o Or\u00e7amento de 2018 e as MPs que v\u00e3o se engarrafar na pauta. E com isso, adeus mesmo reforma da Previd\u00eancia.  Saiba disso o mercado, que andou acreditando na promessa de Meirelles, de vota\u00e7\u00e3o em outubro.<\/p>\n<p>A rejei\u00e7\u00e3o da den\u00fancia n\u00e3o \u00e9 t\u00e3o segura como se diz, embora a aprova\u00e7\u00e3o , por 342 votos, exija um esfor\u00e7o descomunal numa Casa onde a oposi\u00e7\u00e3o tem apenas 100 deputados. Seria preciso convencer 242 governistas de que Temer j\u00e1 n\u00e3o serve sequer ao programa do golpe, derrotado na frente pol\u00edtica pelos il\u00edcitos da \u201corganiza\u00e7\u00e3o criminosa\u201d e na frente econ\u00f4mica pelos resultados desastrosos do austeric\u00eddio de Meirelles.  Mas houve mudan\u00e7a no clima da C\u00e2mara, onde esta semana havia governistas anunciando que mudariam o voto (em rela\u00e7\u00e3o a agosto) se a den\u00fancia viesse com for\u00e7a.   E veio.   Rachado, o PSDB emudeceu e os votos contr\u00e1rios ao governo podem crescer, provado que est\u00e1 o mau neg\u00f3cio do partido com seu apoio ao governo.  O PSB agora filia-se \u00e0 oposi\u00e7\u00e3o.  Uma forte mobiliza\u00e7\u00e3o popular ecoando o \u201cFora Temer\u201d daria o empurr\u00e3o necess\u00e1rio nos recalcitrantes mas esta tamb\u00e9m \u00e9 uma possibilidade incerta.  A ampla rejei\u00e7\u00e3o a Temer n\u00e3o se traduz, ainda, em disposi\u00e7\u00e3o popular para exigir sua sa\u00edda.<\/p>\n<p>Este jogo est\u00e1 aberto e muitas vari\u00e1veis ainda poder\u00e3o pesar no resultado final.  Os governistas se apegam ao impacto dos sinais de melhora econ\u00f4mica mas, por t\u00eanues, n\u00e3o constituem um escudo garantidor de votos para Temer.  Daqui para novembro, muita coisa pode acontecer, inclusive a dela\u00e7\u00e3o de Geddel Vieira Lima.<\/p>\n<p>Especulemos com o melhor dos cen\u00e1rios: se a C\u00e2mara aceitar a den\u00fancia no in\u00edcio de novembro, Temer ser\u00e1 afastado por 180 dias, per\u00edodo em que o pa\u00eds seria governado por Rodrigo Maia, e que terminaria em abril.  Sobrevindo a condena\u00e7\u00e3o, em 30 dias, haveria a elei\u00e7\u00e3o indireta. Ou seja, at\u00e9 o final de maio, come\u00e7o de junho.  O tal indireto governaria por apenas seis meses. Nesta hora, um choque de racionalidade poderia baixar sobre todos os que decidem, favorecendo a aprova\u00e7\u00e3o de emenda constitucional que antecipe as elei\u00e7\u00f5es diretas para presidente.<\/p>\n","protected":false},"excerpt":{"rendered":"<p>No 247, por Tereza Cruvinel &#8211; A segunda den\u00fancia de Rodrigo Janot contra Miguel Temer \u00e9 flecha grossa. \u00c9 mais consistente que a primeira, que o acusou de corrup\u00e7\u00e3o passiva mas n\u00e3o provou que ele era o destinat\u00e1rio dos R$ 500 mil da mala de Rocha Loures. \u00c9 mais forte quando trata da chefia de&#8230;<a class=\"more-link\" href=\"http:\/\/blogdalucianaoliveira.com.br\/blog\/2017\/09\/15\/nova-denuncia-e-flecha-grossa-e-stf-deve-autorizar-envio-a-camara\/\">Continue a leitura <span class=\"meta-nav\">&raquo;<\/span><\/a><\/p>\n","protected":false},"author":1,"featured_media":0,"comment_status":"closed","ping_status":"open","sticky":false,"template":"","format":"standard","meta":{"_exactmetrics_skip_tracking":false,"_exactmetrics_sitenote_active":false,"_exactmetrics_sitenote_note":"","_exactmetrics_sitenote_category":0,"jetpack_post_was_ever_published":false,"_jetpack_newsletter_access":"","_jetpack_dont_email_post_to_subs":false,"_jetpack_newsletter_tier_id":0,"_jetpack_memberships_contains_paywalled_content":false,"_jetpack_memberships_contains_paid_content":false,"footnotes":"","jetpack_publicize_message":"","jetpack_publicize_feature_enabled":true,"jetpack_social_post_already_shared":true,"jetpack_social_options":{"image_generator_settings":{"template":"highway","enabled":false},"version":2}},"categories":[1],"tags":[],"class_list":["post-13682","post","type-post","status-publish","format-standard","hentry","category-notas"],"jetpack_publicize_connections":[],"jetpack_sharing_enabled":true,"jetpack_featured_media_url":"","jetpack_shortlink":"https:\/\/wp.me\/p7wKYW-3yG","jetpack-related-posts":[],"_links":{"self":[{"href":"http:\/\/blogdalucianaoliveira.com.br\/blog\/wp-json\/wp\/v2\/posts\/13682","targetHints":{"allow":["GET"]}}],"collection":[{"href":"http:\/\/blogdalucianaoliveira.com.br\/blog\/wp-json\/wp\/v2\/posts"}],"about":[{"href":"http:\/\/blogdalucianaoliveira.com.br\/blog\/wp-json\/wp\/v2\/types\/post"}],"author":[{"embeddable":true,"href":"http:\/\/blogdalucianaoliveira.com.br\/blog\/wp-json\/wp\/v2\/users\/1"}],"replies":[{"embeddable":true,"href":"http:\/\/blogdalucianaoliveira.com.br\/blog\/wp-json\/wp\/v2\/comments?post=13682"}],"version-history":[{"count":1,"href":"http:\/\/blogdalucianaoliveira.com.br\/blog\/wp-json\/wp\/v2\/posts\/13682\/revisions"}],"predecessor-version":[{"id":13684,"href":"http:\/\/blogdalucianaoliveira.com.br\/blog\/wp-json\/wp\/v2\/posts\/13682\/revisions\/13684"}],"wp:attachment":[{"href":"http:\/\/blogdalucianaoliveira.com.br\/blog\/wp-json\/wp\/v2\/media?parent=13682"}],"wp:term":[{"taxonomy":"category","embeddable":true,"href":"http:\/\/blogdalucianaoliveira.com.br\/blog\/wp-json\/wp\/v2\/categories?post=13682"},{"taxonomy":"post_tag","embeddable":true,"href":"http:\/\/blogdalucianaoliveira.com.br\/blog\/wp-json\/wp\/v2\/tags?post=13682"}],"curies":[{"name":"wp","href":"https:\/\/api.w.org\/{rel}","templated":true}]}}