{"id":13685,"date":"2017-09-15T09:10:05","date_gmt":"2017-09-15T13:10:05","guid":{"rendered":"http:\/\/blogdalucianaoliveira.com.br\/blog\/?p=13685"},"modified":"2017-09-15T09:10:05","modified_gmt":"2017-09-15T13:10:05","slug":"privatizacao-da-eletrobras-ira-gerar-novo-apagao-dizem-entidades","status":"publish","type":"post","link":"http:\/\/blogdalucianaoliveira.com.br\/blog\/2017\/09\/15\/privatizacao-da-eletrobras-ira-gerar-novo-apagao-dizem-entidades\/","title":{"rendered":"Privatiza\u00e7\u00e3o da Eletrobras ir\u00e1 gerar novo apag\u00e3o, dizem entidades"},"content":{"rendered":"<p><img data-recalc-dims=\"1\" loading=\"lazy\" decoding=\"async\" data-attachment-id=\"13686\" data-permalink=\"http:\/\/blogdalucianaoliveira.com.br\/blog\/2017\/09\/15\/privatizacao-da-eletrobras-ira-gerar-novo-apagao-dizem-entidades\/priva\/\" data-orig-file=\"https:\/\/i0.wp.com\/blogdalucianaoliveira.com.br\/blog\/wp-content\/uploads\/2017\/09\/priva.jpg?fit=640%2C428\" data-orig-size=\"640,428\" data-comments-opened=\"0\" data-image-meta=\"{&quot;aperture&quot;:&quot;0&quot;,&quot;credit&quot;:&quot;&quot;,&quot;camera&quot;:&quot;&quot;,&quot;caption&quot;:&quot;&quot;,&quot;created_timestamp&quot;:&quot;0&quot;,&quot;copyright&quot;:&quot;&quot;,&quot;focal_length&quot;:&quot;0&quot;,&quot;iso&quot;:&quot;0&quot;,&quot;shutter_speed&quot;:&quot;0&quot;,&quot;title&quot;:&quot;&quot;,&quot;orientation&quot;:&quot;0&quot;}\" data-image-title=\"priva\" data-image-description=\"\" data-image-caption=\"\" data-medium-file=\"https:\/\/i0.wp.com\/blogdalucianaoliveira.com.br\/blog\/wp-content\/uploads\/2017\/09\/priva.jpg?fit=300%2C201\" data-large-file=\"https:\/\/i0.wp.com\/blogdalucianaoliveira.com.br\/blog\/wp-content\/uploads\/2017\/09\/priva.jpg?fit=600%2C401\" src=\"https:\/\/i0.wp.com\/blogdalucianaoliveira.com.br\/blog\/wp-content\/uploads\/2017\/09\/priva.jpg?resize=600%2C401\" alt=\"priva\" width=\"600\" height=\"401\" class=\"alignnone size-full wp-image-13686\" srcset=\"https:\/\/i0.wp.com\/blogdalucianaoliveira.com.br\/blog\/wp-content\/uploads\/2017\/09\/priva.jpg?w=640 640w, https:\/\/i0.wp.com\/blogdalucianaoliveira.com.br\/blog\/wp-content\/uploads\/2017\/09\/priva.jpg?resize=300%2C201 300w, https:\/\/i0.wp.com\/blogdalucianaoliveira.com.br\/blog\/wp-content\/uploads\/2017\/09\/priva.jpg?resize=449%2C300 449w\" sizes=\"auto, (max-width: 600px) 100vw, 600px\" \/><\/p>\n<p>Organiza\u00e7\u00f5es e parlamentares lan\u00e7am campanha \u201cEnergia n\u00e3o \u00e9 mercadoria\u201d<!--more--><\/p>\n<p>Brasil de Fato | Bras\u00edlia (DF), Rafael Tatemoto &#8211; O an\u00fancio feito pelo governo Michel Temer, do PMDB, sobre a inten\u00e7\u00e3o de privatizar o sistema Eletrobras, respons\u00e1vel pela gera\u00e7\u00e3o e transmiss\u00e3o de energia no pa\u00eds, levou uma s\u00e9rie de entidades sindicais e movimentos populares a lan\u00e7arem a campanha \u201cEnergia n\u00e3o \u00e9 mercadoria\u201d, em alian\u00e7a com parlamentares da oposi\u00e7\u00e3o.<\/p>\n<p>Para Icaro Barreto, diretor do Sindicato dos Urbanit\u00e1rios no Distrito Federal, que comp\u00f5e a iniciativa, a possibilidade de privatiza\u00e7\u00e3o trar\u00e1 consequ\u00eancias relacionadas \u00e0 soberania nacional, ao custo da energia e ao futuro da economia nacional. Haveria ainda, segundo ele, o risco de uma nova crise de abastecimento. <\/p>\n<p>\u201cA curto prazo, a privatiza\u00e7\u00e3o vai trazer de cara o aumento das tarifas, principalmente para os pequenos empres\u00e1rios e tamb\u00e9m para o consumidor residencial. A m\u00e9dio e longo prazo, vai gerar um problema de desabastecimento s\u00e9rio, parecido com o vivido em 2001 com o apag\u00e3o. Historicamente, desde que o setor el\u00e9trico come\u00e7ou no Brasil, s\u00f3 quem investe na expans\u00e3o do sistema el\u00e9trico brasileiro s\u00e3o as empresas estatais\u201d, diz.<\/p>\n<p>Gilberto Cervinski, integrante da dire\u00e7\u00e3o nacional do Movimento dos Atingidos por Barragens (MAB), que tamb\u00e9m integra a campanha, afirma que n\u00e3o s\u00f3 os pre\u00e7os aumentar\u00e3o como n\u00e3o ter\u00e3o condi\u00e7\u00f5es de diminuir, o que pode acontecer se a Eletrobras continuar sob controle estatal. <\/p>\n<p>\u201cAs usinas e linhas de transmiss\u00e3o s\u00e3o amortizadas. Se pegar o exemplo de Belo Monte, uma usina nova, quem paga \u00e9 a popula\u00e7\u00e3o. A Belo Monte tem um valor, no caso, R$ 30 bilh\u00f5es. Esse valor \u00e9 distribu\u00eddo na conta de luz que a popula\u00e7\u00e3o paga ao longo dos pr\u00f3ximos 30 anos. Eles querem vender uma coisa do povo para n\u00f3s continuarmos pagando por mais tempo\u201d, explica.<\/p>\n<p>Como a Eletrobras ainda \u00e9 respons\u00e1vel pela distribui\u00e7\u00e3o de energia em alguns estados do Norte e Nordeste, a entrega \u00e0 iniciativa privada daria aos controladores acesso ao territ\u00f3rio da Amaz\u00f4nia, pondera Cervinski. <\/p>\n<p>Ele ainda condena o fato de que o valor de venda da empresa estipulado pelo governo \u00e9 muito abaixo de seu valor de mercado. <\/p>\n<p>\u201cEles querem vender por R$ 20 bilh\u00f5es. Para se ter uma ideia, uma usina, a de Jirau, custou R$ 19 bilh\u00f5es e tem 3750 megawatts. A Eletrobras tem 47 mil megawatts. \u00c9 s\u00f3 8% do que ela vale\u201d, finaliza. <\/p>\n<p>Edi\u00e7\u00e3o: Camila Rodrigues da Silva<\/p>\n","protected":false},"excerpt":{"rendered":"<p>Organiza\u00e7\u00f5es e parlamentares lan\u00e7am campanha \u201cEnergia n\u00e3o \u00e9 mercadoria\u201d<\/p>\n","protected":false},"author":1,"featured_media":0,"comment_status":"closed","ping_status":"open","sticky":false,"template":"","format":"standard","meta":{"_exactmetrics_skip_tracking":false,"_exactmetrics_sitenote_active":false,"_exactmetrics_sitenote_note":"","_exactmetrics_sitenote_category":0,"jetpack_post_was_ever_published":false,"_jetpack_newsletter_access":"","_jetpack_dont_email_post_to_subs":false,"_jetpack_newsletter_tier_id":0,"_jetpack_memberships_contains_paywalled_content":false,"_jetpack_memberships_contains_paid_content":false,"footnotes":"","jetpack_publicize_message":"","jetpack_publicize_feature_enabled":true,"jetpack_social_post_already_shared":true,"jetpack_social_options":{"image_generator_settings":{"template":"highway","enabled":false},"version":2}},"categories":[1],"tags":[],"class_list":["post-13685","post","type-post","status-publish","format-standard","hentry","category-notas"],"jetpack_publicize_connections":[],"jetpack_sharing_enabled":true,"jetpack_featured_media_url":"","jetpack_shortlink":"https:\/\/wp.me\/p7wKYW-3yJ","jetpack-related-posts":[],"_links":{"self":[{"href":"http:\/\/blogdalucianaoliveira.com.br\/blog\/wp-json\/wp\/v2\/posts\/13685","targetHints":{"allow":["GET"]}}],"collection":[{"href":"http:\/\/blogdalucianaoliveira.com.br\/blog\/wp-json\/wp\/v2\/posts"}],"about":[{"href":"http:\/\/blogdalucianaoliveira.com.br\/blog\/wp-json\/wp\/v2\/types\/post"}],"author":[{"embeddable":true,"href":"http:\/\/blogdalucianaoliveira.com.br\/blog\/wp-json\/wp\/v2\/users\/1"}],"replies":[{"embeddable":true,"href":"http:\/\/blogdalucianaoliveira.com.br\/blog\/wp-json\/wp\/v2\/comments?post=13685"}],"version-history":[{"count":1,"href":"http:\/\/blogdalucianaoliveira.com.br\/blog\/wp-json\/wp\/v2\/posts\/13685\/revisions"}],"predecessor-version":[{"id":13687,"href":"http:\/\/blogdalucianaoliveira.com.br\/blog\/wp-json\/wp\/v2\/posts\/13685\/revisions\/13687"}],"wp:attachment":[{"href":"http:\/\/blogdalucianaoliveira.com.br\/blog\/wp-json\/wp\/v2\/media?parent=13685"}],"wp:term":[{"taxonomy":"category","embeddable":true,"href":"http:\/\/blogdalucianaoliveira.com.br\/blog\/wp-json\/wp\/v2\/categories?post=13685"},{"taxonomy":"post_tag","embeddable":true,"href":"http:\/\/blogdalucianaoliveira.com.br\/blog\/wp-json\/wp\/v2\/tags?post=13685"}],"curies":[{"name":"wp","href":"https:\/\/api.w.org\/{rel}","templated":true}]}}