{"id":13693,"date":"2017-09-15T19:10:29","date_gmt":"2017-09-15T23:10:29","guid":{"rendered":"http:\/\/blogdalucianaoliveira.com.br\/blog\/?p=13693"},"modified":"2017-09-15T19:11:49","modified_gmt":"2017-09-15T23:11:49","slug":"palhaco-derrota-moro-na-disputa-do-oscar-pelo-brasil","status":"publish","type":"post","link":"http:\/\/blogdalucianaoliveira.com.br\/blog\/2017\/09\/15\/palhaco-derrota-moro-na-disputa-do-oscar-pelo-brasil\/","title":{"rendered":"PALHA\u00c7O \u201cDERROTA\u201d MORO NA DISPUTA DO OSCAR PELO BRASIL"},"content":{"rendered":"<p><img data-recalc-dims=\"1\" loading=\"lazy\" decoding=\"async\" data-attachment-id=\"13694\" data-permalink=\"http:\/\/blogdalucianaoliveira.com.br\/blog\/2017\/09\/15\/palhaco-derrota-moro-na-disputa-do-oscar-pelo-brasil\/img_5094\/\" data-orig-file=\"https:\/\/i0.wp.com\/blogdalucianaoliveira.com.br\/blog\/wp-content\/uploads\/2017\/09\/IMG_5094.jpg?fit=480%2C240\" data-orig-size=\"480,240\" data-comments-opened=\"0\" data-image-meta=\"{&quot;aperture&quot;:&quot;0&quot;,&quot;credit&quot;:&quot;&quot;,&quot;camera&quot;:&quot;&quot;,&quot;caption&quot;:&quot;&quot;,&quot;created_timestamp&quot;:&quot;0&quot;,&quot;copyright&quot;:&quot;&quot;,&quot;focal_length&quot;:&quot;0&quot;,&quot;iso&quot;:&quot;0&quot;,&quot;shutter_speed&quot;:&quot;0&quot;,&quot;title&quot;:&quot;&quot;,&quot;orientation&quot;:&quot;0&quot;}\" data-image-title=\"IMG_5094\" data-image-description=\"\" data-image-caption=\"\" data-medium-file=\"https:\/\/i0.wp.com\/blogdalucianaoliveira.com.br\/blog\/wp-content\/uploads\/2017\/09\/IMG_5094.jpg?fit=300%2C150\" data-large-file=\"https:\/\/i0.wp.com\/blogdalucianaoliveira.com.br\/blog\/wp-content\/uploads\/2017\/09\/IMG_5094.jpg?fit=480%2C240\" src=\"https:\/\/i0.wp.com\/blogdalucianaoliveira.com.br\/blog\/wp-content\/uploads\/2017\/09\/IMG_5094.jpg?resize=480%2C240\" alt=\"IMG_5094\" width=\"480\" height=\"240\" class=\"alignnone size-full wp-image-13694\" srcset=\"https:\/\/i0.wp.com\/blogdalucianaoliveira.com.br\/blog\/wp-content\/uploads\/2017\/09\/IMG_5094.jpg?w=480 480w, https:\/\/i0.wp.com\/blogdalucianaoliveira.com.br\/blog\/wp-content\/uploads\/2017\/09\/IMG_5094.jpg?resize=300%2C150 300w\" sizes=\"auto, (max-width: 480px) 100vw, 480px\" \/><\/p>\n<p>No 247, Do Blog do Esmael &#8211; Bozo \u201cderrota\u201d Moro e vai disputar Oscar pelo Brasil. A chamada \u00e9 do blog Gazeta do Povo, de Curitiba. N\u00e3o \u00e9 para menos tal lam\u00faria do ex-jornal\u00e3o, pois o filme que retrata o \u201chero\u00edsmo\u201d da lava jato \u2014 \u201cPol\u00edcia Federal \u2013 A Lei \u00c9 para Todos\u201d \u2014 \u00e9 um retumbante fracasso de cr\u00edtica e de p\u00fablico. Dito isto, o bom palha\u00e7o Bozo agora \u00e9 o Brasil na disputa do Oscar.<!--more--><\/p>\n<p>&#8220;Bingo \u2013 O Rei das Manh\u00e3s\u201d, longa estrelado por Vladimir Brichta e dirigido por Daniel Rezende, passar\u00e1 pela sele\u00e7\u00e3o em 23 de janeiro de 2018 e, se for escolhido o melhor filme estrangeiro, receber\u00e1 o trof\u00e9u do Oscar no dia 4 de mar\u00e7o.<\/p>\n<p>Assista ao trailer do filme:<\/p>\n<div class=\"jetpack-video-wrapper\"><span class=\"embed-youtube\" style=\"text-align:center; display: block;\"><iframe loading=\"lazy\" class=\"youtube-player\" width=\"600\" height=\"338\" src=\"https:\/\/www.youtube.com\/embed\/Q7whmzvU5YQ?version=3&#038;rel=1&#038;showsearch=0&#038;showinfo=1&#038;iv_load_policy=1&#038;fs=1&#038;hl=pt-BR&#038;autohide=2&#038;wmode=transparent\" allowfullscreen=\"true\" style=\"border:0;\" sandbox=\"allow-scripts allow-same-origin allow-popups allow-presentation allow-popups-to-escape-sandbox\"><\/iframe><\/span><\/div>\n<p>Veja a lista completa de filmes brasileiros que tamb\u00e9m tentaram uma vaga para concorrer ao Oscar:<\/p>\n<p>\u201cA Fam\u00edlia Dionti\u201d (Alan Minas)<\/p>\n<p>\u201cA Gl\u00f3ria e a gra\u00e7a\u201d (Fl\u00e1vio Ramos Tambellini)<\/p>\n<p>\u201cCaf\u00e9 \u2013 Um dedo de prosa\u201d (Maur\u00edcio Squarisi)<\/p>\n<p>\u201cCidades fantasmas\u201d (Tyrell Spencer)<\/p>\n<p>\u201cComo nossos pais\u201d (La\u00eds Bodanzky)<\/p>\n<p>\u201cCorpo el\u00e9trico\u201d (Marcelo Caetano)<\/p>\n<p>\u201cDivinas divas\u201d (Leandra Leal)<\/p>\n<p>\u201cElis\u201d (Hugo Prata)<\/p>\n<p>\u201cEra o hotel Cambridge\u201d (Eliane Caff\u00e9)<\/p>\n<p>\u201cFala comigo\u201d (Felipe Sholl)<\/p>\n<p>\u201cGabriel e a montanha\u201d (Fellipe Barbosa)<\/p>\n<p>\u201cHist\u00f3ria antes da hist\u00f3ria\u201d (Wilson Lazaretti)<\/p>\n<p>\u201cJoaquim\u201d (Marcelo Gomes)<\/p>\n<p>\u201cJo\u00e3o, o maestro\u201d (Mauro Lima)<\/p>\n<p>\u201cLa vingan\u00e7a\u201d (Fernando Fraiha e Jiddu Pinheiro)<\/p>\n<p>\u201cMalasartes e o duelo com a morte\u201d (Paulo Morelli)<\/p>\n<p>\u201cO filme da minha vida\u201d (Selton Mello)<\/p>\n<p>\u201cPol\u00edcia Federal \u2013 A Lei \u00e9 para todos\u201d (Marcelo Antunez)<\/p>\n<p>\u201cPor tr\u00e1s do c\u00e9u\u201d (Caio S\u00f3h)<\/p>\n<p>\u201cQuem \u00e9 Primavera das Neves\u201d (Ana Luiza Azevedo, Jorge Furtado)<\/p>\n<p>\u2018Real \u2013 O plano por tr\u00e1s da hist\u00f3ria\u201d (Rodrigo Bittencourt)<\/p>\n<p>\u201cVazante (Daniela Thomas)<\/p>\n","protected":false},"excerpt":{"rendered":"<p>No 247, Do Blog do Esmael &#8211; Bozo \u201cderrota\u201d Moro e vai disputar Oscar pelo Brasil. A chamada \u00e9 do blog Gazeta do Povo, de Curitiba. N\u00e3o \u00e9 para menos tal lam\u00faria do ex-jornal\u00e3o, pois o filme que retrata o \u201chero\u00edsmo\u201d da lava jato \u2014 \u201cPol\u00edcia Federal \u2013 A Lei \u00c9 para Todos\u201d \u2014 \u00e9&#8230;<a class=\"more-link\" href=\"http:\/\/blogdalucianaoliveira.com.br\/blog\/2017\/09\/15\/palhaco-derrota-moro-na-disputa-do-oscar-pelo-brasil\/\">Continue a leitura <span class=\"meta-nav\">&raquo;<\/span><\/a><\/p>\n","protected":false},"author":1,"featured_media":0,"comment_status":"closed","ping_status":"open","sticky":false,"template":"","format":"standard","meta":{"_exactmetrics_skip_tracking":false,"_exactmetrics_sitenote_active":false,"_exactmetrics_sitenote_note":"","_exactmetrics_sitenote_category":0,"jetpack_post_was_ever_published":false,"_jetpack_newsletter_access":"","_jetpack_dont_email_post_to_subs":false,"_jetpack_newsletter_tier_id":0,"_jetpack_memberships_contains_paywalled_content":false,"_jetpack_memberships_contains_paid_content":false,"footnotes":"","jetpack_publicize_message":"","jetpack_publicize_feature_enabled":true,"jetpack_social_post_already_shared":true,"jetpack_social_options":{"image_generator_settings":{"template":"highway","enabled":false},"version":2}},"categories":[1],"tags":[],"class_list":["post-13693","post","type-post","status-publish","format-standard","hentry","category-notas"],"jetpack_publicize_connections":[],"jetpack_sharing_enabled":true,"jetpack_featured_media_url":"","jetpack_shortlink":"https:\/\/wp.me\/p7wKYW-3yR","jetpack-related-posts":[],"_links":{"self":[{"href":"http:\/\/blogdalucianaoliveira.com.br\/blog\/wp-json\/wp\/v2\/posts\/13693","targetHints":{"allow":["GET"]}}],"collection":[{"href":"http:\/\/blogdalucianaoliveira.com.br\/blog\/wp-json\/wp\/v2\/posts"}],"about":[{"href":"http:\/\/blogdalucianaoliveira.com.br\/blog\/wp-json\/wp\/v2\/types\/post"}],"author":[{"embeddable":true,"href":"http:\/\/blogdalucianaoliveira.com.br\/blog\/wp-json\/wp\/v2\/users\/1"}],"replies":[{"embeddable":true,"href":"http:\/\/blogdalucianaoliveira.com.br\/blog\/wp-json\/wp\/v2\/comments?post=13693"}],"version-history":[{"count":2,"href":"http:\/\/blogdalucianaoliveira.com.br\/blog\/wp-json\/wp\/v2\/posts\/13693\/revisions"}],"predecessor-version":[{"id":13700,"href":"http:\/\/blogdalucianaoliveira.com.br\/blog\/wp-json\/wp\/v2\/posts\/13693\/revisions\/13700"}],"wp:attachment":[{"href":"http:\/\/blogdalucianaoliveira.com.br\/blog\/wp-json\/wp\/v2\/media?parent=13693"}],"wp:term":[{"taxonomy":"category","embeddable":true,"href":"http:\/\/blogdalucianaoliveira.com.br\/blog\/wp-json\/wp\/v2\/categories?post=13693"},{"taxonomy":"post_tag","embeddable":true,"href":"http:\/\/blogdalucianaoliveira.com.br\/blog\/wp-json\/wp\/v2\/tags?post=13693"}],"curies":[{"name":"wp","href":"https:\/\/api.w.org\/{rel}","templated":true}]}}