{"id":1371,"date":"2016-05-31T18:02:35","date_gmt":"2016-05-31T22:02:35","guid":{"rendered":"http:\/\/blogdalucianaoliveira.com.br\/blog\/?p=1371"},"modified":"2016-05-31T18:02:35","modified_gmt":"2016-05-31T22:02:35","slug":"aposentadoria-aos-65-anos-afinal-muito-trabalhador-tera-morrido-antes","status":"publish","type":"post","link":"http:\/\/blogdalucianaoliveira.com.br\/blog\/2016\/05\/31\/aposentadoria-aos-65-anos-afinal-muito-trabalhador-tera-morrido-antes\/","title":{"rendered":"Aposentadoria aos 65 anos. Afinal, muito trabalhador ter\u00e1 morrido antes"},"content":{"rendered":"<p><img data-recalc-dims=\"1\" loading=\"lazy\" decoding=\"async\" data-attachment-id=\"1372\" data-permalink=\"http:\/\/blogdalucianaoliveira.com.br\/blog\/2016\/05\/31\/aposentadoria-aos-65-anos-afinal-muito-trabalhador-tera-morrido-antes\/image-302\/\" data-orig-file=\"https:\/\/i0.wp.com\/blogdalucianaoliveira.com.br\/blog\/wp-content\/uploads\/2016\/05\/image-268.jpeg?fit=469%2C314\" data-orig-size=\"469,314\" data-comments-opened=\"0\" data-image-meta=\"{&quot;aperture&quot;:&quot;0&quot;,&quot;credit&quot;:&quot;&quot;,&quot;camera&quot;:&quot;&quot;,&quot;caption&quot;:&quot;&quot;,&quot;created_timestamp&quot;:&quot;0&quot;,&quot;copyright&quot;:&quot;&quot;,&quot;focal_length&quot;:&quot;0&quot;,&quot;iso&quot;:&quot;0&quot;,&quot;shutter_speed&quot;:&quot;0&quot;,&quot;title&quot;:&quot;&quot;,&quot;orientation&quot;:&quot;0&quot;}\" data-image-title=\"image\" data-image-description=\"\" data-image-caption=\"\" data-medium-file=\"https:\/\/i0.wp.com\/blogdalucianaoliveira.com.br\/blog\/wp-content\/uploads\/2016\/05\/image-268.jpeg?fit=300%2C201\" data-large-file=\"https:\/\/i0.wp.com\/blogdalucianaoliveira.com.br\/blog\/wp-content\/uploads\/2016\/05\/image-268.jpeg?fit=469%2C314\" src=\"https:\/\/i0.wp.com\/blogdalucianaoliveira.com.br\/blog\/wp-content\/uploads\/2016\/05\/image-268.jpeg?resize=469%2C314\" alt=\"image\" width=\"469\" height=\"314\" class=\"alignnone size-full wp-image-1372\" srcset=\"https:\/\/i0.wp.com\/blogdalucianaoliveira.com.br\/blog\/wp-content\/uploads\/2016\/05\/image-268.jpeg?w=469 469w, https:\/\/i0.wp.com\/blogdalucianaoliveira.com.br\/blog\/wp-content\/uploads\/2016\/05\/image-268.jpeg?resize=300%2C201 300w, https:\/\/i0.wp.com\/blogdalucianaoliveira.com.br\/blog\/wp-content\/uploads\/2016\/05\/image-268.jpeg?resize=448%2C300 448w\" sizes=\"auto, (max-width: 469px) 100vw, 469px\" \/><\/p>\n<p>Por Leonardo Sakamoto<\/p>\n<p>Quem defende a imposi\u00e7\u00e3o de uma idade m\u00ednima para a aposentadoria n\u00e3o costuma carregar sacos de cimento nas costas durante toda uma jornada de trabalho, cortar mais de 12 toneladas de cana de a\u00e7\u00facar diariamente e limpar pastos ou colher frutas sob um sol escaldante.<!--more--><\/p>\n<p>Normalmente quem defende somos n\u00f3s, jornalistas, cientistas sociais, economistas, administradores p\u00fablicos e privados, advogados, pol\u00edticos. Pessoas que, pelo contr\u00e1rio, acham um absurdo a lei impor um teto para aposentadoria compuls\u00f3ria no momento em que o conhecimento e a experi\u00eancia reunidos pelo profissional poderia ser \u00fatil para toda a sociedade.<\/p>\n<p>Afinal de contas, o que s\u00e3o 65 anos para n\u00f3s, que trabalhamos em atividades que nos exigem muito mais intelectualmente?<\/p>\n<p>Diante da incapacidade de se colocar no lugar do outro, do trabalhador que depende de sua for\u00e7a f\u00edsica para ganhar o p\u00e3o, no campo e na cidade, esquecemos que seus corpos se degradam a uma velocidade muito maior que a dos nossos. Ou seja, sua expectativa de vida \u00e9 menor que a nossa.<\/p>\n<p>Se estamos falando de trabalhadores com baixa qualifica\u00e7\u00e3o, provavelmente tamb\u00e9m estamos tratando das mesmas pessoas que n\u00e3o puderam completar os estudos e come\u00e7aram a trabalhar desde muito cedo para ajudar no sustento de suas casas. Com 14 anos, j\u00e1 estavam na luta e nem sempre apenas como aprendizes, como manda a lei.<\/p>\n<p>\u00c0s vezes, come\u00e7aram no batente at\u00e9 antes, aos 12, dez ou menos. Afinal de contas vivemos em um pa\u00eds em que acredita-se que o \u201ctrabalho molda o car\u00e1ter de crian\u00e7as&#8221; e no qual \u201co trabalho liberta&#8221;.<\/p>\n<p>Como a ci\u00eancia n\u00e3o inventou pe\u00e7as de reposi\u00e7\u00e3o para todos os \u00f3rg\u00e3o que sejam da mesma qualidade que as originais de f\u00e1brica para a m\u00e1quina humana, os corpos desses trabalhadores j\u00e1 est\u00e3o no limite ap\u00f3s 50, 60 anos garantindo lucro para outras pessoas.<\/p>\n<p>Os s\u00e1bios que est\u00e3o discutindo no Minist\u00e9rio da Fazenda a quest\u00e3o da imposi\u00e7\u00e3o da idade m\u00ednima como requisito, al\u00e9m, \u00e9 claro, do tempo de contribui\u00e7\u00e3o e\/ou de servi\u00e7o, deveriam ter que explicar a proposta, cara a cara, para um grupo de cortadores de cana ou de pedreiros. Sem meias palavras, sem engana\u00e7\u00f5es. O pessoal que desconfia que essa hist\u00f3ria de aumento da expectativa de vida n\u00e3o vale para eles (at\u00e9 porque, devido a fila do SUS, uma consulta demora quatro meses para ser marcada) n\u00e3o vai concordar muito com isso \u2013 para ser leve com as palavras.<\/p>\n<p>O ideal seria melhorarmos a qualidade do trabalho no Brasil, melhorando o sal\u00e1rio e a forma\u00e7\u00e3o do trabalhador que vende sua for\u00e7a f\u00edsica, garantindo a eles e elas qualidade de vida \u2013 seja atrav\u00e9s do desenvolvimento da tecnologia, seja atrav\u00e9s da ado\u00e7\u00e3o de limites mais rigorosos para a explora\u00e7\u00e3o do trabalho. O que tende a aumentar, \u00e9 claro, a produtividade. Mas como isso est\u00e1 longe de acontecer (basta ver a \u201cvida&#8221; dos empregados de frigor\u00edficos em todo o pa\u00eds, que s\u00e3o aposentados por invalidez aos 30 e poucos anos por sequelas deixadas pelo servi\u00e7o), a discuss\u00e3o talvez passe por um regime diferenciado para determinas categorias. E, mesmo assim, a discuss\u00e3o n\u00e3o \u00e9 simples, pois h\u00e1 categorias em que profissionais s\u00e3o levados aos limites e aposentados por danos psicol\u00f3gicos ou chegam aos 60 sem condi\u00e7\u00f5es de desfrutar o merecido descanso.<\/p>\n<p>Por isso, a reforma da Previd\u00eancia Social n\u00e3o pode achar que o Brasil \u00e9 um grande escrit\u00f3rio com ar condicionado. H\u00e1 milh\u00f5es de pessoas, fundamentais para o crescimento do pa\u00eds, que se esfolam a vida inteira e n\u00e3o devem ser deixadas na beira da estrada quando deixarem a popula\u00e7\u00e3o economicamente ativa.<\/p>\n<p>Caso contr\u00e1rio, para que temos um Estado e um pa\u00eds?<\/p>\n","protected":false},"excerpt":{"rendered":"<p>Por Leonardo Sakamoto Quem defende a imposi\u00e7\u00e3o de uma idade m\u00ednima para a aposentadoria n\u00e3o costuma carregar sacos de cimento nas costas durante toda uma jornada de trabalho, cortar mais de 12 toneladas de cana de a\u00e7\u00facar diariamente e limpar pastos ou colher frutas sob um sol escaldante.<\/p>\n","protected":false},"author":1,"featured_media":0,"comment_status":"closed","ping_status":"open","sticky":false,"template":"","format":"standard","meta":{"_exactmetrics_skip_tracking":false,"_exactmetrics_sitenote_active":false,"_exactmetrics_sitenote_note":"","_exactmetrics_sitenote_category":0,"jetpack_post_was_ever_published":false,"_jetpack_newsletter_access":"","_jetpack_dont_email_post_to_subs":false,"_jetpack_newsletter_tier_id":0,"_jetpack_memberships_contains_paywalled_content":false,"_jetpack_memberships_contains_paid_content":false,"footnotes":"","jetpack_publicize_message":"","jetpack_publicize_feature_enabled":true,"jetpack_social_post_already_shared":true,"jetpack_social_options":{"image_generator_settings":{"template":"highway","enabled":false},"version":2}},"categories":[1],"tags":[],"class_list":["post-1371","post","type-post","status-publish","format-standard","hentry","category-notas"],"jetpack_publicize_connections":[],"jetpack_sharing_enabled":true,"jetpack_featured_media_url":"","jetpack_shortlink":"https:\/\/wp.me\/p7wKYW-m7","jetpack-related-posts":[],"_links":{"self":[{"href":"http:\/\/blogdalucianaoliveira.com.br\/blog\/wp-json\/wp\/v2\/posts\/1371","targetHints":{"allow":["GET"]}}],"collection":[{"href":"http:\/\/blogdalucianaoliveira.com.br\/blog\/wp-json\/wp\/v2\/posts"}],"about":[{"href":"http:\/\/blogdalucianaoliveira.com.br\/blog\/wp-json\/wp\/v2\/types\/post"}],"author":[{"embeddable":true,"href":"http:\/\/blogdalucianaoliveira.com.br\/blog\/wp-json\/wp\/v2\/users\/1"}],"replies":[{"embeddable":true,"href":"http:\/\/blogdalucianaoliveira.com.br\/blog\/wp-json\/wp\/v2\/comments?post=1371"}],"version-history":[{"count":1,"href":"http:\/\/blogdalucianaoliveira.com.br\/blog\/wp-json\/wp\/v2\/posts\/1371\/revisions"}],"predecessor-version":[{"id":1373,"href":"http:\/\/blogdalucianaoliveira.com.br\/blog\/wp-json\/wp\/v2\/posts\/1371\/revisions\/1373"}],"wp:attachment":[{"href":"http:\/\/blogdalucianaoliveira.com.br\/blog\/wp-json\/wp\/v2\/media?parent=1371"}],"wp:term":[{"taxonomy":"category","embeddable":true,"href":"http:\/\/blogdalucianaoliveira.com.br\/blog\/wp-json\/wp\/v2\/categories?post=1371"},{"taxonomy":"post_tag","embeddable":true,"href":"http:\/\/blogdalucianaoliveira.com.br\/blog\/wp-json\/wp\/v2\/tags?post=1371"}],"curies":[{"name":"wp","href":"https:\/\/api.w.org\/{rel}","templated":true}]}}