{"id":13710,"date":"2017-09-16T20:08:21","date_gmt":"2017-09-17T00:08:21","guid":{"rendered":"http:\/\/blogdalucianaoliveira.com.br\/blog\/?p=13710"},"modified":"2017-09-16T20:08:21","modified_gmt":"2017-09-17T00:08:21","slug":"limpeza-etnica-faz-370-000-muculmanos-fugirem-de-myanmar-para-bangladesh-em-duas-semana","status":"publish","type":"post","link":"http:\/\/blogdalucianaoliveira.com.br\/blog\/2017\/09\/16\/limpeza-etnica-faz-370-000-muculmanos-fugirem-de-myanmar-para-bangladesh-em-duas-semana\/","title":{"rendered":"\u201cLimpeza \u00e9tnica\u201d faz 370.000 mu\u00e7ulmanos fugirem de Myanmar para Bangladesh em duas semana"},"content":{"rendered":"<p><img data-recalc-dims=\"1\" loading=\"lazy\" decoding=\"async\" data-attachment-id=\"13711\" data-permalink=\"http:\/\/blogdalucianaoliveira.com.br\/blog\/2017\/09\/16\/limpeza-etnica-faz-370-000-muculmanos-fugirem-de-myanmar-para-bangladesh-em-duas-semana\/img_5178\/\" data-orig-file=\"https:\/\/i0.wp.com\/blogdalucianaoliveira.com.br\/blog\/wp-content\/uploads\/2017\/09\/IMG_5178.jpg?fit=980%2C659\" data-orig-size=\"980,659\" data-comments-opened=\"0\" data-image-meta=\"{&quot;aperture&quot;:&quot;0&quot;,&quot;credit&quot;:&quot;&quot;,&quot;camera&quot;:&quot;&quot;,&quot;caption&quot;:&quot;&quot;,&quot;created_timestamp&quot;:&quot;0&quot;,&quot;copyright&quot;:&quot;&quot;,&quot;focal_length&quot;:&quot;0&quot;,&quot;iso&quot;:&quot;0&quot;,&quot;shutter_speed&quot;:&quot;0&quot;,&quot;title&quot;:&quot;&quot;,&quot;orientation&quot;:&quot;0&quot;}\" data-image-title=\"IMG_5178\" data-image-description=\"\" data-image-caption=\"\" data-medium-file=\"https:\/\/i0.wp.com\/blogdalucianaoliveira.com.br\/blog\/wp-content\/uploads\/2017\/09\/IMG_5178.jpg?fit=300%2C202\" data-large-file=\"https:\/\/i0.wp.com\/blogdalucianaoliveira.com.br\/blog\/wp-content\/uploads\/2017\/09\/IMG_5178.jpg?fit=600%2C403\" src=\"https:\/\/i0.wp.com\/blogdalucianaoliveira.com.br\/blog\/wp-content\/uploads\/2017\/09\/IMG_5178.jpg?resize=600%2C403\" alt=\"IMG_5178\" width=\"600\" height=\"403\" class=\"alignnone size-full wp-image-13711\" srcset=\"https:\/\/i0.wp.com\/blogdalucianaoliveira.com.br\/blog\/wp-content\/uploads\/2017\/09\/IMG_5178.jpg?w=980 980w, https:\/\/i0.wp.com\/blogdalucianaoliveira.com.br\/blog\/wp-content\/uploads\/2017\/09\/IMG_5178.jpg?resize=300%2C202 300w, https:\/\/i0.wp.com\/blogdalucianaoliveira.com.br\/blog\/wp-content\/uploads\/2017\/09\/IMG_5178.jpg?resize=768%2C516 768w, https:\/\/i0.wp.com\/blogdalucianaoliveira.com.br\/blog\/wp-content\/uploads\/2017\/09\/IMG_5178.jpg?resize=446%2C300 446w\" sizes=\"auto, (max-width: 600px) 100vw, 600px\" \/>.   <\/p>\n<p>El Pa\u00eds &#8211; ONU exige que o Governo birman\u00eas encerre opera\u00e7\u00e3o contra o povo rohingya que j\u00e1 deixou 400 mortos.<!--more--><\/p>\n<p>A atual onda de viol\u00eancia no Estado birman\u00eas de Rajine, iniciada em agosto, j\u00e1 levou 370.000 mu\u00e7ulmanos do povo rohingya a fugirem de Myanmar para o vizinho Bangladesh, segundo estimativas da Organiza\u00e7\u00e3o Internacional para as Migra\u00e7\u00f5es (OIM). O alto-comiss\u00e1rio da ONU para os Direitos Humanos denunciou que Myanmar est\u00e1 promovendo uma \u201climpeza \u00e9tnica de manual\u201d.<\/p>\n<p>O novo balan\u00e7o da OIM representa um claro aumento com rela\u00e7\u00e3o \u00e0 estimativa anterior, de 313.000 rohingyas refugiados em Bangladesh desde 25 de agosto. \u201cO sistema est\u00e1 claramente no m\u00e1ximo da sua capacidade e necessita todo o apoio poss\u00edvel\u201d, afirmou nesta ter\u00e7a-feira o porta-voz da OIM, Leonard Doyle, em Genebra (Su\u00ed\u00e7a). Ele evitou fazer um progn\u00f3stico sobre o aumento do fluxo de refugiados esperado pela organiza\u00e7\u00e3o.<\/p>\n<p>&#8220;As estimativas foram claramente superadas em v\u00e1rias ocasi\u00f5es&#8221;, afirmou. &#8220;Sou relutante em dar uma cifra, mas obviamente as pessoas temem que possa ser muito maior&#8221;, afirmou. Vivian Tan, porta-voz do Alto Comissariado das Na\u00e7\u00f5es Unidas para os Refugiados (ACNUR), tamb\u00e9m confirmou a cifra de 370.000 refugiados rohingyas chegados a Bangladesh.<\/p>\n<p>A \u00faltima onda de viol\u00eancia no Estado de Rajine come\u00e7ou em 25 de agosto, com uma s\u00e9rie de ataques de milicianos rohingyas contra as for\u00e7as de seguran\u00e7a e o Ex\u00e9rcito de Myanmar (antiga Birm\u00e2nia). A contraofensiva militar birmanesa e os confrontos posteriores deixaram pelo menos 400 mortos e, desde aquele dia, o fluxo de civis rohingyas que fugiram para Bangladesh n\u00e3o parou de crescer, at\u00e9 superar nesta semana as 300.000 pessoas.<\/p>\n<p>O alto-comiss\u00e1rio da ONU para os Direitos Humanos, Zeid Ra\u2019ad al Husein, denunciou nesta segunda-feira ao Conselho de Direitos Humanos da ONU que est\u00e1 ocorrendo em Myanmar uma \u201climpeza \u00e9tnica de manual\u201d contra os rohingyas, e exigiu que o Governo birman\u00eas ponha fim \u00e0 opera\u00e7\u00e3o militar em Rajine. O Conselho de Seguran\u00e7a da ONU deve se reunir nesta quarta-feira para discutir essa crise.<\/p>\n<p>A China, por sua vez, declarou que apoia as autoridades birmanesas em seu esfor\u00e7o de \u201cpreservar a estabilidade de seu desenvolvimento nacional\u201d, segundo um porta-voz da chancelaria em Pequim. A conselheira de Estado (primeira-ministra) de Myanmar, Aung San Suu Kyi, s\u00edmbolo da defesa da democracia na \u00c1sia e ganhadora do Nobel da Paz, recebeu cr\u00edticas, entre elas do Dalai Lama, por sua ina\u00e7\u00e3o.<\/p>\n","protected":false},"excerpt":{"rendered":"<p>. El Pa\u00eds &#8211; ONU exige que o Governo birman\u00eas encerre opera\u00e7\u00e3o contra o povo rohingya que j\u00e1 deixou 400 mortos.<\/p>\n","protected":false},"author":1,"featured_media":0,"comment_status":"closed","ping_status":"open","sticky":false,"template":"","format":"standard","meta":{"_exactmetrics_skip_tracking":false,"_exactmetrics_sitenote_active":false,"_exactmetrics_sitenote_note":"","_exactmetrics_sitenote_category":0,"jetpack_post_was_ever_published":false,"_jetpack_newsletter_access":"","_jetpack_dont_email_post_to_subs":false,"_jetpack_newsletter_tier_id":0,"_jetpack_memberships_contains_paywalled_content":false,"_jetpack_memberships_contains_paid_content":false,"footnotes":"","jetpack_publicize_message":"","jetpack_publicize_feature_enabled":true,"jetpack_social_post_already_shared":true,"jetpack_social_options":{"image_generator_settings":{"template":"highway","enabled":false},"version":2}},"categories":[1],"tags":[],"class_list":["post-13710","post","type-post","status-publish","format-standard","hentry","category-notas"],"jetpack_publicize_connections":[],"jetpack_sharing_enabled":true,"jetpack_featured_media_url":"","jetpack_shortlink":"https:\/\/wp.me\/p7wKYW-3z8","jetpack-related-posts":[],"_links":{"self":[{"href":"http:\/\/blogdalucianaoliveira.com.br\/blog\/wp-json\/wp\/v2\/posts\/13710","targetHints":{"allow":["GET"]}}],"collection":[{"href":"http:\/\/blogdalucianaoliveira.com.br\/blog\/wp-json\/wp\/v2\/posts"}],"about":[{"href":"http:\/\/blogdalucianaoliveira.com.br\/blog\/wp-json\/wp\/v2\/types\/post"}],"author":[{"embeddable":true,"href":"http:\/\/blogdalucianaoliveira.com.br\/blog\/wp-json\/wp\/v2\/users\/1"}],"replies":[{"embeddable":true,"href":"http:\/\/blogdalucianaoliveira.com.br\/blog\/wp-json\/wp\/v2\/comments?post=13710"}],"version-history":[{"count":1,"href":"http:\/\/blogdalucianaoliveira.com.br\/blog\/wp-json\/wp\/v2\/posts\/13710\/revisions"}],"predecessor-version":[{"id":13712,"href":"http:\/\/blogdalucianaoliveira.com.br\/blog\/wp-json\/wp\/v2\/posts\/13710\/revisions\/13712"}],"wp:attachment":[{"href":"http:\/\/blogdalucianaoliveira.com.br\/blog\/wp-json\/wp\/v2\/media?parent=13710"}],"wp:term":[{"taxonomy":"category","embeddable":true,"href":"http:\/\/blogdalucianaoliveira.com.br\/blog\/wp-json\/wp\/v2\/categories?post=13710"},{"taxonomy":"post_tag","embeddable":true,"href":"http:\/\/blogdalucianaoliveira.com.br\/blog\/wp-json\/wp\/v2\/tags?post=13710"}],"curies":[{"name":"wp","href":"https:\/\/api.w.org\/{rel}","templated":true}]}}