{"id":13720,"date":"2017-09-18T09:43:21","date_gmt":"2017-09-18T13:43:21","guid":{"rendered":"http:\/\/blogdalucianaoliveira.com.br\/blog\/?p=13720"},"modified":"2017-09-18T09:43:21","modified_gmt":"2017-09-18T13:43:21","slug":"a-pergunta-que-nao-quer-calar-e-o-aecio","status":"publish","type":"post","link":"http:\/\/blogdalucianaoliveira.com.br\/blog\/2017\/09\/18\/a-pergunta-que-nao-quer-calar-e-o-aecio\/","title":{"rendered":"A PERGUNTA QUE N\u00c3O QUER CALAR: E O A\u00c9CIO?"},"content":{"rendered":"<p><img data-recalc-dims=\"1\" loading=\"lazy\" decoding=\"async\" data-attachment-id=\"13723\" data-permalink=\"http:\/\/blogdalucianaoliveira.com.br\/blog\/2017\/09\/18\/a-pergunta-que-nao-quer-calar-e-o-aecio\/ae-7\/\" data-orig-file=\"https:\/\/i0.wp.com\/blogdalucianaoliveira.com.br\/blog\/wp-content\/uploads\/2017\/09\/ae.jpg?fit=980%2C549\" data-orig-size=\"980,549\" data-comments-opened=\"0\" data-image-meta=\"{&quot;aperture&quot;:&quot;0&quot;,&quot;credit&quot;:&quot;&quot;,&quot;camera&quot;:&quot;&quot;,&quot;caption&quot;:&quot;&quot;,&quot;created_timestamp&quot;:&quot;0&quot;,&quot;copyright&quot;:&quot;&quot;,&quot;focal_length&quot;:&quot;0&quot;,&quot;iso&quot;:&quot;0&quot;,&quot;shutter_speed&quot;:&quot;0&quot;,&quot;title&quot;:&quot;&quot;,&quot;orientation&quot;:&quot;0&quot;}\" data-image-title=\"ae\" data-image-description=\"\" data-image-caption=\"\" data-medium-file=\"https:\/\/i0.wp.com\/blogdalucianaoliveira.com.br\/blog\/wp-content\/uploads\/2017\/09\/ae.jpg?fit=300%2C168\" data-large-file=\"https:\/\/i0.wp.com\/blogdalucianaoliveira.com.br\/blog\/wp-content\/uploads\/2017\/09\/ae.jpg?fit=600%2C336\" src=\"https:\/\/i0.wp.com\/blogdalucianaoliveira.com.br\/blog\/wp-content\/uploads\/2017\/09\/ae.jpg?resize=600%2C336\" alt=\"ae\" width=\"600\" height=\"336\" class=\"alignnone size-full wp-image-13723\" srcset=\"https:\/\/i0.wp.com\/blogdalucianaoliveira.com.br\/blog\/wp-content\/uploads\/2017\/09\/ae.jpg?w=980 980w, https:\/\/i0.wp.com\/blogdalucianaoliveira.com.br\/blog\/wp-content\/uploads\/2017\/09\/ae.jpg?resize=300%2C168 300w, https:\/\/i0.wp.com\/blogdalucianaoliveira.com.br\/blog\/wp-content\/uploads\/2017\/09\/ae.jpg?resize=768%2C430 768w, https:\/\/i0.wp.com\/blogdalucianaoliveira.com.br\/blog\/wp-content\/uploads\/2017\/09\/ae.jpg?resize=536%2C300 536w\" sizes=\"auto, (max-width: 600px) 100vw, 600px\" \/><\/p>\n<p>No The Intercept &#8211; DELA\u00c7\u00d5ES, INQU\u00c9RITOS, den\u00fancias, senten\u00e7as. A cada dia n\u00e3o param de surgir nomes de pol\u00edticos envolvidos em esc\u00e2ndalos nos quatro cantos do pa\u00eds. Com a divulga\u00e7\u00e3o da dela\u00e7\u00e3o da JBS h\u00e1 quatro meses, um nome dado como certo para cair de vez nas garras da Justi\u00e7a era o do senador e candidato derrotado \u00e0 presid\u00eancia em 2014, A\u00e9cio Neves (PSDB-MG). Gravado pedindo R$ 2 milh\u00f5es a Joesley Batista, dono da empresa, ele chegou a ser afastado de suas fun\u00e7\u00f5es parlamentares, mas retornou em julho. Agora, procura ser discreto, enquanto aguarda que o Supremo Tribunal Federal (STF) decida por um pedido de pris\u00e3o pendente, feito pela Procuradoria Geral da Rep\u00fablica (PGR). Ao todo, A\u00e9cio responde a nove inqu\u00e9ritos na Corte, mas segue inc\u00f3lume.<!--more--><\/p>\n<p>No STF, tr\u00eas dos nove procedimentos contra A\u00e9cio est\u00e3o nas m\u00e3os do ministro Gilmar Mendes. Em abril deste ano, os dois tiveram uma conversa no telefone gravada pela Pol\u00edcia Federal em que o senador pedia apoio ao magistrado para um projeto em tramita\u00e7\u00e3o no Congresso. Nada demais, por\u00e9m, para um ministro que n\u00e3o se sente impedido de julgar processos de um empres\u00e1rio de \u00f4nibus do qual foi padrinho de casamento da filha.<\/p>\n<p>Um dos inqu\u00e9ritos que ca\u00edram no colo de Gilmar Mendes \u00e9 o 4444, que investiga A\u00e9cio por suposto recebimento de dinheiro ilegal da Odebrecht para sua derrotada campanha presidencial de 2014. O magistrado \u00e9 tamb\u00e9m relator do inqu\u00e9rito  4244, que apura a participa\u00e7\u00e3o do senador num suposto esquema de propina em Furnas, e do 4246, que averigua suposta atua\u00e7\u00e3o do parlamentar para maquiar dados da CPI dos Correios a fim de embara\u00e7ar a apura\u00e7\u00e3o do caso conhecido como \u201cmensal\u00e3o do PSDB\u201c.<\/p>\n<p>O caso mais emblem\u00e1tico, no entanto, \u00e9 o que envolve a grava\u00e7\u00e3o, feita por Joesley Batista, em que A\u00e9cio pede R$ 2 milh\u00f5es. Com a relatoria do ministro Marco Aur\u00e9lio Mello, o STF abriu o inqu\u00e9rito 4506. Os crimes investigados s\u00e3o corrup\u00e7\u00e3o passiva e lavagem de dinheiro.<\/p>\n<p>Primo e irm\u00e3 foram presos<\/p>\n<p>No dia seguinte \u00e0 grava\u00e7\u00e3o que encurralou A\u00e9cio, a PF prendeu Frederico Pacheco de Madeira, o primo que o senador escolheu para pegar as remessas de dinheiro da JBS. Fred \u00e9 ex-diretor da Companhia Energ\u00e9tica de Minas Gerais (Cemig) e foi um dos coordenadores da campanha do tucano \u00e0 Presid\u00eancia em 2014. Na mesma opera\u00e7\u00e3o, a irm\u00e3 do senador, a jornalista Andrea Neves, tamb\u00e9m foi presa. Posteriormente, Fred e Andrea foram soltos para cumprir pris\u00e3o domiciliar.<\/p>\n<p>O grampo da JBS causou uma desidrata\u00e7\u00e3o na popularidade de A\u00e9cio como h\u00e1 muito n\u00e3o se via na pol\u00edtica brasileira. Pesquisa do Instituto Vox Populi revelou que o tucano baixou de 9% para m\u00edsero 1% de inten\u00e7\u00f5es de voto numa eventual candidatura \u00e0 presid\u00eancia. De l\u00e1 pra c\u00e1, A\u00e9cio chegou a ter o mandato suspenso pelo STF, mas a decis\u00e3o foi revertida. Logo em seguida, a PGR refor\u00e7ou novamente o pedido de pris\u00e3o, ainda sem previs\u00e3o de entrar na pauta.<\/p>\n<p>O novo pedido de pris\u00e3o contra A\u00e9cio, feito no final de julho pelo procurador-geral da Rep\u00fablica, Rodrigo Janot, \u00e9 um recurso \u00e0 decis\u00e3o monocr\u00e1tica de Marco Aur\u00e9lio, que negou a pris\u00e3o do tucano em junho. O ministro pode rever sua decis\u00e3o individualmente e determinar a pris\u00e3o de A\u00e9cio. Se ele mantiver a decis\u00e3o de n\u00e3o prend\u00ea-lo, o caso dever\u00e1 ser julgado pela Primeira Turma, formada tamb\u00e9m por Lu\u00eds Roberto Barroso, Rosa Weber, Luiz Fux e Alexandre de Moraes.<\/p>\n<p>Ao refor\u00e7ar o pedido de pris\u00e3o, Janot anexou uma foto que havia sido postada nas redes sociais do tucano, no dia 30 de maio, na qual ele aparece em reuni\u00e3o com  os tamb\u00e9m senadores do PSDB Tasso Jereissati (CE), Antonio Anastasia (MG), Jos\u00e9 Serra (SP) e C\u00e1ssio Cunha Lima (PB). Para o procurador-geral, a foto provava que o afastamento de A\u00e9cio do mandato n\u00e3o tinha sido suficiente para minimizar o risco de novos delitos e preju\u00edzo \u00e0s investiga\u00e7\u00f5es.<\/p>\n<p>Caso o pedido de pris\u00e3o seja novamente negado, a procuradoria pode solicitar que o STF aplique medidas alternativas: monitoramento com tornozeleira eletr\u00f4nica; impedimento de entrar no Congresso ou outra reparti\u00e7\u00e3o p\u00fablica; proibi\u00e7\u00e3o de contato \u201cde qualquer esp\u00e9cie\u201d com investigados na Lava Jato e entrega do passaporte, para n\u00e3o deixar o Brasil.<\/p>\n<p>Com a vida tumultuada, A\u00e9cio deixou a presid\u00eancia do PSDB. Em seu lugar, assumiu o senador Tasso Jereissati (CE), que capitaneou, no in\u00edcio da crise pol\u00edtica, a tentativa de deixar Temer a ver navios. O senador chegou a afirmar que a posi\u00e7\u00e3o dos tucanos estava \u201ccada vez mais clara\u201c, no sentido de desembarque do governo, o que acabou n\u00e3o ocorrendo.<\/p>\n<p>PSDB dividido<\/p>\n<p>Enquanto A\u00e9cio mantinha uma afinidade pol\u00edtico-ideol\u00f3gica com Temer, Jereissati demonstra que prefere manter o presidente \u00e0 dist\u00e2ncia. \u201cO PSDB continua metade governista, metade oposi\u00e7\u00e3o, e isso n\u00e3o mudou\u201d, avalia Daniel Coelho (PSDB-PE), um dos l\u00edderes da ala chamada de \u201ccabe\u00e7as-pretas\u201d, segmento jovem tucano que defende o rompimento imediato com o governo.<\/p>\n<p>A vota\u00e7\u00e3o da primeira den\u00fancia criminal contra Temer, realizada no in\u00edcio de agosto, mostra bem a divis\u00e3o no ninho tucano da C\u00e2mara: dos 47 deputados, 22 votaram \u201csim\u201d, para barrar a den\u00fancia, e 21 votaram \u201cn\u00e3o\u201d, pelo prosseguimento. Outros quatro n\u00e3o compareceram \u00e0 vota\u00e7\u00e3o.<\/p>\n<p>Para Coelho, essa cis\u00e3o tem tudo a ver com a indecis\u00e3o sobre o rompimento com o governo. \u201cA divis\u00e3o de grupos \u00e9 praticamente do mesmo tamanho, ent\u00e3o \u00e9 muito dif\u00edcil algu\u00e9m se dar por vencido quando se tem numericamente uma bancada bem dividida em dois times, ao menos em rela\u00e7\u00e3o a esse assunto\u201d, analisa o deputado.<\/p>\n<p>Discreto, mas nem tanto<\/p>\n<p>No Senado, A\u00e9cio vem adotando uma posi\u00e7\u00e3o mais discreta, longe dos holofotes. Nas redes sociais, o tucano agarra-se \u00e0s reformas em discuss\u00e3o no parlamento para se manter presente no debate p\u00fablico brasileiro.<\/p>\n<p>Dia sim, outro tamb\u00e9m, as redes sociais do congressista destacam a aprova\u00e7\u00e3o de alguns itens da reforma pol\u00edtica, como a cl\u00e1usula de barreira e o fim das coliga\u00e7\u00f5es proporcionais, medidas que enfrentam enorme diverg\u00eancia e correm o risco de n\u00e3o serem aprovadas a tempo de come\u00e7ar a valer nas pr\u00f3ximas elei\u00e7\u00f5es<\/p>\n<p>O senador teve papel decisivo na decis\u00e3o do partido de apoiar as reformas do PMDB, mesmo se mantendo formalmente fora do governo \u2013 um meio-termo entre a alian\u00e7a total e o rompimento.<\/p>\n<p>\u201cVamos continuar, independentemente de qualquer coisa, aprovando todos os projetos que s\u00e3o do interesse do pa\u00eds, como a reforma da Previd\u00eancia, por exemplo, a reforma pol\u00edtica, a reforma tribut\u00e1ria, como fizemos at\u00e9 hoje. O que n\u00f3s n\u00e3o precisamos \u00e9 de cargos no governo para estar fazendo isso\u201d, diz trecho da nota divulgada na \u00e9poca da reconcilia\u00e7\u00e3o dos tucanos com o governo.<\/p>\n<p>Expectativa para conven\u00e7\u00e3o  <\/p>\n<p>H\u00e1 uma expectativa no ninho tucano para a conven\u00e7\u00e3o nacional de dezembro, que escolher\u00e1 o novo presidente da legenda.<\/p>\n<p>A avalia\u00e7\u00e3o de um dirigente \u00e9 que a elei\u00e7\u00e3o dar\u00e1 mais f\u00f4lego para o processo de escolha do tucano que concorrer\u00e1 \u00e0 presid\u00eancia do Brasil em 2018. Na avalia\u00e7\u00e3o desse mesmo dirigente, o senador A\u00e9cio Neves n\u00e3o deve voltar a comandar t\u00e3o cedo o partido, tampouco ser\u00e1 candidato no ano que vem.<\/p>\n","protected":false},"excerpt":{"rendered":"<p>No The Intercept &#8211; DELA\u00c7\u00d5ES, INQU\u00c9RITOS, den\u00fancias, senten\u00e7as. A cada dia n\u00e3o param de surgir nomes de pol\u00edticos envolvidos em esc\u00e2ndalos nos quatro cantos do pa\u00eds. Com a divulga\u00e7\u00e3o da dela\u00e7\u00e3o da JBS h\u00e1 quatro meses, um nome dado como certo para cair de vez nas garras da Justi\u00e7a era o do senador e candidato&#8230;<a class=\"more-link\" href=\"http:\/\/blogdalucianaoliveira.com.br\/blog\/2017\/09\/18\/a-pergunta-que-nao-quer-calar-e-o-aecio\/\">Continue a leitura <span class=\"meta-nav\">&raquo;<\/span><\/a><\/p>\n","protected":false},"author":1,"featured_media":0,"comment_status":"closed","ping_status":"open","sticky":false,"template":"","format":"standard","meta":{"_exactmetrics_skip_tracking":false,"_exactmetrics_sitenote_active":false,"_exactmetrics_sitenote_note":"","_exactmetrics_sitenote_category":0,"jetpack_post_was_ever_published":false,"_jetpack_newsletter_access":"","_jetpack_dont_email_post_to_subs":false,"_jetpack_newsletter_tier_id":0,"_jetpack_memberships_contains_paywalled_content":false,"_jetpack_memberships_contains_paid_content":false,"footnotes":"","jetpack_publicize_message":"","jetpack_publicize_feature_enabled":true,"jetpack_social_post_already_shared":true,"jetpack_social_options":{"image_generator_settings":{"template":"highway","enabled":false},"version":2}},"categories":[1],"tags":[],"class_list":["post-13720","post","type-post","status-publish","format-standard","hentry","category-notas"],"jetpack_publicize_connections":[],"jetpack_sharing_enabled":true,"jetpack_featured_media_url":"","jetpack_shortlink":"https:\/\/wp.me\/p7wKYW-3zi","jetpack-related-posts":[],"_links":{"self":[{"href":"http:\/\/blogdalucianaoliveira.com.br\/blog\/wp-json\/wp\/v2\/posts\/13720","targetHints":{"allow":["GET"]}}],"collection":[{"href":"http:\/\/blogdalucianaoliveira.com.br\/blog\/wp-json\/wp\/v2\/posts"}],"about":[{"href":"http:\/\/blogdalucianaoliveira.com.br\/blog\/wp-json\/wp\/v2\/types\/post"}],"author":[{"embeddable":true,"href":"http:\/\/blogdalucianaoliveira.com.br\/blog\/wp-json\/wp\/v2\/users\/1"}],"replies":[{"embeddable":true,"href":"http:\/\/blogdalucianaoliveira.com.br\/blog\/wp-json\/wp\/v2\/comments?post=13720"}],"version-history":[{"count":1,"href":"http:\/\/blogdalucianaoliveira.com.br\/blog\/wp-json\/wp\/v2\/posts\/13720\/revisions"}],"predecessor-version":[{"id":13725,"href":"http:\/\/blogdalucianaoliveira.com.br\/blog\/wp-json\/wp\/v2\/posts\/13720\/revisions\/13725"}],"wp:attachment":[{"href":"http:\/\/blogdalucianaoliveira.com.br\/blog\/wp-json\/wp\/v2\/media?parent=13720"}],"wp:term":[{"taxonomy":"category","embeddable":true,"href":"http:\/\/blogdalucianaoliveira.com.br\/blog\/wp-json\/wp\/v2\/categories?post=13720"},{"taxonomy":"post_tag","embeddable":true,"href":"http:\/\/blogdalucianaoliveira.com.br\/blog\/wp-json\/wp\/v2\/tags?post=13720"}],"curies":[{"name":"wp","href":"https:\/\/api.w.org\/{rel}","templated":true}]}}