{"id":13728,"date":"2017-09-18T09:47:07","date_gmt":"2017-09-18T13:47:07","guid":{"rendered":"http:\/\/blogdalucianaoliveira.com.br\/blog\/?p=13728"},"modified":"2017-09-18T09:47:07","modified_gmt":"2017-09-18T13:47:07","slug":"condominio-em-rio-branco-manda-proprietario-apagar-muro-com-personalidades-da-esquerda","status":"publish","type":"post","link":"http:\/\/blogdalucianaoliveira.com.br\/blog\/2017\/09\/18\/condominio-em-rio-branco-manda-proprietario-apagar-muro-com-personalidades-da-esquerda\/","title":{"rendered":"Condom\u00ednio em Rio Branco manda propriet\u00e1rio apagar muro com personalidades da esquerda"},"content":{"rendered":"<p><img data-recalc-dims=\"1\" loading=\"lazy\" decoding=\"async\" data-attachment-id=\"13729\" data-permalink=\"http:\/\/blogdalucianaoliveira.com.br\/blog\/2017\/09\/18\/condominio-em-rio-branco-manda-proprietario-apagar-muro-com-personalidades-da-esquerda\/es-3\/\" data-orig-file=\"https:\/\/i0.wp.com\/blogdalucianaoliveira.com.br\/blog\/wp-content\/uploads\/2017\/09\/es.jpg?fit=600%2C399\" data-orig-size=\"600,399\" data-comments-opened=\"0\" data-image-meta=\"{&quot;aperture&quot;:&quot;0&quot;,&quot;credit&quot;:&quot;&quot;,&quot;camera&quot;:&quot;&quot;,&quot;caption&quot;:&quot;&quot;,&quot;created_timestamp&quot;:&quot;0&quot;,&quot;copyright&quot;:&quot;&quot;,&quot;focal_length&quot;:&quot;0&quot;,&quot;iso&quot;:&quot;0&quot;,&quot;shutter_speed&quot;:&quot;0&quot;,&quot;title&quot;:&quot;&quot;,&quot;orientation&quot;:&quot;0&quot;}\" data-image-title=\"es\" data-image-description=\"\" data-image-caption=\"\" data-medium-file=\"https:\/\/i0.wp.com\/blogdalucianaoliveira.com.br\/blog\/wp-content\/uploads\/2017\/09\/es.jpg?fit=300%2C200\" data-large-file=\"https:\/\/i0.wp.com\/blogdalucianaoliveira.com.br\/blog\/wp-content\/uploads\/2017\/09\/es.jpg?fit=600%2C399\" src=\"https:\/\/i0.wp.com\/blogdalucianaoliveira.com.br\/blog\/wp-content\/uploads\/2017\/09\/es.jpg?resize=600%2C399\" alt=\"es\" width=\"600\" height=\"399\" class=\"alignnone size-full wp-image-13729\" srcset=\"https:\/\/i0.wp.com\/blogdalucianaoliveira.com.br\/blog\/wp-content\/uploads\/2017\/09\/es.jpg?w=600 600w, https:\/\/i0.wp.com\/blogdalucianaoliveira.com.br\/blog\/wp-content\/uploads\/2017\/09\/es.jpg?resize=300%2C200 300w, https:\/\/i0.wp.com\/blogdalucianaoliveira.com.br\/blog\/wp-content\/uploads\/2017\/09\/es.jpg?resize=451%2C300 451w\" sizes=\"auto, (max-width: 600px) 100vw, 600px\" \/><\/p>\n<p>Do facebook de Altino Machado<\/p>\n<p>Este \u00e9 o muro da casa dos ex-deputados Edvaldo Magalh\u00e3es e Perp\u00e9tua Almeida, no condom\u00ednio Ip\u00ea, em Rio Branco. Embora seja condom\u00ednio de classe m\u00e9dia alta do Acre (n\u00e3o confundir com classe m\u00e9dia alta do Rio, S\u00e3o Paulo etc., por exemplo), o muro do Ip\u00ea parecia muro de terreno abandonado de qualquer cidade. <!--more--><\/p>\n<p>O casal, filiado ao PCdoB, contratou alguns grafiteiros e pediu para que desenhassem imagens de nossos recursos naturais, de personagens da hist\u00f3ria do Acre, do Brasil e do mundo, na parte externa do muro de sua casa. A\u00ed come\u00e7ou a controv\u00e9rsia, de vi\u00e9s ideol\u00f3gico, puxada pelos vizinhos em nome de supostas regras do condom\u00ednio. Edvaldo e Perp\u00e9tua foram notificados pelo s\u00edndico a apagarem os grafites em 10 dias \u2013 o prazo vence dia 25. Foram advertidos que, caso n\u00e3o apaguem, ser\u00e1 usada tinta cinza para cobrir os desenhos -a mesma usada pelo prefeito Jo\u00e3o D\u00f3ria em S\u00e3o Paulo- e ter\u00e3o que reembolsar o valor da despesa.<\/p>\n","protected":false},"excerpt":{"rendered":"<p>Do facebook de Altino Machado Este \u00e9 o muro da casa dos ex-deputados Edvaldo Magalh\u00e3es e Perp\u00e9tua Almeida, no condom\u00ednio Ip\u00ea, em Rio Branco. Embora seja condom\u00ednio de classe m\u00e9dia alta do Acre (n\u00e3o confundir com classe m\u00e9dia alta do Rio, S\u00e3o Paulo etc., por exemplo), o muro do Ip\u00ea parecia muro de terreno abandonado&#8230;<a class=\"more-link\" href=\"http:\/\/blogdalucianaoliveira.com.br\/blog\/2017\/09\/18\/condominio-em-rio-branco-manda-proprietario-apagar-muro-com-personalidades-da-esquerda\/\">Continue a leitura <span class=\"meta-nav\">&raquo;<\/span><\/a><\/p>\n","protected":false},"author":1,"featured_media":0,"comment_status":"closed","ping_status":"open","sticky":false,"template":"","format":"standard","meta":{"_exactmetrics_skip_tracking":false,"_exactmetrics_sitenote_active":false,"_exactmetrics_sitenote_note":"","_exactmetrics_sitenote_category":0,"jetpack_post_was_ever_published":false,"_jetpack_newsletter_access":"","_jetpack_dont_email_post_to_subs":false,"_jetpack_newsletter_tier_id":0,"_jetpack_memberships_contains_paywalled_content":false,"_jetpack_memberships_contains_paid_content":false,"footnotes":"","jetpack_publicize_message":"","jetpack_publicize_feature_enabled":true,"jetpack_social_post_already_shared":true,"jetpack_social_options":{"image_generator_settings":{"template":"highway","enabled":false},"version":2}},"categories":[1],"tags":[],"class_list":["post-13728","post","type-post","status-publish","format-standard","hentry","category-notas"],"jetpack_publicize_connections":[],"jetpack_sharing_enabled":true,"jetpack_featured_media_url":"","jetpack_shortlink":"https:\/\/wp.me\/p7wKYW-3zq","jetpack-related-posts":[],"_links":{"self":[{"href":"http:\/\/blogdalucianaoliveira.com.br\/blog\/wp-json\/wp\/v2\/posts\/13728","targetHints":{"allow":["GET"]}}],"collection":[{"href":"http:\/\/blogdalucianaoliveira.com.br\/blog\/wp-json\/wp\/v2\/posts"}],"about":[{"href":"http:\/\/blogdalucianaoliveira.com.br\/blog\/wp-json\/wp\/v2\/types\/post"}],"author":[{"embeddable":true,"href":"http:\/\/blogdalucianaoliveira.com.br\/blog\/wp-json\/wp\/v2\/users\/1"}],"replies":[{"embeddable":true,"href":"http:\/\/blogdalucianaoliveira.com.br\/blog\/wp-json\/wp\/v2\/comments?post=13728"}],"version-history":[{"count":1,"href":"http:\/\/blogdalucianaoliveira.com.br\/blog\/wp-json\/wp\/v2\/posts\/13728\/revisions"}],"predecessor-version":[{"id":13731,"href":"http:\/\/blogdalucianaoliveira.com.br\/blog\/wp-json\/wp\/v2\/posts\/13728\/revisions\/13731"}],"wp:attachment":[{"href":"http:\/\/blogdalucianaoliveira.com.br\/blog\/wp-json\/wp\/v2\/media?parent=13728"}],"wp:term":[{"taxonomy":"category","embeddable":true,"href":"http:\/\/blogdalucianaoliveira.com.br\/blog\/wp-json\/wp\/v2\/categories?post=13728"},{"taxonomy":"post_tag","embeddable":true,"href":"http:\/\/blogdalucianaoliveira.com.br\/blog\/wp-json\/wp\/v2\/tags?post=13728"}],"curies":[{"name":"wp","href":"https:\/\/api.w.org\/{rel}","templated":true}]}}