{"id":1374,"date":"2016-05-31T18:17:10","date_gmt":"2016-05-31T22:17:10","guid":{"rendered":"http:\/\/blogdalucianaoliveira.com.br\/blog\/?p=1374"},"modified":"2016-05-31T18:17:10","modified_gmt":"2016-05-31T22:17:10","slug":"cinco-ministros-de-temer-administram-contratos-de-seus-doadores-de-campanha","status":"publish","type":"post","link":"http:\/\/blogdalucianaoliveira.com.br\/blog\/2016\/05\/31\/cinco-ministros-de-temer-administram-contratos-de-seus-doadores-de-campanha\/","title":{"rendered":"Cinco ministros de Temer administram contratos de seus doadores de campanha"},"content":{"rendered":"<p><img data-recalc-dims=\"1\" loading=\"lazy\" decoding=\"async\" data-attachment-id=\"1375\" data-permalink=\"http:\/\/blogdalucianaoliveira.com.br\/blog\/2016\/05\/31\/cinco-ministros-de-temer-administram-contratos-de-seus-doadores-de-campanha\/image-303\/\" data-orig-file=\"https:\/\/i0.wp.com\/blogdalucianaoliveira.com.br\/blog\/wp-content\/uploads\/2016\/05\/image-14.png?fit=906%2C561\" data-orig-size=\"906,561\" data-comments-opened=\"0\" data-image-meta=\"{&quot;aperture&quot;:&quot;0&quot;,&quot;credit&quot;:&quot;&quot;,&quot;camera&quot;:&quot;&quot;,&quot;caption&quot;:&quot;&quot;,&quot;created_timestamp&quot;:&quot;0&quot;,&quot;copyright&quot;:&quot;&quot;,&quot;focal_length&quot;:&quot;0&quot;,&quot;iso&quot;:&quot;0&quot;,&quot;shutter_speed&quot;:&quot;0&quot;,&quot;title&quot;:&quot;&quot;,&quot;orientation&quot;:&quot;0&quot;}\" data-image-title=\"image\" data-image-description=\"\" data-image-caption=\"\" data-medium-file=\"https:\/\/i0.wp.com\/blogdalucianaoliveira.com.br\/blog\/wp-content\/uploads\/2016\/05\/image-14.png?fit=300%2C186\" data-large-file=\"https:\/\/i0.wp.com\/blogdalucianaoliveira.com.br\/blog\/wp-content\/uploads\/2016\/05\/image-14.png?fit=600%2C372\" src=\"https:\/\/i0.wp.com\/blogdalucianaoliveira.com.br\/blog\/wp-content\/uploads\/2016\/05\/image-14.png?resize=600%2C372\" alt=\"image\" width=\"600\" height=\"372\" class=\"alignnone size-full wp-image-1375\" srcset=\"https:\/\/i0.wp.com\/blogdalucianaoliveira.com.br\/blog\/wp-content\/uploads\/2016\/05\/image-14.png?w=906 906w, https:\/\/i0.wp.com\/blogdalucianaoliveira.com.br\/blog\/wp-content\/uploads\/2016\/05\/image-14.png?resize=300%2C186 300w, https:\/\/i0.wp.com\/blogdalucianaoliveira.com.br\/blog\/wp-content\/uploads\/2016\/05\/image-14.png?resize=768%2C476 768w, https:\/\/i0.wp.com\/blogdalucianaoliveira.com.br\/blog\/wp-content\/uploads\/2016\/05\/image-14.png?resize=484%2C300 484w\" sizes=\"auto, (max-width: 600px) 100vw, 600px\" \/><\/p>\n<p>Por Fernando Rodrigues <\/p>\n<p>Pelo menos 5 ministros do governo Michel Temer ser\u00e3o respons\u00e1veis por contratos de empresas que doaram para suas campanhas eleitorais. As empresas t\u00eam contratos com os minist\u00e9rios agora chefiados pelos pol\u00edticos.<!--more--><\/p>\n<p>S\u00e3o eles os ministros Maur\u00edcio Quintella Lessa (Transportes), Raul Jungmann(Defesa), Mendon\u00e7a Filho (Educa\u00e7\u00e3o), Helder Barbalho, (Integra\u00e7\u00e3o Nacional) eBruno Ara\u00fajo (Cidades).<br \/>\nNas Cidades, os contratos s\u00e3o do Minha Casa, Minha Vida, supervisionados pelo Minist\u00e9rio e custeados pela Caixa Econ\u00f4mica Federal.<\/p>\n<p>As informa\u00e7\u00f5es s\u00e3o dos rep\u00f3rteres do UOL<br \/>\nVictor Gomes e Andr\u00e9 Shalders.<\/p>\n<p>Todos os dados utilizados nesta reportagem s\u00e3o p\u00fablicos e podem ser conferidos por meio do Portal da Transpar\u00eancia (gastos dos minist\u00e9rios) e do Sistema de Presta\u00e7\u00e3o de Contas Eleitorais de 2014 (para as doa\u00e7\u00f5es de campanha).<\/p>\n<p>TRANSPORTES<br \/>\nNo Minist\u00e9rio dos Transportes, 3 empreiteiras doaram em 2014 ao ent\u00e3o candidato a deputado federal Maur\u00edcio Quintella Lessa (PR-AL). Em entrevista ao Blog, Quintella elencou como prioridade de sua gest\u00e3o a duplica\u00e7\u00e3o do trecho da BR 101 que liga Alagoas a Pernambuco. A obra \u00e9 tocada pela OAS, que doou R$ 350 mil \u00e0 campanha dele, por meio da dire\u00e7\u00e3o nacional do PR.<\/p>\n<p>No total, a OAS e as empreiteiras Barbosa Mello e Sanches Tripoloni despejaram R$ 600 mil na campanha de Quintella. O dinheiro irrigou as contas do candidato via Dire\u00e7\u00e3o Nacional do PR. Em 2016, as 3 empresas j\u00e1 receberam R$ 145,14 milh\u00f5es em contratos com a Valec e o Dnit, subordinados aos Transportes.<br \/>\nEmbora possa existir no momento algum conflito de interesses, n\u00e3o h\u00e1 irregularidade nas situa\u00e7\u00f5es envolvendo Quintella e os demais pol\u00edticos. As doa\u00e7\u00f5es e os contratos foram feitos antes de os ent\u00e3o candidatos tornarem-se ministros.<\/p>\n<p>INTEGRA\u00c7\u00c3O NACIONAL<br \/>\nO atual titular da pasta, Helder Barbalho, recebeu R$ 530 mil da Queiroz Galv\u00e3o em 2014. Naquele ano, ele concorreu ao cargo de governador do Par\u00e1. Perdeu a disputa. A doa\u00e7\u00e3o foi feita para a Dire\u00e7\u00e3o Nacional do PMDB. Hoje, Helder comanda o minist\u00e9rio respons\u00e1vel pela transposi\u00e7\u00e3o do rio S\u00e3o Francisco, um dos principais projetos da construtora.<\/p>\n<p>S\u00f3 neste ano a Queiroz Galv\u00e3o j\u00e1 recebeu R$ 21,14 milh\u00f5es para tocar as obras do megaprojeto h\u00eddrico.<br \/>\nAo longo da semana passada, Helder teve encontros com representantes das empresas respons\u00e1veis pela transposi\u00e7\u00e3o. O ministro anunciou que ampliar\u00e1 os recursos para o projeto, de R$ 150 milh\u00f5es mensais para R$ 215 milh\u00f5es, em m\u00e9dia. A obra \u00e9 priorit\u00e1ria para o governo de Michel Temer e o objetivo \u00e9 que parte dela seja entregue at\u00e9 dezembro deste ano.<\/p>\n<p>DEFESA<br \/>\nRaul Jungmann (PPS-PE) \u00e9 hoje o titular da Defesa. Em 2016, a Odebrecht j\u00e1 recebeu R$ 278 milh\u00f5es para tocar o programa de desenvolvimento do submarino nuclear brasileiro. A pasta tamb\u00e9m possui contratos menores com outras 8 subsidi\u00e1rias da empreiteira.<\/p>\n<p>Em 2014, a Odebrecht doou R$ 384 mil \u00e0 campanha de Jungmann \u00e0 C\u00e2mara, uma parte diretamente e outra por meio da dire\u00e7\u00e3o estadual do PPS.<\/p>\n<p>CIDADES<br \/>\nBruno Ara\u00fajo (PSDB-PE), hoje ministro das Cidades, recebeu R$ 710 mil de 4 empreiteiras para sua campanha \u00e0 C\u00e2mara em 2014. S\u00e3o elas: Odebrecht (R$ 130 mil), Queiroz Galv\u00e3o (R$ 80 mil), \u00c9tica Construtora (R$ 300 mil) e Sanches Tripoloni (R$ 200 mil).<\/p>\n<p>Com exce\u00e7\u00e3o da \u00c9tica Construtora, as demais participam ou participaram de contratos do Minha Casa Minha Vida, programa de moradias populares subsidiadas pelo governo federal.<br \/>\nAs construtoras n\u00e3o mant\u00eam contratos diretos com o Minist\u00e9rio das Cidades, mas a pasta \u00e9 respons\u00e1vel pela supervis\u00e3o e pela gest\u00e3o do programa. Os pagamentos s\u00e3o feitos pela Caixa Econ\u00f4mica Federal.<\/p>\n<p>EDUCA\u00c7\u00c3O<br \/>\nO atual titular do minist\u00e9rio \u00e9 o deputado federal Mendon\u00e7a Filho (DEM-PE). Em 2014, ele recebeu R$ 100 mil do frigor\u00edfico JBS para sua campanha \u00e0 C\u00e2mara. S\u00f3 neste ano, a empresa ganhou R$ 123 mil em um contrato com a Universidade Federal de S\u00e3o Carlos (UFSCar), ligada ao MEC.<\/p>\n<p>OUTROS LADOS<br \/>\nTodos os minist\u00e9rios e pol\u00edticos citados na reportagem foram procurados pelo Blog.<\/p>\n<p>A assessoria do Minist\u00e9rio dos Transportes informou que as doa\u00e7\u00f5es feitas por empresas eram legalmente permitidas na \u00e9poca da campanha do deputado Maur\u00edcio Quintella e que suas contas foram aprovadas pela Justi\u00e7a Eleitoral.<br \/>\nA assessoria do Minist\u00e9rio das Cidades disse por telefone que as doa\u00e7\u00f5es aos ent\u00e3o candidatos a deputado foram feitas dentro da lei e s\u00e3o anteriores \u00e0 posse de Ara\u00fajo como ministro.<br \/>\nAs assessorias do MEC, do Minist\u00e9rio da Integra\u00e7\u00e3o Nacional e do Minist\u00e9rio da Defesa enviaram notas. Eis as \u00edntegras:<br \/>\nMinist\u00e9rio da Integra\u00e7\u00e3o:<br \/>\n1) O contrato do Minist\u00e9rio da Integra\u00e7\u00e3o Nacional com a Construtora Queiroz Galv\u00e3o foi fechado em 27\/9\/2013 e prev\u00ea a execu\u00e7\u00e3o das obras civis e eletromec\u00e2nicas complementares da Meta 3N do Eixo Norte do Projeto de Integra\u00e7\u00e3o do Rio S\u00e3o Francisco. O valor \u00e9 de R$ 612,255 milh\u00f5es com vig\u00eancia at\u00e9 30 de outubro de 2016.<\/p>\n<p>2) Na \u00e9poca de sua contrata\u00e7\u00e3o, Helder Barbalho nem havia sido referendado como candidato do PMDB ao governo do Estado do Par\u00e1.<br \/>\n3) Al\u00e9m disso, Helder Barbalho s\u00f3 \u00e9 nomeado ministro de Estado, primeiramente da Pesca e Aquicultura e depois de Portos em 2015. Sua posse no Minist\u00e9rio da Integra\u00e7\u00e3o Nacional s\u00f3 ocorre em abril de 2016.<br \/>\n4) Importante ressaltar ainda que todas as doa\u00e7\u00f5es foram feitas respeitando a legisla\u00e7\u00e3o eleitoral. Foram devidamente registradas e as contas foram integralmente aprovadas pela Justi\u00e7a Eleitoral. Todas as informa\u00e7\u00f5es s\u00e3o p\u00fablicas e est\u00e3o dispon\u00edveis no site do Tribunal Superior Eleitoral.<br \/>\nMinist\u00e9rio da Defesa:<br \/>\n\u00c9 importante ressaltar que os contratos do Minist\u00e9rio da Defesa com a Construtora Norberto Odebrechet S.A. foram firmados em data anterior a posse de Raul Jungmann como ministro da Defesa. Por isso, \u00e9 incorreto associar qualquer informa\u00e7\u00e3o de campanha aos contratos com a Pasta.<\/p>\n<p>No que tange os questionamentos sobre contratos, os pagamentos efetuados pela Coordenadoria-Geral do Programa de Desenvolvimento de Submarino com Propuls\u00e3o Nuclear (COGESN), da Marinha do Brasil, \u00e0 Construtora Norberto Odebrechet S.A. referem-se \u00e0 implanta\u00e7\u00e3o de estaleiro e base naval para constru\u00e7\u00e3o e manuten\u00e7\u00e3o de submarinos convencionais e nucleares, dentro do contexto do Programa de Desenvolvimento de Submarinos (Prosub).<br \/>\nCom rela\u00e7\u00e3o \u00e0s despesas realizadas pela Capitania Fluvial do Araguaia-Tocantins (CFAT) e pelo Centro de Intend\u00eancia da Marinha em Rio Grande (CeIMRG), as mesmas referem-se a contas mensais de \u00e1gua e esgoto daquelas Organiza\u00e7\u00f5es Militares (OM) e das OM por elas apoiadas, cujos pagamentos foram efetuados, respectivamente, \u00e0s concession\u00e1rias \u201cCompanhia de Saneamento do Tocantins \u2013 Odebrecht Ambiental Saneatins\u201d e \u201cOdebrecht Ambiental Uruguaiana\u201d, as quais integram o Grupo \u201cOdebrecht Ambiental\u201d.<br \/>\nDe mesma forma, os valores especificados para o 4\u00ba Batalh\u00e3o de Engenharia de Constru\u00e7\u00e3o (R$ 7.316,93); para o 22\u00ba Batalh\u00e3o de Infantaria (R$ 15 mil); para o 22\u00ba Grupo de Artilharia de Campo Autopropulsado (R$ 1,5 mil); para o 8\u00ba Regimento de Cavalaria Mecanizado (R$ 1 mil); para a 2\u00aa Brigada de Cavalaria Mecanizada (R$ 8,6 mil); para o 41\u00ba Batalh\u00e3o de Infantaria Motorizada (R$ 19 mil), referem-se a pagamentos de concession\u00e1rias de \u00e1gua e esgoto. Como dito anteriormente, as Organiza\u00e7\u00f5es Militares realizaram esses pagamentos em virtude das concession\u00e1rias pertencerem ao Grupo Odebrecht.<br \/>\nMinist\u00e9rio da Educa\u00e7\u00e3o:<br \/>\nA Universidade Federal de S\u00e3o Carlos (UFSCar) possui autonomia administrativa, financeira e pedag\u00f3gica, garantida pela Constitui\u00e7\u00e3o Federal. Dessa forma, tem autonomia para firmar contratos nesse montante, independentemente de autoriza\u00e7\u00e3o do MEC.  Assim, sugerimos contato com a institui\u00e7\u00e3o, uma vez que cabe \u00e0 pr\u00f3pria UFSCar fornecer as informa\u00e7\u00f5es sobre seus contratos.<\/p>\n","protected":false},"excerpt":{"rendered":"<p>Por Fernando Rodrigues Pelo menos 5 ministros do governo Michel Temer ser\u00e3o respons\u00e1veis por contratos de empresas que doaram para suas campanhas eleitorais. As empresas t\u00eam contratos com os minist\u00e9rios agora chefiados pelos pol\u00edticos.<\/p>\n","protected":false},"author":1,"featured_media":0,"comment_status":"closed","ping_status":"open","sticky":false,"template":"","format":"standard","meta":{"_exactmetrics_skip_tracking":false,"_exactmetrics_sitenote_active":false,"_exactmetrics_sitenote_note":"","_exactmetrics_sitenote_category":0,"jetpack_post_was_ever_published":false,"_jetpack_newsletter_access":"","_jetpack_dont_email_post_to_subs":false,"_jetpack_newsletter_tier_id":0,"_jetpack_memberships_contains_paywalled_content":false,"_jetpack_memberships_contains_paid_content":false,"footnotes":"","jetpack_publicize_message":"","jetpack_publicize_feature_enabled":true,"jetpack_social_post_already_shared":true,"jetpack_social_options":{"image_generator_settings":{"template":"highway","enabled":false},"version":2}},"categories":[1],"tags":[],"class_list":["post-1374","post","type-post","status-publish","format-standard","hentry","category-notas"],"jetpack_publicize_connections":[],"jetpack_sharing_enabled":true,"jetpack_featured_media_url":"","jetpack_shortlink":"https:\/\/wp.me\/p7wKYW-ma","jetpack-related-posts":[],"_links":{"self":[{"href":"http:\/\/blogdalucianaoliveira.com.br\/blog\/wp-json\/wp\/v2\/posts\/1374","targetHints":{"allow":["GET"]}}],"collection":[{"href":"http:\/\/blogdalucianaoliveira.com.br\/blog\/wp-json\/wp\/v2\/posts"}],"about":[{"href":"http:\/\/blogdalucianaoliveira.com.br\/blog\/wp-json\/wp\/v2\/types\/post"}],"author":[{"embeddable":true,"href":"http:\/\/blogdalucianaoliveira.com.br\/blog\/wp-json\/wp\/v2\/users\/1"}],"replies":[{"embeddable":true,"href":"http:\/\/blogdalucianaoliveira.com.br\/blog\/wp-json\/wp\/v2\/comments?post=1374"}],"version-history":[{"count":1,"href":"http:\/\/blogdalucianaoliveira.com.br\/blog\/wp-json\/wp\/v2\/posts\/1374\/revisions"}],"predecessor-version":[{"id":1376,"href":"http:\/\/blogdalucianaoliveira.com.br\/blog\/wp-json\/wp\/v2\/posts\/1374\/revisions\/1376"}],"wp:attachment":[{"href":"http:\/\/blogdalucianaoliveira.com.br\/blog\/wp-json\/wp\/v2\/media?parent=1374"}],"wp:term":[{"taxonomy":"category","embeddable":true,"href":"http:\/\/blogdalucianaoliveira.com.br\/blog\/wp-json\/wp\/v2\/categories?post=1374"},{"taxonomy":"post_tag","embeddable":true,"href":"http:\/\/blogdalucianaoliveira.com.br\/blog\/wp-json\/wp\/v2\/tags?post=1374"}],"curies":[{"name":"wp","href":"https:\/\/api.w.org\/{rel}","templated":true}]}}