{"id":13740,"date":"2017-09-18T19:15:38","date_gmt":"2017-09-18T23:15:38","guid":{"rendered":"http:\/\/blogdalucianaoliveira.com.br\/blog\/?p=13740"},"modified":"2017-09-18T19:15:38","modified_gmt":"2017-09-18T23:15:38","slug":"justica-autoriza-psicologos-a-tratar-homossexualidade-como-doenca","status":"publish","type":"post","link":"http:\/\/blogdalucianaoliveira.com.br\/blog\/2017\/09\/18\/justica-autoriza-psicologos-a-tratar-homossexualidade-como-doenca\/","title":{"rendered":"JUSTI\u00c7A AUTORIZA PSIC\u00d3LOGOS A TRATAR HOMOSSEXUALIDADE COMO DOEN\u00c7A"},"content":{"rendered":"<p><img data-recalc-dims=\"1\" loading=\"lazy\" decoding=\"async\" data-attachment-id=\"13741\" data-permalink=\"http:\/\/blogdalucianaoliveira.com.br\/blog\/2017\/09\/18\/justica-autoriza-psicologos-a-tratar-homossexualidade-como-doenca\/lg-2\/\" data-orig-file=\"https:\/\/i0.wp.com\/blogdalucianaoliveira.com.br\/blog\/wp-content\/uploads\/2017\/09\/lg.jpg?fit=1000%2C357\" data-orig-size=\"1000,357\" data-comments-opened=\"0\" data-image-meta=\"{&quot;aperture&quot;:&quot;0&quot;,&quot;credit&quot;:&quot;&quot;,&quot;camera&quot;:&quot;&quot;,&quot;caption&quot;:&quot;&quot;,&quot;created_timestamp&quot;:&quot;0&quot;,&quot;copyright&quot;:&quot;&quot;,&quot;focal_length&quot;:&quot;0&quot;,&quot;iso&quot;:&quot;0&quot;,&quot;shutter_speed&quot;:&quot;0&quot;,&quot;title&quot;:&quot;&quot;,&quot;orientation&quot;:&quot;0&quot;}\" data-image-title=\"lg\" data-image-description=\"\" data-image-caption=\"\" data-medium-file=\"https:\/\/i0.wp.com\/blogdalucianaoliveira.com.br\/blog\/wp-content\/uploads\/2017\/09\/lg.jpg?fit=300%2C107\" data-large-file=\"https:\/\/i0.wp.com\/blogdalucianaoliveira.com.br\/blog\/wp-content\/uploads\/2017\/09\/lg.jpg?fit=600%2C214\" src=\"https:\/\/i0.wp.com\/blogdalucianaoliveira.com.br\/blog\/wp-content\/uploads\/2017\/09\/lg.jpg?resize=600%2C214\" alt=\"lg\" width=\"600\" height=\"214\" class=\"alignnone size-full wp-image-13741\" srcset=\"https:\/\/i0.wp.com\/blogdalucianaoliveira.com.br\/blog\/wp-content\/uploads\/2017\/09\/lg.jpg?w=1000 1000w, https:\/\/i0.wp.com\/blogdalucianaoliveira.com.br\/blog\/wp-content\/uploads\/2017\/09\/lg.jpg?resize=300%2C107 300w, https:\/\/i0.wp.com\/blogdalucianaoliveira.com.br\/blog\/wp-content\/uploads\/2017\/09\/lg.jpg?resize=768%2C274 768w, https:\/\/i0.wp.com\/blogdalucianaoliveira.com.br\/blog\/wp-content\/uploads\/2017\/09\/lg.jpg?resize=800%2C286 800w\" sizes=\"auto, (max-width: 600px) 100vw, 600px\" \/><\/p>\n<p>No 247, da Revista F\u00f3rum &#8211; A Justi\u00e7a Federal do Distrito Federal proferiu, na \u00faltima sexta-feira (15), uma decis\u00e3o liminar que abre caminho para a chamada \u201ccura gay\u201d: pela decis\u00e3o, profissionais de psicologia poderiam atender homossexuais e utilizar \u201cterapias de revers\u00e3o sexual\u201d.<!--more--><\/p>\n<p>O juiz Waldemar Cl\u00e1udio de Carvalho acatou parcialmente uma a\u00e7\u00e3o popular contra a Resolu\u00e7\u00e3o 01\/99 do Conselho Federal de Psicologia (CFP) que orienta os profissionais da \u00e1rea a atuar nas quest\u00f5es relativas \u00e0 orienta\u00e7\u00e3o sexual. Na resolu\u00e7\u00e3o, as \u201cterapias de revers\u00e3o sexual\u201d s\u00e3o proibidas, visto que que desde 1990 a homossexualidade deixou de ser considerada doen\u00e7a pela Organiza\u00e7\u00e3o Mundial da Sa\u00fade.<\/p>\n<p>A a\u00e7\u00e3o impetrada por um grupo de psic\u00f3logos pede a suspens\u00e3o da resolu\u00e7\u00e3o e, na decis\u00e3o, o juiz a manteve, mas determinou que o Conselho Federal de Psicologia n\u00e3o impe\u00e7a os psic\u00f3logos de promover estudos ou atendimento profissional, de forma reservada, pertinente \u00e0 reorienta\u00e7\u00e3o sexual, sem qualquer possibilidade de censura ou necessidade de licen\u00e7a pr\u00e9via.<\/p>\n<p>\u201cA decis\u00e3o liminar, proferida nesta sexta-feira (15\/9), abre a perigosa possibilidade de uso de terapias de revers\u00e3o sexual (\u2026) O que est\u00e1 em jogo \u00e9 o enfraquecimento da Resolu\u00e7\u00e3o 01\/99 pela disputa de sua interpreta\u00e7\u00e3o, j\u00e1 que at\u00e9 agora outras tentativas de sustar a norma, inclusive por meio de lei federal, n\u00e3o obtiveram sucesso. O Judici\u00e1rio se equivoca, neste caso, ao desconsiderar a diretriz \u00e9tica que embasa a resolu\u00e7\u00e3o, que \u00e9 reconhecer como leg\u00edtimas as orienta\u00e7\u00f5es sexuais n\u00e3o heteronormativas, sem as criminalizar ou patologizar. A decis\u00e3o do juiz, valendo-se dos manuais psiqui\u00e1tricos, reintroduz a perspectiva patologizante, ferindo o cerne da Resolu\u00e7\u00e3o 01\/99\u201d, informou, em nota, o Conselho Federal de Psicologia.<\/p>\n<p>Como a decis\u00e3o \u00e9 liminar, o \u00f3rg\u00e3o informou que vai recorrer.<\/p>\n<p>Confira a \u00edntegra da nota:<\/p>\n<p>A Justi\u00e7a Federal da Se\u00e7\u00e3o Judici\u00e1ria do Distrito Federal acatou parcialmente o pedido liminar numa a\u00e7\u00e3o popular contra a Resolu\u00e7\u00e3o 01\/99 do Conselho Federal de Psicologia (CFP) que orienta os profissionais da \u00e1rea a atuar nas quest\u00f5es relativas \u00e0 orienta\u00e7\u00e3o sexual. A decis\u00e3o liminar, proferida nesta sexta-feira (15\/9), abre a perigosa possibilidade de uso de terapias de revers\u00e3o sexual. A a\u00e7\u00e3o foi movida por um grupo de psic\u00f3logas (os) defensores dessa pr\u00e1tica, que representa uma viola\u00e7\u00e3o dos direitos humanos e n\u00e3o tem qualquer embasamento cient\u00edfico.<\/p>\n<p>Na audi\u00eancia de justificativa pr\u00e9via para an\u00e1lise do pedido de liminar, o Conselho Federal de Psicologia se posicionou contr\u00e1rio \u00e0 a\u00e7\u00e3o, apresentando evid\u00eancias jur\u00eddicas, cient\u00edficas e t\u00e9cnicas que refutavam o pedido liminar. Os representantes do CFP destacaram que a homossexualidade n\u00e3o \u00e9 considerada patologia, segundo a Organiza\u00e7\u00e3o Mundial de Sa\u00fade (OMS) \u2013 entendimento reconhecimento internacionalmente. Tamb\u00e9m alertaram que as terapias de revers\u00e3o sexual n\u00e3o t\u00eam resolutividade, como apontam estudos feitos pelas comunidades cient\u00edficas nacional e internacional, al\u00e9m de provocarem sequelas e agravos ao sofrimento ps\u00edquico.<\/p>\n<p>O CFP lembrou, ainda, os impactos positivos que a Resolu\u00e7\u00e3o 01\/99 produz no enfrentamento aos preconceitos e na prote\u00e7\u00e3o dos direitos da popula\u00e7\u00e3o LGBT no contexto social brasileiro, que apresenta altos \u00edndices de viol\u00eancia e mortes por LGBTfobia. Demonstrou, tamb\u00e9m, que n\u00e3o h\u00e1 qualquer cerceamento da liberdade profissional e de pesquisas na \u00e1rea de sexualidade decorrentes dos pressupostos da resolu\u00e7\u00e3o.<\/p>\n<p>A decis\u00e3o liminar do juiz federal Waldemar Cl\u00e1udio de Carvalho mant\u00e9m a integralidade do texto da Resolu\u00e7\u00e3o 01\/99, mas determina que o CFP a interprete de modo a n\u00e3o proibir que psic\u00f3logas (os) fa\u00e7am atendimento buscando reorienta\u00e7\u00e3o sexual. Ressalta, ainda, o car\u00e1ter reservado do atendimento e veda a propaganda e a publicidade.<\/p>\n<p>Interpreta\u00e7\u00e3o \u2013 O que est\u00e1 em jogo \u00e9 o enfraquecimento da Resolu\u00e7\u00e3o 01\/99 pela disputa de sua interpreta\u00e7\u00e3o, j\u00e1 que at\u00e9 agora outras tentativas de sustar a norma, inclusive por meio de lei federal, n\u00e3o obtiveram sucesso. O Judici\u00e1rio se equivoca, neste caso, ao desconsiderar a diretriz \u00e9tica que embasa a resolu\u00e7\u00e3o, que \u00e9 reconhecer como leg\u00edtimas as orienta\u00e7\u00f5es sexuais n\u00e3o heteronormativas, sem as criminalizar ou patologizar. A decis\u00e3o do juiz, valendo-se dos manuais psiqui\u00e1tricos, reintroduz a perspectiva patologizante, ferindo o cerne da Resolu\u00e7\u00e3o 01\/99.<\/p>\n<p>O Conselho Federal de Psicologia informa que o processo est\u00e1 em sua fase inicial e afirma que vai recorrer da decis\u00e3o liminar, bem como lutar\u00e1 em todas as inst\u00e2ncias poss\u00edveis para a manuten\u00e7\u00e3o da Resolu\u00e7\u00e3o 01\/99, motivo de orgulho de defensoras e defensores dos direitos humanos no Brasil.<\/p>\n","protected":false},"excerpt":{"rendered":"<p>No 247, da Revista F\u00f3rum &#8211; A Justi\u00e7a Federal do Distrito Federal proferiu, na \u00faltima sexta-feira (15), uma decis\u00e3o liminar que abre caminho para a chamada \u201ccura gay\u201d: pela decis\u00e3o, profissionais de psicologia poderiam atender homossexuais e utilizar \u201cterapias de revers\u00e3o sexual\u201d.<\/p>\n","protected":false},"author":1,"featured_media":0,"comment_status":"closed","ping_status":"open","sticky":false,"template":"","format":"standard","meta":{"_exactmetrics_skip_tracking":false,"_exactmetrics_sitenote_active":false,"_exactmetrics_sitenote_note":"","_exactmetrics_sitenote_category":0,"jetpack_post_was_ever_published":false,"_jetpack_newsletter_access":"","_jetpack_dont_email_post_to_subs":false,"_jetpack_newsletter_tier_id":0,"_jetpack_memberships_contains_paywalled_content":false,"_jetpack_memberships_contains_paid_content":false,"footnotes":"","jetpack_publicize_message":"","jetpack_publicize_feature_enabled":true,"jetpack_social_post_already_shared":true,"jetpack_social_options":{"image_generator_settings":{"template":"highway","enabled":false},"version":2}},"categories":[1],"tags":[],"class_list":["post-13740","post","type-post","status-publish","format-standard","hentry","category-notas"],"jetpack_publicize_connections":[],"jetpack_sharing_enabled":true,"jetpack_featured_media_url":"","jetpack_shortlink":"https:\/\/wp.me\/p7wKYW-3zC","jetpack-related-posts":[],"_links":{"self":[{"href":"http:\/\/blogdalucianaoliveira.com.br\/blog\/wp-json\/wp\/v2\/posts\/13740","targetHints":{"allow":["GET"]}}],"collection":[{"href":"http:\/\/blogdalucianaoliveira.com.br\/blog\/wp-json\/wp\/v2\/posts"}],"about":[{"href":"http:\/\/blogdalucianaoliveira.com.br\/blog\/wp-json\/wp\/v2\/types\/post"}],"author":[{"embeddable":true,"href":"http:\/\/blogdalucianaoliveira.com.br\/blog\/wp-json\/wp\/v2\/users\/1"}],"replies":[{"embeddable":true,"href":"http:\/\/blogdalucianaoliveira.com.br\/blog\/wp-json\/wp\/v2\/comments?post=13740"}],"version-history":[{"count":1,"href":"http:\/\/blogdalucianaoliveira.com.br\/blog\/wp-json\/wp\/v2\/posts\/13740\/revisions"}],"predecessor-version":[{"id":13742,"href":"http:\/\/blogdalucianaoliveira.com.br\/blog\/wp-json\/wp\/v2\/posts\/13740\/revisions\/13742"}],"wp:attachment":[{"href":"http:\/\/blogdalucianaoliveira.com.br\/blog\/wp-json\/wp\/v2\/media?parent=13740"}],"wp:term":[{"taxonomy":"category","embeddable":true,"href":"http:\/\/blogdalucianaoliveira.com.br\/blog\/wp-json\/wp\/v2\/categories?post=13740"},{"taxonomy":"post_tag","embeddable":true,"href":"http:\/\/blogdalucianaoliveira.com.br\/blog\/wp-json\/wp\/v2\/tags?post=13740"}],"curies":[{"name":"wp","href":"https:\/\/api.w.org\/{rel}","templated":true}]}}