{"id":13743,"date":"2017-09-18T19:19:03","date_gmt":"2017-09-18T23:19:03","guid":{"rendered":"http:\/\/blogdalucianaoliveira.com.br\/blog\/?p=13743"},"modified":"2017-09-18T19:19:03","modified_gmt":"2017-09-18T23:19:03","slug":"duvivier-medo-de-acordar-e-estarem-queimando-gente-na-fogueira","status":"publish","type":"post","link":"http:\/\/blogdalucianaoliveira.com.br\/blog\/2017\/09\/18\/duvivier-medo-de-acordar-e-estarem-queimando-gente-na-fogueira\/","title":{"rendered":"DUVIVIER: MEDO DE ACORDAR E ESTAREM QUEIMANDO GENTE NA FOGUEIRA"},"content":{"rendered":"<p><img data-recalc-dims=\"1\" loading=\"lazy\" decoding=\"async\" data-attachment-id=\"13744\" data-permalink=\"http:\/\/blogdalucianaoliveira.com.br\/blog\/2017\/09\/18\/duvivier-medo-de-acordar-e-estarem-queimando-gente-na-fogueira\/gay\/\" data-orig-file=\"https:\/\/i0.wp.com\/blogdalucianaoliveira.com.br\/blog\/wp-content\/uploads\/2017\/09\/gay.jpg?fit=1000%2C357\" data-orig-size=\"1000,357\" data-comments-opened=\"0\" data-image-meta=\"{&quot;aperture&quot;:&quot;0&quot;,&quot;credit&quot;:&quot;&quot;,&quot;camera&quot;:&quot;&quot;,&quot;caption&quot;:&quot;&quot;,&quot;created_timestamp&quot;:&quot;0&quot;,&quot;copyright&quot;:&quot;&quot;,&quot;focal_length&quot;:&quot;0&quot;,&quot;iso&quot;:&quot;0&quot;,&quot;shutter_speed&quot;:&quot;0&quot;,&quot;title&quot;:&quot;&quot;,&quot;orientation&quot;:&quot;0&quot;}\" data-image-title=\"gay\" data-image-description=\"\" data-image-caption=\"\" data-medium-file=\"https:\/\/i0.wp.com\/blogdalucianaoliveira.com.br\/blog\/wp-content\/uploads\/2017\/09\/gay.jpg?fit=300%2C107\" data-large-file=\"https:\/\/i0.wp.com\/blogdalucianaoliveira.com.br\/blog\/wp-content\/uploads\/2017\/09\/gay.jpg?fit=600%2C214\" src=\"https:\/\/i0.wp.com\/blogdalucianaoliveira.com.br\/blog\/wp-content\/uploads\/2017\/09\/gay.jpg?resize=600%2C214\" alt=\"gay\" width=\"600\" height=\"214\" class=\"alignnone size-full wp-image-13744\" srcset=\"https:\/\/i0.wp.com\/blogdalucianaoliveira.com.br\/blog\/wp-content\/uploads\/2017\/09\/gay.jpg?w=1000 1000w, https:\/\/i0.wp.com\/blogdalucianaoliveira.com.br\/blog\/wp-content\/uploads\/2017\/09\/gay.jpg?resize=300%2C107 300w, https:\/\/i0.wp.com\/blogdalucianaoliveira.com.br\/blog\/wp-content\/uploads\/2017\/09\/gay.jpg?resize=768%2C274 768w, https:\/\/i0.wp.com\/blogdalucianaoliveira.com.br\/blog\/wp-content\/uploads\/2017\/09\/gay.jpg?resize=800%2C286 800w\" sizes=\"auto, (max-width: 600px) 100vw, 600px\" \/><\/p>\n<p>247 &#8211; O escritor e comediante Greg\u00f3rio Duvivier criticou nesta segunda-feira, 18, os retrocessos pelos quais o Brasil tem passado nos \u00faltimos anos. Em sua conta no Twitter, Duvivier disse temer a volta da Inquisi\u00e7\u00e3o e suas fogueiras. <!--more--><\/p>\n<p>&#8220;Volta da censura, venda da amaz\u00f4nia, homossexualidade sendo considerada doen\u00e7a\u2026 medo de acordar amanh\u00e3 e estarem queimando gente na fogueira&#8221;, afirmou o integrante do grupo Porta dos Fundos. <\/p>\n<p>A Justi\u00e7a Federal do Distrito Federal proferiu, na \u00faltima sexta-feira (15), uma decis\u00e3o liminar que abre caminho para a chamada &#8220;cura gay&#8221;. Pela decis\u00e3o, profissionais de psicologia poderiam atender homossexuais e utilizar &#8220;terapias de revers\u00e3o sexual&#8221; (leia mais). <\/p>\n","protected":false},"excerpt":{"rendered":"<p>247 &#8211; O escritor e comediante Greg\u00f3rio Duvivier criticou nesta segunda-feira, 18, os retrocessos pelos quais o Brasil tem passado nos \u00faltimos anos. Em sua conta no Twitter, Duvivier disse temer a volta da Inquisi\u00e7\u00e3o e suas fogueiras.<\/p>\n","protected":false},"author":1,"featured_media":0,"comment_status":"closed","ping_status":"open","sticky":false,"template":"","format":"standard","meta":{"_exactmetrics_skip_tracking":false,"_exactmetrics_sitenote_active":false,"_exactmetrics_sitenote_note":"","_exactmetrics_sitenote_category":0,"jetpack_post_was_ever_published":false,"_jetpack_newsletter_access":"","_jetpack_dont_email_post_to_subs":false,"_jetpack_newsletter_tier_id":0,"_jetpack_memberships_contains_paywalled_content":false,"_jetpack_memberships_contains_paid_content":false,"footnotes":"","jetpack_publicize_message":"","jetpack_publicize_feature_enabled":true,"jetpack_social_post_already_shared":true,"jetpack_social_options":{"image_generator_settings":{"template":"highway","enabled":false},"version":2}},"categories":[1],"tags":[],"class_list":["post-13743","post","type-post","status-publish","format-standard","hentry","category-notas"],"jetpack_publicize_connections":[],"jetpack_sharing_enabled":true,"jetpack_featured_media_url":"","jetpack_shortlink":"https:\/\/wp.me\/p7wKYW-3zF","jetpack-related-posts":[],"_links":{"self":[{"href":"http:\/\/blogdalucianaoliveira.com.br\/blog\/wp-json\/wp\/v2\/posts\/13743","targetHints":{"allow":["GET"]}}],"collection":[{"href":"http:\/\/blogdalucianaoliveira.com.br\/blog\/wp-json\/wp\/v2\/posts"}],"about":[{"href":"http:\/\/blogdalucianaoliveira.com.br\/blog\/wp-json\/wp\/v2\/types\/post"}],"author":[{"embeddable":true,"href":"http:\/\/blogdalucianaoliveira.com.br\/blog\/wp-json\/wp\/v2\/users\/1"}],"replies":[{"embeddable":true,"href":"http:\/\/blogdalucianaoliveira.com.br\/blog\/wp-json\/wp\/v2\/comments?post=13743"}],"version-history":[{"count":1,"href":"http:\/\/blogdalucianaoliveira.com.br\/blog\/wp-json\/wp\/v2\/posts\/13743\/revisions"}],"predecessor-version":[{"id":13745,"href":"http:\/\/blogdalucianaoliveira.com.br\/blog\/wp-json\/wp\/v2\/posts\/13743\/revisions\/13745"}],"wp:attachment":[{"href":"http:\/\/blogdalucianaoliveira.com.br\/blog\/wp-json\/wp\/v2\/media?parent=13743"}],"wp:term":[{"taxonomy":"category","embeddable":true,"href":"http:\/\/blogdalucianaoliveira.com.br\/blog\/wp-json\/wp\/v2\/categories?post=13743"},{"taxonomy":"post_tag","embeddable":true,"href":"http:\/\/blogdalucianaoliveira.com.br\/blog\/wp-json\/wp\/v2\/tags?post=13743"}],"curies":[{"name":"wp","href":"https:\/\/api.w.org\/{rel}","templated":true}]}}