{"id":13748,"date":"2017-09-19T13:55:04","date_gmt":"2017-09-19T17:55:04","guid":{"rendered":"http:\/\/blogdalucianaoliveira.com.br\/blog\/?p=13748"},"modified":"2017-09-19T14:20:22","modified_gmt":"2017-09-19T18:20:22","slug":"os-dias-tem-sido-assim","status":"publish","type":"post","link":"http:\/\/blogdalucianaoliveira.com.br\/blog\/2017\/09\/19\/os-dias-tem-sido-assim\/","title":{"rendered":"Os dias t\u00eam sido assim"},"content":{"rendered":"<p><img data-recalc-dims=\"1\" loading=\"lazy\" decoding=\"async\" data-attachment-id=\"13749\" data-permalink=\"http:\/\/blogdalucianaoliveira.com.br\/blog\/2017\/09\/19\/os-dias-tem-sido-assim\/osdias\/\" data-orig-file=\"https:\/\/i0.wp.com\/blogdalucianaoliveira.com.br\/blog\/wp-content\/uploads\/2017\/09\/osdias.jpg?fit=640%2C424\" data-orig-size=\"640,424\" data-comments-opened=\"0\" data-image-meta=\"{&quot;aperture&quot;:&quot;0&quot;,&quot;credit&quot;:&quot;&quot;,&quot;camera&quot;:&quot;&quot;,&quot;caption&quot;:&quot;&quot;,&quot;created_timestamp&quot;:&quot;0&quot;,&quot;copyright&quot;:&quot;&quot;,&quot;focal_length&quot;:&quot;0&quot;,&quot;iso&quot;:&quot;0&quot;,&quot;shutter_speed&quot;:&quot;0&quot;,&quot;title&quot;:&quot;&quot;,&quot;orientation&quot;:&quot;0&quot;}\" data-image-title=\"osdias\" data-image-description=\"\" data-image-caption=\"\" data-medium-file=\"https:\/\/i0.wp.com\/blogdalucianaoliveira.com.br\/blog\/wp-content\/uploads\/2017\/09\/osdias.jpg?fit=300%2C199\" data-large-file=\"https:\/\/i0.wp.com\/blogdalucianaoliveira.com.br\/blog\/wp-content\/uploads\/2017\/09\/osdias.jpg?fit=600%2C398\" src=\"https:\/\/i0.wp.com\/blogdalucianaoliveira.com.br\/blog\/wp-content\/uploads\/2017\/09\/osdias.jpg?resize=600%2C398\" alt=\"osdias\" width=\"600\" height=\"398\" class=\"alignnone size-full wp-image-13749\" srcset=\"https:\/\/i0.wp.com\/blogdalucianaoliveira.com.br\/blog\/wp-content\/uploads\/2017\/09\/osdias.jpg?w=640 640w, https:\/\/i0.wp.com\/blogdalucianaoliveira.com.br\/blog\/wp-content\/uploads\/2017\/09\/osdias.jpg?resize=300%2C199 300w, https:\/\/i0.wp.com\/blogdalucianaoliveira.com.br\/blog\/wp-content\/uploads\/2017\/09\/osdias.jpg?resize=453%2C300 453w\" sizes=\"auto, (max-width: 600px) 100vw, 600px\" \/><\/p>\n<p>Nasci entre o auge e o in\u00edcio da decad\u00eancia do regime militar no Brasil. <!--more--><\/p>\n<p>N\u00e3o senti na pele, mas li muito sobre o per\u00edodo em que vigorou a censura, supress\u00e3o de liberdades civis, tortura e mortes de opositores ao regime. <\/p>\n<p>Lutei muito nas \u00faltimas d\u00e9cadas, mas amparada por direitos garantidos por leis que julgava compreendidos pela sociedade brasileira.<\/p>\n<p>O que vi at\u00e9 aqui sobre o que li da conjuntura social, econ\u00f4mica e pol\u00edtica que foi deixada para tr\u00e1s, foram avan\u00e7os. <\/p>\n<p>Lentos, graduais, mas passos \u00e0 frente.<\/p>\n<p>Nos \u00faltimos tr\u00eas anos tenho vivido como em cabo-de-guerra com os que lutam para retroceder mais de meio s\u00e9culo.<\/p>\n<p>E j\u00e1 paira uma catinga de sangue por repress\u00f5es violentas \u00e0 manifestantes que foram \u00e0s ruas para manter seus direitos ap\u00f3s o golpe de 2016. O negro inocente ficou na cadeia enquanto o branco rico foi pra sua mans\u00e3o, uma estudante perdeu a vis\u00e3o de um olho, outro sofreu traumatismo craniano por cacetada de policial e o presidente golpista foi denunciado na Organiza\u00e7\u00e3o das Na\u00e7\u00f5es Unidas por viola\u00e7\u00f5es de direitos humanos.<\/p>\n<p><img data-recalc-dims=\"1\" loading=\"lazy\" decoding=\"async\" data-attachment-id=\"13750\" data-permalink=\"http:\/\/blogdalucianaoliveira.com.br\/blog\/2017\/09\/19\/os-dias-tem-sido-assim\/olho\/\" data-orig-file=\"https:\/\/i0.wp.com\/blogdalucianaoliveira.com.br\/blog\/wp-content\/uploads\/2017\/09\/olho.jpg?fit=620%2C465\" data-orig-size=\"620,465\" data-comments-opened=\"0\" data-image-meta=\"{&quot;aperture&quot;:&quot;0&quot;,&quot;credit&quot;:&quot;&quot;,&quot;camera&quot;:&quot;&quot;,&quot;caption&quot;:&quot;&quot;,&quot;created_timestamp&quot;:&quot;0&quot;,&quot;copyright&quot;:&quot;&quot;,&quot;focal_length&quot;:&quot;0&quot;,&quot;iso&quot;:&quot;0&quot;,&quot;shutter_speed&quot;:&quot;0&quot;,&quot;title&quot;:&quot;&quot;,&quot;orientation&quot;:&quot;0&quot;}\" data-image-title=\"olho\" data-image-description=\"\" data-image-caption=\"\" data-medium-file=\"https:\/\/i0.wp.com\/blogdalucianaoliveira.com.br\/blog\/wp-content\/uploads\/2017\/09\/olho.jpg?fit=300%2C225\" data-large-file=\"https:\/\/i0.wp.com\/blogdalucianaoliveira.com.br\/blog\/wp-content\/uploads\/2017\/09\/olho.jpg?fit=600%2C450\" src=\"https:\/\/i0.wp.com\/blogdalucianaoliveira.com.br\/blog\/wp-content\/uploads\/2017\/09\/olho.jpg?resize=600%2C450\" alt=\"olho\" width=\"600\" height=\"450\" class=\"alignnone size-full wp-image-13750\" srcset=\"https:\/\/i0.wp.com\/blogdalucianaoliveira.com.br\/blog\/wp-content\/uploads\/2017\/09\/olho.jpg?w=620 620w, https:\/\/i0.wp.com\/blogdalucianaoliveira.com.br\/blog\/wp-content\/uploads\/2017\/09\/olho.jpg?resize=300%2C225 300w, https:\/\/i0.wp.com\/blogdalucianaoliveira.com.br\/blog\/wp-content\/uploads\/2017\/09\/olho.jpg?resize=400%2C300 400w\" sizes=\"auto, (max-width: 600px) 100vw, 600px\" \/><\/p>\n<p><img data-recalc-dims=\"1\" loading=\"lazy\" decoding=\"async\" data-attachment-id=\"13754\" data-permalink=\"http:\/\/blogdalucianaoliveira.com.br\/blog\/2017\/09\/19\/os-dias-tem-sido-assim\/cace-2\/\" data-orig-file=\"https:\/\/i0.wp.com\/blogdalucianaoliveira.com.br\/blog\/wp-content\/uploads\/2017\/09\/cace.jpg?fit=940%2C528\" data-orig-size=\"940,528\" data-comments-opened=\"0\" data-image-meta=\"{&quot;aperture&quot;:&quot;0&quot;,&quot;credit&quot;:&quot;&quot;,&quot;camera&quot;:&quot;&quot;,&quot;caption&quot;:&quot;&quot;,&quot;created_timestamp&quot;:&quot;0&quot;,&quot;copyright&quot;:&quot;&quot;,&quot;focal_length&quot;:&quot;0&quot;,&quot;iso&quot;:&quot;0&quot;,&quot;shutter_speed&quot;:&quot;0&quot;,&quot;title&quot;:&quot;&quot;,&quot;orientation&quot;:&quot;0&quot;}\" data-image-title=\"cace\" data-image-description=\"\" data-image-caption=\"\" data-medium-file=\"https:\/\/i0.wp.com\/blogdalucianaoliveira.com.br\/blog\/wp-content\/uploads\/2017\/09\/cace.jpg?fit=300%2C169\" data-large-file=\"https:\/\/i0.wp.com\/blogdalucianaoliveira.com.br\/blog\/wp-content\/uploads\/2017\/09\/cace.jpg?fit=600%2C337\" src=\"https:\/\/i0.wp.com\/blogdalucianaoliveira.com.br\/blog\/wp-content\/uploads\/2017\/09\/cace.jpg?resize=600%2C337\" alt=\"cace\" width=\"600\" height=\"337\" class=\"alignnone size-full wp-image-13754\" srcset=\"https:\/\/i0.wp.com\/blogdalucianaoliveira.com.br\/blog\/wp-content\/uploads\/2017\/09\/cace.jpg?w=940 940w, https:\/\/i0.wp.com\/blogdalucianaoliveira.com.br\/blog\/wp-content\/uploads\/2017\/09\/cace.jpg?resize=300%2C169 300w, https:\/\/i0.wp.com\/blogdalucianaoliveira.com.br\/blog\/wp-content\/uploads\/2017\/09\/cace.jpg?resize=768%2C431 768w, https:\/\/i0.wp.com\/blogdalucianaoliveira.com.br\/blog\/wp-content\/uploads\/2017\/09\/cace.jpg?resize=534%2C300 534w\" sizes=\"auto, (max-width: 600px) 100vw, 600px\" \/><\/p>\n<p><img data-recalc-dims=\"1\" loading=\"lazy\" decoding=\"async\" data-attachment-id=\"13755\" data-permalink=\"http:\/\/blogdalucianaoliveira.com.br\/blog\/2017\/09\/19\/os-dias-tem-sido-assim\/bra-3\/\" data-orig-file=\"https:\/\/i0.wp.com\/blogdalucianaoliveira.com.br\/blog\/wp-content\/uploads\/2017\/09\/bra.jpg?fit=1200%2C627\" data-orig-size=\"1200,627\" data-comments-opened=\"0\" data-image-meta=\"{&quot;aperture&quot;:&quot;0&quot;,&quot;credit&quot;:&quot;&quot;,&quot;camera&quot;:&quot;&quot;,&quot;caption&quot;:&quot;&quot;,&quot;created_timestamp&quot;:&quot;0&quot;,&quot;copyright&quot;:&quot;&quot;,&quot;focal_length&quot;:&quot;0&quot;,&quot;iso&quot;:&quot;0&quot;,&quot;shutter_speed&quot;:&quot;0&quot;,&quot;title&quot;:&quot;&quot;,&quot;orientation&quot;:&quot;1&quot;}\" data-image-title=\"bra\" data-image-description=\"\" data-image-caption=\"\" data-medium-file=\"https:\/\/i0.wp.com\/blogdalucianaoliveira.com.br\/blog\/wp-content\/uploads\/2017\/09\/bra.jpg?fit=300%2C157\" data-large-file=\"https:\/\/i0.wp.com\/blogdalucianaoliveira.com.br\/blog\/wp-content\/uploads\/2017\/09\/bra.jpg?fit=600%2C313\" src=\"https:\/\/i0.wp.com\/blogdalucianaoliveira.com.br\/blog\/wp-content\/uploads\/2017\/09\/bra.jpg?resize=600%2C314\" alt=\"bra\" width=\"600\" height=\"314\" class=\"alignnone size-full wp-image-13755\" srcset=\"https:\/\/i0.wp.com\/blogdalucianaoliveira.com.br\/blog\/wp-content\/uploads\/2017\/09\/bra.jpg?w=1200 1200w, https:\/\/i0.wp.com\/blogdalucianaoliveira.com.br\/blog\/wp-content\/uploads\/2017\/09\/bra.jpg?resize=300%2C157 300w, https:\/\/i0.wp.com\/blogdalucianaoliveira.com.br\/blog\/wp-content\/uploads\/2017\/09\/bra.jpg?resize=768%2C401 768w, https:\/\/i0.wp.com\/blogdalucianaoliveira.com.br\/blog\/wp-content\/uploads\/2017\/09\/bra.jpg?resize=1024%2C535 1024w, https:\/\/i0.wp.com\/blogdalucianaoliveira.com.br\/blog\/wp-content\/uploads\/2017\/09\/bra.jpg?resize=574%2C300 574w\" sizes=\"auto, (max-width: 600px) 100vw, 600px\" \/><\/p>\n<p>No Congresso Nacional resgatam o coro da ditadura para criminalizar movimentos sociais, sindicais, estudantis e partid\u00e1rios.<\/p>\n<p><img data-recalc-dims=\"1\" loading=\"lazy\" decoding=\"async\" data-attachment-id=\"13757\" data-permalink=\"http:\/\/blogdalucianaoliveira.com.br\/blog\/2017\/09\/19\/os-dias-tem-sido-assim\/sessao-da-camara-vota-pedido-de-impeachment-de-dilma-roussef\/\" data-orig-file=\"https:\/\/i0.wp.com\/blogdalucianaoliveira.com.br\/blog\/wp-content\/uploads\/2017\/09\/po.jpg?fit=2400%2C1600\" data-orig-size=\"2400,1600\" data-comments-opened=\"0\" data-image-meta=\"{&quot;aperture&quot;:&quot;2.8&quot;,&quot;credit&quot;:&quot;Marcelo Camargo\\\/Ag\\u00eancia Brasil&quot;,&quot;camera&quot;:&quot;Canon EOS-1D X&quot;,&quot;caption&quot;:&quot;Bras\\u00edlia - Deputado Paulinho da For\\u00e7a fala durante a sess\\u00e3o para vota\\u00e7\\u00e3o da autoriza\\u00e7\\u00e3o ou n\\u00e3o da abertura do processo de impeachment da presidenta Dilma Rousseff, no plen\\u00e1rio da C\\u00e2mara (Marcelo Camargo\\\/Ag\\u00eancia Brasil)&quot;,&quot;created_timestamp&quot;:&quot;1460851200&quot;,&quot;copyright&quot;:&quot;Agencia Brasil&quot;,&quot;focal_length&quot;:&quot;170&quot;,&quot;iso&quot;:&quot;4000&quot;,&quot;shutter_speed&quot;:&quot;0.003125&quot;,&quot;title&quot;:&quot;Sess\\u00e3o da C\\u00e2mara vota pedido de impeachment de Dilma Roussef&quot;,&quot;orientation&quot;:&quot;1&quot;}\" data-image-title=\"\" data-image-description=\"\" data-image-caption=\"\" data-medium-file=\"https:\/\/i0.wp.com\/blogdalucianaoliveira.com.br\/blog\/wp-content\/uploads\/2017\/09\/po.jpg?fit=300%2C200\" data-large-file=\"https:\/\/i0.wp.com\/blogdalucianaoliveira.com.br\/blog\/wp-content\/uploads\/2017\/09\/po.jpg?fit=600%2C400\" src=\"https:\/\/i0.wp.com\/blogdalucianaoliveira.com.br\/blog\/wp-content\/uploads\/2017\/09\/po.jpg?resize=600%2C400\" alt=\" \" width=\"600\" height=\"400\" class=\"alignnone size-full wp-image-13757\" srcset=\"https:\/\/i0.wp.com\/blogdalucianaoliveira.com.br\/blog\/wp-content\/uploads\/2017\/09\/po.jpg?w=2400 2400w, https:\/\/i0.wp.com\/blogdalucianaoliveira.com.br\/blog\/wp-content\/uploads\/2017\/09\/po.jpg?resize=300%2C200 300w, https:\/\/i0.wp.com\/blogdalucianaoliveira.com.br\/blog\/wp-content\/uploads\/2017\/09\/po.jpg?resize=768%2C512 768w, https:\/\/i0.wp.com\/blogdalucianaoliveira.com.br\/blog\/wp-content\/uploads\/2017\/09\/po.jpg?resize=1024%2C683 1024w, https:\/\/i0.wp.com\/blogdalucianaoliveira.com.br\/blog\/wp-content\/uploads\/2017\/09\/po.jpg?resize=450%2C300 450w, https:\/\/i0.wp.com\/blogdalucianaoliveira.com.br\/blog\/wp-content\/uploads\/2017\/09\/po.jpg?w=1200 1200w, https:\/\/i0.wp.com\/blogdalucianaoliveira.com.br\/blog\/wp-content\/uploads\/2017\/09\/po.jpg?w=1800 1800w\" sizes=\"auto, (max-width: 600px) 100vw, 600px\" \/><\/p>\n<p>A censura voltou a exposi\u00e7\u00f5es art\u00edsticas em ambientes privados, performances teatrais em pra\u00e7as, protestos em ambientes acad\u00eamicos e a jornalistas levados a depor coercitivamente para revelar a fonte.<\/p>\n<p><img data-recalc-dims=\"1\" loading=\"lazy\" decoding=\"async\" data-attachment-id=\"13758\" data-permalink=\"http:\/\/blogdalucianaoliveira.com.br\/blog\/2017\/09\/19\/os-dias-tem-sido-assim\/san-2\/\" data-orig-file=\"https:\/\/i0.wp.com\/blogdalucianaoliveira.com.br\/blog\/wp-content\/uploads\/2017\/09\/san.jpg?fit=930%2C419\" data-orig-size=\"930,419\" data-comments-opened=\"0\" data-image-meta=\"{&quot;aperture&quot;:&quot;0&quot;,&quot;credit&quot;:&quot;&quot;,&quot;camera&quot;:&quot;&quot;,&quot;caption&quot;:&quot;&quot;,&quot;created_timestamp&quot;:&quot;0&quot;,&quot;copyright&quot;:&quot;&quot;,&quot;focal_length&quot;:&quot;0&quot;,&quot;iso&quot;:&quot;0&quot;,&quot;shutter_speed&quot;:&quot;0&quot;,&quot;title&quot;:&quot;&quot;,&quot;orientation&quot;:&quot;0&quot;}\" data-image-title=\"san\" data-image-description=\"\" data-image-caption=\"\" data-medium-file=\"https:\/\/i0.wp.com\/blogdalucianaoliveira.com.br\/blog\/wp-content\/uploads\/2017\/09\/san.jpg?fit=300%2C135\" data-large-file=\"https:\/\/i0.wp.com\/blogdalucianaoliveira.com.br\/blog\/wp-content\/uploads\/2017\/09\/san.jpg?fit=600%2C270\" src=\"https:\/\/i0.wp.com\/blogdalucianaoliveira.com.br\/blog\/wp-content\/uploads\/2017\/09\/san.jpg?resize=600%2C270\" alt=\"san\" width=\"600\" height=\"270\" class=\"alignnone size-full wp-image-13758\" srcset=\"https:\/\/i0.wp.com\/blogdalucianaoliveira.com.br\/blog\/wp-content\/uploads\/2017\/09\/san.jpg?w=930 930w, https:\/\/i0.wp.com\/blogdalucianaoliveira.com.br\/blog\/wp-content\/uploads\/2017\/09\/san.jpg?resize=300%2C135 300w, https:\/\/i0.wp.com\/blogdalucianaoliveira.com.br\/blog\/wp-content\/uploads\/2017\/09\/san.jpg?resize=768%2C346 768w, https:\/\/i0.wp.com\/blogdalucianaoliveira.com.br\/blog\/wp-content\/uploads\/2017\/09\/san.jpg?resize=666%2C300 666w\" sizes=\"auto, (max-width: 600px) 100vw, 600px\" \/><\/p>\n<p><img data-recalc-dims=\"1\" loading=\"lazy\" decoding=\"async\" data-attachment-id=\"13759\" data-permalink=\"http:\/\/blogdalucianaoliveira.com.br\/blog\/2017\/09\/19\/os-dias-tem-sido-assim\/te\/\" data-orig-file=\"https:\/\/i0.wp.com\/blogdalucianaoliveira.com.br\/blog\/wp-content\/uploads\/2017\/09\/te.jpeg?fit=620%2C372\" data-orig-size=\"620,372\" data-comments-opened=\"0\" data-image-meta=\"{&quot;aperture&quot;:&quot;0&quot;,&quot;credit&quot;:&quot;&quot;,&quot;camera&quot;:&quot;&quot;,&quot;caption&quot;:&quot;&quot;,&quot;created_timestamp&quot;:&quot;0&quot;,&quot;copyright&quot;:&quot;&quot;,&quot;focal_length&quot;:&quot;0&quot;,&quot;iso&quot;:&quot;0&quot;,&quot;shutter_speed&quot;:&quot;0&quot;,&quot;title&quot;:&quot;&quot;,&quot;orientation&quot;:&quot;0&quot;}\" data-image-title=\"te\" data-image-description=\"\" data-image-caption=\"\" data-medium-file=\"https:\/\/i0.wp.com\/blogdalucianaoliveira.com.br\/blog\/wp-content\/uploads\/2017\/09\/te.jpeg?fit=300%2C180\" data-large-file=\"https:\/\/i0.wp.com\/blogdalucianaoliveira.com.br\/blog\/wp-content\/uploads\/2017\/09\/te.jpeg?fit=600%2C360\" src=\"https:\/\/i0.wp.com\/blogdalucianaoliveira.com.br\/blog\/wp-content\/uploads\/2017\/09\/te.jpeg?resize=600%2C360\" alt=\"te\" width=\"600\" height=\"360\" class=\"alignnone size-full wp-image-13759\" srcset=\"https:\/\/i0.wp.com\/blogdalucianaoliveira.com.br\/blog\/wp-content\/uploads\/2017\/09\/te.jpeg?w=620 620w, https:\/\/i0.wp.com\/blogdalucianaoliveira.com.br\/blog\/wp-content\/uploads\/2017\/09\/te.jpeg?resize=300%2C180 300w, https:\/\/i0.wp.com\/blogdalucianaoliveira.com.br\/blog\/wp-content\/uploads\/2017\/09\/te.jpeg?resize=500%2C300 500w\" sizes=\"auto, (max-width: 600px) 100vw, 600px\" \/><\/p>\n<p><img data-recalc-dims=\"1\" loading=\"lazy\" decoding=\"async\" data-attachment-id=\"13763\" data-permalink=\"http:\/\/blogdalucianaoliveira.com.br\/blog\/2017\/09\/19\/os-dias-tem-sido-assim\/eduadro\/\" data-orig-file=\"https:\/\/i0.wp.com\/blogdalucianaoliveira.com.br\/blog\/wp-content\/uploads\/2017\/09\/eduadro.jpg?fit=1280%2C720\" data-orig-size=\"1280,720\" data-comments-opened=\"0\" data-image-meta=\"{&quot;aperture&quot;:&quot;0&quot;,&quot;credit&quot;:&quot;&quot;,&quot;camera&quot;:&quot;&quot;,&quot;caption&quot;:&quot;&quot;,&quot;created_timestamp&quot;:&quot;0&quot;,&quot;copyright&quot;:&quot;&quot;,&quot;focal_length&quot;:&quot;0&quot;,&quot;iso&quot;:&quot;0&quot;,&quot;shutter_speed&quot;:&quot;0&quot;,&quot;title&quot;:&quot;&quot;,&quot;orientation&quot;:&quot;0&quot;}\" data-image-title=\"eduadro\" data-image-description=\"\" data-image-caption=\"\" data-medium-file=\"https:\/\/i0.wp.com\/blogdalucianaoliveira.com.br\/blog\/wp-content\/uploads\/2017\/09\/eduadro.jpg?fit=300%2C169\" data-large-file=\"https:\/\/i0.wp.com\/blogdalucianaoliveira.com.br\/blog\/wp-content\/uploads\/2017\/09\/eduadro.jpg?fit=600%2C338\" src=\"https:\/\/i0.wp.com\/blogdalucianaoliveira.com.br\/blog\/wp-content\/uploads\/2017\/09\/eduadro.jpg?resize=600%2C338\" alt=\"eduadro\" width=\"600\" height=\"338\" class=\"alignnone size-full wp-image-13763\" srcset=\"https:\/\/i0.wp.com\/blogdalucianaoliveira.com.br\/blog\/wp-content\/uploads\/2017\/09\/eduadro.jpg?w=1280 1280w, https:\/\/i0.wp.com\/blogdalucianaoliveira.com.br\/blog\/wp-content\/uploads\/2017\/09\/eduadro.jpg?resize=300%2C169 300w, https:\/\/i0.wp.com\/blogdalucianaoliveira.com.br\/blog\/wp-content\/uploads\/2017\/09\/eduadro.jpg?resize=768%2C432 768w, https:\/\/i0.wp.com\/blogdalucianaoliveira.com.br\/blog\/wp-content\/uploads\/2017\/09\/eduadro.jpg?resize=1024%2C576 1024w, https:\/\/i0.wp.com\/blogdalucianaoliveira.com.br\/blog\/wp-content\/uploads\/2017\/09\/eduadro.jpg?resize=533%2C300 533w, https:\/\/i0.wp.com\/blogdalucianaoliveira.com.br\/blog\/wp-content\/uploads\/2017\/09\/eduadro.jpg?w=1200 1200w\" sizes=\"auto, (max-width: 600px) 100vw, 600px\" \/><\/p>\n<p>Os dias se parecem como na ditadura.<\/p>\n<p>Os discursos de \u00f3dio empestam as redes sociais e incentivam decis\u00f5es legislativas e judiciais que simplesmente n\u00e3o t\u00eam cabimento numa sociedade que avan\u00e7a.<\/p>\n<p>\u00c9 o caso da decis\u00e3o tomada pelo juiz Waldemar Cl\u00e1udio de Carvalho, que acatou parcialmente o pedido de liminar da a\u00e7\u00e3o popular que requeria a suspens\u00e3o da resolu\u00e7\u00e3o 01\/1999, obst\u00e1culo a psic\u00f3logos para tratar a homossexualidade como doen\u00e7a. <\/p>\n<p>O juiz manteve a resolu\u00e7\u00e3o, mas determinou que o Conselho Federal de Psicologia n\u00e3o impe\u00e7a profissionais de tentarem reverter a escolha de quem ama o mesmo sexo.<\/p>\n<p>Psic\u00f3logos que se prestarem \u00e0 revers\u00e3o da orienta\u00e7\u00e3o sexual s\u00e3o \u2018doentes\u2019.<\/p>\n<p>Quando nasci, para a psiquiatria e psicologia, a homossexualidade j\u00e1 n\u00e3o constava na lista de transtornos mentais ou emocionais. <\/p>\n<p>Em 1990, a Organiza\u00e7\u00e3o Mundial de Sa\u00fade ampliou o entendimento para que nunca mais o homossexualismo fosse vista como patologia. <\/p>\n<p>A revers\u00e3o da op\u00e7\u00e3o sexual j\u00e1 foi &#8216;tratada&#8217; ao longo de s\u00e9culos com pris\u00e3o, hipnose, castra\u00e7\u00e3o, choque, lobotomia e forca.  <\/p>\n<p>Esse juiz abriu um precedente, que por mais que n\u00e3o se estabele\u00e7a, reacende um debate ultrapassado e que s\u00f3 serve para alimentar o discurso homof\u00f3bico.<\/p>\n<p>Pior, para tornar ainda mais frequentes, os casos de constrangimentos, agress\u00f5es e mortes de L\u00e9sbicas, Gays, Bissexuais e Transexuais (LGBT).<\/p>\n<p>Como calcular o retrocesso que a decis\u00e3o imp\u00f5e a um grupo social que conquistou tantas vit\u00f3rias sociais, pol\u00edticas e jur\u00eddicas?<\/p>\n<p>Pude ver entre tantas conquistas, ainda que insuficientes, o direito ao casamento e \u00e0 ado\u00e7\u00e3o por casais homoafetivos, a mudan\u00e7a de nome civil e social e a possibilidade de cirurgia de mudan\u00e7a de sexo e de reprodu\u00e7\u00e3o assistida feita pelo SUS.<\/p>\n<p>O retrocesso que vemos \u00e9 uma desgra\u00e7a promovida por parlamentares e ju\u00edzes fundamentalistas.<\/p>\n<p>O deus do \u00f3dio fascina multid\u00f5es e o discurso dos doentes ganha robustez.<\/p>\n<p>Quem lutou para garantir direitos fundamentais e usufruir de um ambiente mais civilizado, vai precisar do dobro de coragem e for\u00e7a para enfrentar \u00e0 ofensiva retr\u00f3grada.  <\/p>\n<p>S\u00f3 h\u00e1 duas op\u00e7\u00f5es: resistir ou se submeter aos \u2018doentes\u2019.<\/p>\n","protected":false},"excerpt":{"rendered":"<p>Nasci entre o auge e o in\u00edcio da decad\u00eancia do regime militar no Brasil.<\/p>\n","protected":false},"author":1,"featured_media":0,"comment_status":"closed","ping_status":"open","sticky":false,"template":"","format":"standard","meta":{"_exactmetrics_skip_tracking":false,"_exactmetrics_sitenote_active":false,"_exactmetrics_sitenote_note":"","_exactmetrics_sitenote_category":0,"jetpack_post_was_ever_published":false,"_jetpack_newsletter_access":"","_jetpack_dont_email_post_to_subs":false,"_jetpack_newsletter_tier_id":0,"_jetpack_memberships_contains_paywalled_content":false,"_jetpack_memberships_contains_paid_content":false,"footnotes":"","jetpack_publicize_message":"","jetpack_publicize_feature_enabled":true,"jetpack_social_post_already_shared":true,"jetpack_social_options":{"image_generator_settings":{"template":"highway","enabled":false},"version":2}},"categories":[1],"tags":[341,325,39,340],"class_list":["post-13748","post","type-post","status-publish","format-standard","hentry","category-notas","tag-censura","tag-ditadura","tag-golpe","tag-retrocesso"],"jetpack_publicize_connections":[],"jetpack_sharing_enabled":true,"jetpack_featured_media_url":"","jetpack_shortlink":"https:\/\/wp.me\/p7wKYW-3zK","jetpack-related-posts":[],"_links":{"self":[{"href":"http:\/\/blogdalucianaoliveira.com.br\/blog\/wp-json\/wp\/v2\/posts\/13748","targetHints":{"allow":["GET"]}}],"collection":[{"href":"http:\/\/blogdalucianaoliveira.com.br\/blog\/wp-json\/wp\/v2\/posts"}],"about":[{"href":"http:\/\/blogdalucianaoliveira.com.br\/blog\/wp-json\/wp\/v2\/types\/post"}],"author":[{"embeddable":true,"href":"http:\/\/blogdalucianaoliveira.com.br\/blog\/wp-json\/wp\/v2\/users\/1"}],"replies":[{"embeddable":true,"href":"http:\/\/blogdalucianaoliveira.com.br\/blog\/wp-json\/wp\/v2\/comments?post=13748"}],"version-history":[{"count":8,"href":"http:\/\/blogdalucianaoliveira.com.br\/blog\/wp-json\/wp\/v2\/posts\/13748\/revisions"}],"predecessor-version":[{"id":13764,"href":"http:\/\/blogdalucianaoliveira.com.br\/blog\/wp-json\/wp\/v2\/posts\/13748\/revisions\/13764"}],"wp:attachment":[{"href":"http:\/\/blogdalucianaoliveira.com.br\/blog\/wp-json\/wp\/v2\/media?parent=13748"}],"wp:term":[{"taxonomy":"category","embeddable":true,"href":"http:\/\/blogdalucianaoliveira.com.br\/blog\/wp-json\/wp\/v2\/categories?post=13748"},{"taxonomy":"post_tag","embeddable":true,"href":"http:\/\/blogdalucianaoliveira.com.br\/blog\/wp-json\/wp\/v2\/tags?post=13748"}],"curies":[{"name":"wp","href":"https:\/\/api.w.org\/{rel}","templated":true}]}}