{"id":13768,"date":"2017-09-19T16:07:20","date_gmt":"2017-09-19T20:07:20","guid":{"rendered":"http:\/\/blogdalucianaoliveira.com.br\/blog\/?p=13768"},"modified":"2017-09-19T16:17:32","modified_gmt":"2017-09-19T20:17:32","slug":"a-venda-da-eletrobraseletronorte-vai-colocar-o-brasil-nas-maos-das-grandes-potencias-mundiaisa-venda-da-eletrobraseletronorte-vai-colocar-o-brasil-nas-maos-das-grandes-potencias-mundiais","status":"publish","type":"post","link":"http:\/\/blogdalucianaoliveira.com.br\/blog\/2017\/09\/19\/a-venda-da-eletrobraseletronorte-vai-colocar-o-brasil-nas-maos-das-grandes-potencias-mundiaisa-venda-da-eletrobraseletronorte-vai-colocar-o-brasil-nas-maos-das-grandes-potencias-mundiais\/","title":{"rendered":"A venda da Eletrobras\/Eletronorte vai colocar o Brasil nas m\u00e3os das grandes pot\u00eancias mundiais"},"content":{"rendered":"<p><img data-recalc-dims=\"1\" loading=\"lazy\" decoding=\"async\" data-attachment-id=\"13769\" data-permalink=\"http:\/\/blogdalucianaoliveira.com.br\/blog\/2017\/09\/19\/a-venda-da-eletrobraseletronorte-vai-colocar-o-brasil-nas-maos-das-grandes-potencias-mundiaisa-venda-da-eletrobraseletronorte-vai-colocar-o-brasil-nas-maos-das-grandes-potencias-mundiais\/ele-4\/\" data-orig-file=\"https:\/\/i0.wp.com\/blogdalucianaoliveira.com.br\/blog\/wp-content\/uploads\/2017\/09\/ele.jpeg?fit=768%2C512\" data-orig-size=\"768,512\" data-comments-opened=\"0\" data-image-meta=\"{&quot;aperture&quot;:&quot;0&quot;,&quot;credit&quot;:&quot;&quot;,&quot;camera&quot;:&quot;&quot;,&quot;caption&quot;:&quot;&quot;,&quot;created_timestamp&quot;:&quot;0&quot;,&quot;copyright&quot;:&quot;&quot;,&quot;focal_length&quot;:&quot;0&quot;,&quot;iso&quot;:&quot;0&quot;,&quot;shutter_speed&quot;:&quot;0&quot;,&quot;title&quot;:&quot;&quot;,&quot;orientation&quot;:&quot;0&quot;}\" data-image-title=\"ele\" data-image-description=\"\" data-image-caption=\"\" data-medium-file=\"https:\/\/i0.wp.com\/blogdalucianaoliveira.com.br\/blog\/wp-content\/uploads\/2017\/09\/ele.jpeg?fit=300%2C200\" data-large-file=\"https:\/\/i0.wp.com\/blogdalucianaoliveira.com.br\/blog\/wp-content\/uploads\/2017\/09\/ele.jpeg?fit=600%2C400\" src=\"https:\/\/i0.wp.com\/blogdalucianaoliveira.com.br\/blog\/wp-content\/uploads\/2017\/09\/ele.jpeg?resize=600%2C400\" alt=\"ele\" width=\"600\" height=\"400\" class=\"alignnone size-full wp-image-13769\" srcset=\"https:\/\/i0.wp.com\/blogdalucianaoliveira.com.br\/blog\/wp-content\/uploads\/2017\/09\/ele.jpeg?w=768 768w, https:\/\/i0.wp.com\/blogdalucianaoliveira.com.br\/blog\/wp-content\/uploads\/2017\/09\/ele.jpeg?resize=300%2C200 300w, https:\/\/i0.wp.com\/blogdalucianaoliveira.com.br\/blog\/wp-content\/uploads\/2017\/09\/ele.jpeg?resize=450%2C300 450w\" sizes=\"auto, (max-width: 600px) 100vw, 600px\" \/><\/p>\n<p>A soberania brasileira \u2013 que \u00e9 a liberdade que o pa\u00eds tem para administrar e usufruir de suas riquezas \u2013 estar\u00e1 seriamente comprometida caso se concretize o projeto de Temer que \u00e9 a venda da Eletrobras e Eletronorte para empresas estrangeiras. Al\u00e9m de promoverem o desenvolvimento econ\u00f4mico e social com a produ\u00e7\u00e3o e gera\u00e7\u00e3o de energia, as duas empresas s\u00e3o tamb\u00e9m estrat\u00e9gicas porque det\u00e9m um vasto conhecimento sobre as potencialidades h\u00eddricas e energ\u00e9ticas e que v\u00e3o ser entregues de m\u00e3os beijadas para as pot\u00eancias mundiais.<!--more--><\/p>\n<p>     Esta foi a principal preocupa\u00e7\u00e3o apresentada durante a Audi\u00eancia P\u00fablica promovida pela Comiss\u00e3o de Direitos Humanos e Defesa do Consumidor da Assembleia Legislativa do Par\u00e1, comandada pelo deputado Carlos Bordalo (PT), a pedido do Sindicato dos Urbanit\u00e1rios do Par\u00e1. A CUT Par\u00e1 esteve representada por sua presidenta Euci Ana Gon\u00e7alves.<\/p>\n<p>\u201cPrivatizar empresas estatais \u00e9 uma agenda tardia, abandonada no mundo todo e derrotada nas quatro \u00faltimas elei\u00e7\u00f5es presidenciais. A privatiza\u00e7\u00e3o da Eletrobr\u00e1s e Eletronorte \u00e9 inegoci\u00e1vel\u201d, provocou Bordalo. Nailor Gato, da Federa\u00e7\u00e3o Nacional dos Urbanit\u00e1rios (FNU), explicou que o governo Temer tem necessidade de entregar nossas empresas porque essa \u00e9 a agenda de quem financiou o golpe que derrubou a presidenta eleita Dilma Rousseff. \u201cDefender a Eletronorte e a Eletrobras \u00e9 defender a Amaz\u00f4nia e o Brasil. E n\u00f3s temos que fazer essa luta\u201d, falou.<\/p>\n<p>Jos\u00e9 Bianor, presidente do Sindicato dos Urbanit\u00e1rios do Par\u00e1 e com 41 anos de Eletronorte, alertou que o processo de privatiza\u00e7\u00e3o \u00e9 r\u00e1pido, pois uma vez consumada a venda s\u00e3o apenas 200 dias para entregar tudo. \u201cIsso \u00e9 uma agress\u00e3o, uma maldade muito grande\u201d, lamentou.<\/p>\n<p>O representante do Movimento dos Atingidos por Barragens (MAB), Iuri Paulino observou que o Brasil est\u00e1 indo na contram\u00e3o do mundo, pois nenhuma na\u00e7\u00e3o vende suas empresas estrat\u00e9gicas e at\u00e9 mesmo os Estados Unidos est\u00e3o reestatizando as suas. Iuri mostrou que o governo j\u00e1 investiu R$ 400 bilh\u00f5es na Eletrobr\u00e1s, dinheiro dos impostos pagos pelo povo brasileiro, mas que Temer agora vai vend\u00ea-la por R$ 20 bilh\u00f5es.<\/p>\n<p>\u201c\u00c9 uma quadrilha que entrou para saquear o que puder porque sabe que n\u00e3o tem muito tempo. O povo brasileiro precisa ser informado sobre isso, precisamos conversar, fazer audi\u00eancias nos munic\u00edpios, nos bairros\u201d, defendeu Iuri.<\/p>\n<p>A presidenta da CUT Par\u00e1, Euci Ana Gon\u00e7alves, informou que a central fez recentemente seu congresso nacional extraordin\u00e1rio onde foi aprovado um plano de lutas que inclui a defesa das empresas p\u00fablicas. Segundo ela, a CUT vai investir num processo de forma\u00e7\u00e3o para fazer com que essas informa\u00e7\u00f5es cheguem \u00e0 popula\u00e7\u00e3o. \u201cN\u00f3s, sindicalistas, precisamos conhecer a hist\u00f3ria para fazer a defesa dessas empresas\u201d. Ela tamb\u00e9m defendeu a unidade pol\u00edtica da classe trabalhadora para reagir contra esse e outros ataques contra o pa\u00eds e seu povo.<\/p>\n<p>Dificuldade de Acesso \u2013 Todos os debatedores foram un\u00e2nimes em mostrar que, com a privatiza\u00e7\u00e3o das empresas de energia el\u00e9trica, o acesso aos servi\u00e7os ser\u00e1 muito mais dif\u00edcil porque o empres\u00e1rio s\u00f3 vai investir no que d\u00e1 lucro. E a consequ\u00eancia imediata ser\u00e1 a extin\u00e7\u00e3o do programa Luz Para Todos e um aumento de 17% nas tarifas, dados j\u00e1 revelados pela pr\u00f3pria Ag\u00eancia Nacional de Energia El\u00e9trica (ANEEL).<\/p>\n<p>O trabalho feito pela Eletrobr\u00e1s e sua empresas com o programa Luz Para Todos exemplifica muito bem, na opini\u00e3o dos debatedores, o que \u00e9 uma empresa p\u00fablica. \u201cA Eletrobras quer lucro, mas visa principalmente o desenvolvimento do Brasil, busca atender \u00e0 popula\u00e7\u00e3o brasileira. \u00c9 o papel dela chegar \u00e0s pequenas comunidades porque a energia n\u00e3o \u00e9 mercadoria, \u00e9 uma quest\u00e3o social e estrat\u00e9gica\u201d, disse Carlos Campos, urbanit\u00e1rio do Distrito Federal.<\/p>\n<p>Exemplos n\u00e3o faltaram para mostrar os malef\u00edcios da privatiza\u00e7\u00e3o. Jos\u00e9 Irton, do estado do Amazonas, citou que a venda das empresas de Telecomunica\u00e7\u00f5es durante o governo de Fernando Henrique Cardoso (PSDB) foi um projeto falido. \u2018As empresas faliram e agora o Temer est\u00e1 salvando elas com dinheiro p\u00fablico. Essas empresas privadas n\u00e3o investem em telefonia m\u00f3vel nos rinc\u00f5es da Amaz\u00f4nia porque n\u00e3o \u00e9 interesse do empres\u00e1rio, j\u00e1 que n\u00e3o h\u00e1 retorno financeiro\u201d.<\/p>\n<p>Ronaldo Romero, do Dieese e tamb\u00e9m urbanit\u00e1rio, deu um exemplo local para mostrar os preju\u00edzos provocados com a venda de empresas p\u00fablicas. Desde a data da privatiza\u00e7\u00e3o das Centrais El\u00e9tricas do Par\u00e1 (Celpa), em julho de 1998, a tarifa de energia j\u00e1 subiu mais de 550%, enquanto a infla\u00e7\u00e3o do per\u00edodo \u00e9 de 240%. Quanto aos empregos, ele mostrou que na d\u00e9cada de 1980, a Celpa tinha tr\u00eas mil trabalhadores e hoje o quadro reduziu para 1.400.<\/p>\n<p>Ronaldo Romero defendeu que os movimentos e entidades precisam provocar os governadores da regi\u00e3o, os parlamentares estaduais, federais e senadores a se posicionarem se s\u00e3o contra ou a favor da venda da Eletrobras\/Eletronorte.<\/p>\n<p>Nesta sexta-feira (15) haver\u00e1 uma ato em frente a Eletrobr\u00e1s, na avenida Perimetral, em Bel\u00e9m.<\/p>\n<p>Fonte: F\u00e1tima Gon\u00e7alves<\/p>\n","protected":false},"excerpt":{"rendered":"<p>A soberania brasileira \u2013 que \u00e9 a liberdade que o pa\u00eds tem para administrar e usufruir de suas riquezas \u2013 estar\u00e1 seriamente comprometida caso se concretize o projeto de Temer que \u00e9 a venda da Eletrobras e Eletronorte para empresas estrangeiras. Al\u00e9m de promoverem o desenvolvimento econ\u00f4mico e social com a produ\u00e7\u00e3o e gera\u00e7\u00e3o de&#8230;<a class=\"more-link\" href=\"http:\/\/blogdalucianaoliveira.com.br\/blog\/2017\/09\/19\/a-venda-da-eletrobraseletronorte-vai-colocar-o-brasil-nas-maos-das-grandes-potencias-mundiaisa-venda-da-eletrobraseletronorte-vai-colocar-o-brasil-nas-maos-das-grandes-potencias-mundiais\/\">Continue a leitura <span class=\"meta-nav\">&raquo;<\/span><\/a><\/p>\n","protected":false},"author":1,"featured_media":0,"comment_status":"closed","ping_status":"open","sticky":false,"template":"","format":"standard","meta":{"_exactmetrics_skip_tracking":false,"_exactmetrics_sitenote_active":false,"_exactmetrics_sitenote_note":"","_exactmetrics_sitenote_category":0,"jetpack_post_was_ever_published":false,"_jetpack_newsletter_access":"","_jetpack_dont_email_post_to_subs":false,"_jetpack_newsletter_tier_id":0,"_jetpack_memberships_contains_paywalled_content":false,"_jetpack_memberships_contains_paid_content":false,"footnotes":"","jetpack_publicize_message":"","jetpack_publicize_feature_enabled":true,"jetpack_social_post_already_shared":true,"jetpack_social_options":{"image_generator_settings":{"template":"highway","enabled":false},"version":2}},"categories":[1],"tags":[],"class_list":["post-13768","post","type-post","status-publish","format-standard","hentry","category-notas"],"jetpack_publicize_connections":[],"jetpack_sharing_enabled":true,"jetpack_featured_media_url":"","jetpack_shortlink":"https:\/\/wp.me\/p7wKYW-3A4","jetpack-related-posts":[],"_links":{"self":[{"href":"http:\/\/blogdalucianaoliveira.com.br\/blog\/wp-json\/wp\/v2\/posts\/13768","targetHints":{"allow":["GET"]}}],"collection":[{"href":"http:\/\/blogdalucianaoliveira.com.br\/blog\/wp-json\/wp\/v2\/posts"}],"about":[{"href":"http:\/\/blogdalucianaoliveira.com.br\/blog\/wp-json\/wp\/v2\/types\/post"}],"author":[{"embeddable":true,"href":"http:\/\/blogdalucianaoliveira.com.br\/blog\/wp-json\/wp\/v2\/users\/1"}],"replies":[{"embeddable":true,"href":"http:\/\/blogdalucianaoliveira.com.br\/blog\/wp-json\/wp\/v2\/comments?post=13768"}],"version-history":[{"count":2,"href":"http:\/\/blogdalucianaoliveira.com.br\/blog\/wp-json\/wp\/v2\/posts\/13768\/revisions"}],"predecessor-version":[{"id":13774,"href":"http:\/\/blogdalucianaoliveira.com.br\/blog\/wp-json\/wp\/v2\/posts\/13768\/revisions\/13774"}],"wp:attachment":[{"href":"http:\/\/blogdalucianaoliveira.com.br\/blog\/wp-json\/wp\/v2\/media?parent=13768"}],"wp:term":[{"taxonomy":"category","embeddable":true,"href":"http:\/\/blogdalucianaoliveira.com.br\/blog\/wp-json\/wp\/v2\/categories?post=13768"},{"taxonomy":"post_tag","embeddable":true,"href":"http:\/\/blogdalucianaoliveira.com.br\/blog\/wp-json\/wp\/v2\/tags?post=13768"}],"curies":[{"name":"wp","href":"https:\/\/api.w.org\/{rel}","templated":true}]}}