{"id":13778,"date":"2017-09-20T10:44:04","date_gmt":"2017-09-20T14:44:04","guid":{"rendered":"http:\/\/blogdalucianaoliveira.com.br\/blog\/?p=13778"},"modified":"2017-09-20T10:45:12","modified_gmt":"2017-09-20T14:45:12","slug":"militares-golpistas-entram-em-cena","status":"publish","type":"post","link":"http:\/\/blogdalucianaoliveira.com.br\/blog\/2017\/09\/20\/militares-golpistas-entram-em-cena\/","title":{"rendered":"Militares golpistas entram em cena"},"content":{"rendered":"<p><img data-recalc-dims=\"1\" loading=\"lazy\" decoding=\"async\" data-attachment-id=\"13779\" data-permalink=\"http:\/\/blogdalucianaoliveira.com.br\/blog\/2017\/09\/20\/militares-golpistas-entram-em-cena\/mili\/\" data-orig-file=\"https:\/\/i0.wp.com\/blogdalucianaoliveira.com.br\/blog\/wp-content\/uploads\/2017\/09\/mili.png?fit=490%2C280\" data-orig-size=\"490,280\" data-comments-opened=\"0\" data-image-meta=\"{&quot;aperture&quot;:&quot;0&quot;,&quot;credit&quot;:&quot;&quot;,&quot;camera&quot;:&quot;&quot;,&quot;caption&quot;:&quot;&quot;,&quot;created_timestamp&quot;:&quot;0&quot;,&quot;copyright&quot;:&quot;&quot;,&quot;focal_length&quot;:&quot;0&quot;,&quot;iso&quot;:&quot;0&quot;,&quot;shutter_speed&quot;:&quot;0&quot;,&quot;title&quot;:&quot;&quot;,&quot;orientation&quot;:&quot;0&quot;}\" data-image-title=\"mili\" data-image-description=\"\" data-image-caption=\"\" data-medium-file=\"https:\/\/i0.wp.com\/blogdalucianaoliveira.com.br\/blog\/wp-content\/uploads\/2017\/09\/mili.png?fit=300%2C171\" data-large-file=\"https:\/\/i0.wp.com\/blogdalucianaoliveira.com.br\/blog\/wp-content\/uploads\/2017\/09\/mili.png?fit=490%2C280\" src=\"https:\/\/i0.wp.com\/blogdalucianaoliveira.com.br\/blog\/wp-content\/uploads\/2017\/09\/mili.png?resize=490%2C280\" alt=\"mili\" width=\"490\" height=\"280\" class=\"alignnone size-full wp-image-13779\" srcset=\"https:\/\/i0.wp.com\/blogdalucianaoliveira.com.br\/blog\/wp-content\/uploads\/2017\/09\/mili.png?w=490 490w, https:\/\/i0.wp.com\/blogdalucianaoliveira.com.br\/blog\/wp-content\/uploads\/2017\/09\/mili.png?resize=300%2C171 300w\" sizes=\"auto, (max-width: 490px) 100vw, 490px\" \/><\/p>\n<p>No 247, por Emir Sader &#8211; Sempre houve vozes dentro das FFAA reivindicando o que fizeram no passado e atualizando seu direitos de intervir na vida politica do Pa\u00eds. Sempre foram vozes mais ou menos isoladas, expressando o mesmo tipo de radicaliza\u00e7\u00e3o violenta que existe hoje em setores da sociedade brasileira.<!--more--><\/p>\n<p>O que trouxe de novo esta manifesta\u00e7\u00e3o golpista \u00e9 que se trata de um general da ativa e que busca justificar uma nova interven\u00e7\u00e3o golpista das FFAA. Alega que, se o Judici\u00e1rio n\u00e3o resolver o problema de pol\u00edticos que teriam cometido ilegalidades, restaria \u00e0s FFAA intervir de novo.<\/p>\n<p>O novo tamb\u00e9m foi a aus\u00eancia total de puni\u00e7\u00e3o ou sequer de reprimendas e, pior, o comandante do Ex\u00e9rcito n\u00e3o apenas diz que o general golpista n\u00e3o ser\u00e1 punido, como alega que \u201cas FFAA t\u00eam mandato para fazer (uma interven\u00e7\u00e3o militar) na imin\u00eancia de um caos\u201d. Uma justificativa id\u00eantica \u00e0 que levou, em 1964, as FFAA a romperem com a democracia e instaurarem a mais brutal ditadura que o Pa\u00eds j\u00e1 conheceu, violando os direitos humanos, destruindo tudo o que tivesse que ver com democracia, executando a acusados, desenvolvendo a tortura como m\u00e9todo sistem\u00e1tico de interrogat\u00f3rio. Foram condenados pela democracia, a Comiss\u00e3o da Verdade trouxe \u00e0 tona uma parte das barbaridades cometidas pelas FFAA, que nunca reconheceram, no entanto, as monstruosidades que cometeram, nem puniram os respons\u00e1veis por elas.<\/p>\n<p>Quando o governo imposto pelo golpe produz um caos no Pa\u00eds, tanto econ\u00f4mico, como pol\u00edtico e institucional; quando a direita fica sem<br \/>\nsa\u00edda institucional para dar continuidade ao golpe; quando a rea\u00e7\u00e3o popular \u00e9 de condena\u00e7\u00e3o ao golpe e a seus projetos antipopulares; quando surge a perspectiva concreta de um resgate do direito do povo decidir sobre seu destino e essa via aponta para a vit\u00f3ria do Lula. Quando acontece tudo isso, retornam vozes soturnas da caserna \u2013 e da caverna -, amea\u00e7ando o Pa\u00eds com um novo golpe militar.<\/p>\n<p>O comandante do Ex\u00e9rcito faz uma interpreta\u00e7\u00e3o completamente arrevezada da Constitui\u00e7\u00e3o, para alegar que teriam o direito de interven\u00e7\u00e3o, em caso de caos. Caos que seria definido pelos pr\u00f3prios militares, como momento de interven\u00e7\u00e3o. Se reivindicam assim o direito de tutela sobre a democracia e sobre o povo brasileiro. Este, incapaz, segundo os golpistas, de resolver os problemas do Pa\u00eds \u2013 porque privado dessa possibilidade pelo golpe atual -, deixaria nas m\u00e3os dos militares golpistas \u201crestabelecer a ordem no Pa\u00eds\u201d.<\/p>\n<p>Ordem que seria restabelecida com a ponta dos fuzis e o movimento dos tanques, destruindo o que ainda sobrevive de democracia no Brasil de hoje e impondo de novo o regime de terror que s\u00f3 envergonhou o Pa\u00eds no passado.<\/p>\n<p>Esse comandante tem que ser chamado ao Parlamento, para revelar de onde ele tirou essa interpreta\u00e7\u00e3o da Constitui\u00e7\u00e3o, porque ele n\u00e3o pune e ainda legitima o general golpista e, no caso dos esclarecimentos n\u00e3o serem suficientes, o Congresso deve pedir a imediata exonera\u00e7\u00e3o desse oficial, que n\u00e3o honra o juramento de defesa da Constitui\u00e7\u00e3o.<\/p>\n<p>N\u00e3o houve uma tentativa de golpe ainda, mas os oficiais das FFAA voltam a se projetar como agentes pol\u00edticos de solu\u00e7\u00e3o militar da crise atual, projetando o fantasma da imposi\u00e7\u00e3o de novo de um regime de terror sobre a sociedade. \u00c9 hora de cortar o mal pela raiz, de bloquear a difus\u00e3o desse clima de amea\u00e7as golpistas de novo na sociedade, no momento em que a direita fica inerte diante do governo corrupto que ela instalou e se sente amea\u00e7ada pelo apoio popular do Lula.<\/p>\n","protected":false},"excerpt":{"rendered":"<p>No 247, por Emir Sader &#8211; Sempre houve vozes dentro das FFAA reivindicando o que fizeram no passado e atualizando seu direitos de intervir na vida politica do Pa\u00eds. Sempre foram vozes mais ou menos isoladas, expressando o mesmo tipo de radicaliza\u00e7\u00e3o violenta que existe hoje em setores da sociedade brasileira.<\/p>\n","protected":false},"author":1,"featured_media":13779,"comment_status":"closed","ping_status":"open","sticky":false,"template":"","format":"standard","meta":{"_exactmetrics_skip_tracking":false,"_exactmetrics_sitenote_active":false,"_exactmetrics_sitenote_note":"","_exactmetrics_sitenote_category":0,"jetpack_post_was_ever_published":false,"_jetpack_newsletter_access":"","_jetpack_dont_email_post_to_subs":false,"_jetpack_newsletter_tier_id":0,"_jetpack_memberships_contains_paywalled_content":false,"_jetpack_memberships_contains_paid_content":false,"footnotes":"","jetpack_publicize_message":"","jetpack_publicize_feature_enabled":true,"jetpack_social_post_already_shared":true,"jetpack_social_options":{"image_generator_settings":{"template":"highway","enabled":false},"version":2}},"categories":[1],"tags":[],"class_list":["post-13778","post","type-post","status-publish","format-standard","has-post-thumbnail","hentry","category-notas"],"jetpack_publicize_connections":[],"jetpack_sharing_enabled":true,"jetpack_featured_media_url":"https:\/\/i0.wp.com\/blogdalucianaoliveira.com.br\/blog\/wp-content\/uploads\/2017\/09\/mili.png?fit=490%2C280","jetpack_shortlink":"https:\/\/wp.me\/p7wKYW-3Ae","jetpack-related-posts":[],"_links":{"self":[{"href":"http:\/\/blogdalucianaoliveira.com.br\/blog\/wp-json\/wp\/v2\/posts\/13778","targetHints":{"allow":["GET"]}}],"collection":[{"href":"http:\/\/blogdalucianaoliveira.com.br\/blog\/wp-json\/wp\/v2\/posts"}],"about":[{"href":"http:\/\/blogdalucianaoliveira.com.br\/blog\/wp-json\/wp\/v2\/types\/post"}],"author":[{"embeddable":true,"href":"http:\/\/blogdalucianaoliveira.com.br\/blog\/wp-json\/wp\/v2\/users\/1"}],"replies":[{"embeddable":true,"href":"http:\/\/blogdalucianaoliveira.com.br\/blog\/wp-json\/wp\/v2\/comments?post=13778"}],"version-history":[{"count":1,"href":"http:\/\/blogdalucianaoliveira.com.br\/blog\/wp-json\/wp\/v2\/posts\/13778\/revisions"}],"predecessor-version":[{"id":13780,"href":"http:\/\/blogdalucianaoliveira.com.br\/blog\/wp-json\/wp\/v2\/posts\/13778\/revisions\/13780"}],"wp:featuredmedia":[{"embeddable":true,"href":"http:\/\/blogdalucianaoliveira.com.br\/blog\/wp-json\/wp\/v2\/media\/13779"}],"wp:attachment":[{"href":"http:\/\/blogdalucianaoliveira.com.br\/blog\/wp-json\/wp\/v2\/media?parent=13778"}],"wp:term":[{"taxonomy":"category","embeddable":true,"href":"http:\/\/blogdalucianaoliveira.com.br\/blog\/wp-json\/wp\/v2\/categories?post=13778"},{"taxonomy":"post_tag","embeddable":true,"href":"http:\/\/blogdalucianaoliveira.com.br\/blog\/wp-json\/wp\/v2\/tags?post=13778"}],"curies":[{"name":"wp","href":"https:\/\/api.w.org\/{rel}","templated":true}]}}