{"id":13796,"date":"2017-09-20T18:21:57","date_gmt":"2017-09-20T22:21:57","guid":{"rendered":"http:\/\/blogdalucianaoliveira.com.br\/blog\/?p=13796"},"modified":"2017-09-20T18:21:57","modified_gmt":"2017-09-20T22:21:57","slug":"temer-perde-no-stf-e-sera-julgado-na-camara-como-chefe-de-quadrilha","status":"publish","type":"post","link":"http:\/\/blogdalucianaoliveira.com.br\/blog\/2017\/09\/20\/temer-perde-no-stf-e-sera-julgado-na-camara-como-chefe-de-quadrilha\/","title":{"rendered":"TEMER PERDE NO STF E SER\u00c1 JULGADO NA C\u00c2MARA COMO CHEFE DE QUADRILHA"},"content":{"rendered":"<p><img data-recalc-dims=\"1\" loading=\"lazy\" decoding=\"async\" data-attachment-id=\"13797\" data-permalink=\"http:\/\/blogdalucianaoliveira.com.br\/blog\/2017\/09\/20\/temer-perde-no-stf-e-sera-julgado-na-camara-como-chefe-de-quadrilha\/chefe-3\/\" data-orig-file=\"https:\/\/i0.wp.com\/blogdalucianaoliveira.com.br\/blog\/wp-content\/uploads\/2017\/09\/chefe.jpg?fit=1000%2C357\" data-orig-size=\"1000,357\" data-comments-opened=\"0\" data-image-meta=\"{&quot;aperture&quot;:&quot;0&quot;,&quot;credit&quot;:&quot;&quot;,&quot;camera&quot;:&quot;&quot;,&quot;caption&quot;:&quot;&quot;,&quot;created_timestamp&quot;:&quot;0&quot;,&quot;copyright&quot;:&quot;&quot;,&quot;focal_length&quot;:&quot;0&quot;,&quot;iso&quot;:&quot;0&quot;,&quot;shutter_speed&quot;:&quot;0&quot;,&quot;title&quot;:&quot;&quot;,&quot;orientation&quot;:&quot;0&quot;}\" data-image-title=\"chefe\" data-image-description=\"\" data-image-caption=\"\" data-medium-file=\"https:\/\/i0.wp.com\/blogdalucianaoliveira.com.br\/blog\/wp-content\/uploads\/2017\/09\/chefe.jpg?fit=300%2C107\" data-large-file=\"https:\/\/i0.wp.com\/blogdalucianaoliveira.com.br\/blog\/wp-content\/uploads\/2017\/09\/chefe.jpg?fit=600%2C214\" src=\"https:\/\/i0.wp.com\/blogdalucianaoliveira.com.br\/blog\/wp-content\/uploads\/2017\/09\/chefe.jpg?resize=600%2C214\" alt=\"chefe\" width=\"600\" height=\"214\" class=\"alignnone size-full wp-image-13797\" srcset=\"https:\/\/i0.wp.com\/blogdalucianaoliveira.com.br\/blog\/wp-content\/uploads\/2017\/09\/chefe.jpg?w=1000 1000w, https:\/\/i0.wp.com\/blogdalucianaoliveira.com.br\/blog\/wp-content\/uploads\/2017\/09\/chefe.jpg?resize=300%2C107 300w, https:\/\/i0.wp.com\/blogdalucianaoliveira.com.br\/blog\/wp-content\/uploads\/2017\/09\/chefe.jpg?resize=768%2C274 768w, https:\/\/i0.wp.com\/blogdalucianaoliveira.com.br\/blog\/wp-content\/uploads\/2017\/09\/chefe.jpg?resize=800%2C286 800w\" sizes=\"auto, (max-width: 600px) 100vw, 600px\" \/><\/p>\n<p>Ag\u00eancia Brasil &#8211; A maioria do Supremo Tribunal Federal (STF) decidiu enviar a segunda den\u00fancia apresentada pelo ex-procurador-geral da Rep\u00fablica Rodrigo Janot sobre o presidente Michel Temer \u00e0 C\u00e2mara dos Deputados, conforme determina a Constitui\u00e7\u00e3o. O placar da vota\u00e7\u00e3o est\u00e1 em 6 votos a 1 pelo envio, contrariando pedido feito pela defesa do presidente. O julgamento continua para a tomada de mais quatro votos dos ministros.<!--more--><\/p>\n<p>At\u00e9 o momento, votaram pelo envio da den\u00fancia o relator, ministro Edson Fachin, al\u00e9m de Alexandre de Moraes, Lu\u00eds Roberto Barroso, Rosa Weber, Luiz Fux e Ricardo Lewandowski.<\/p>\n<p>Dias Toffoli abriu diverg\u00eancia e entendeu que a Corte poderia analisar sobre os fatos contra o presidente ocorreram durante o mandato.<\/p>\n<p>A autoriza\u00e7\u00e3o pr\u00e9via para processar o presidente da Rep\u00fablica est\u00e1 prevista no Artigo 86: &#8220;Admitida a acusa\u00e7\u00e3o contra o presidente da Rep\u00fablica, por dois ter\u00e7os da C\u00e2mara dos Deputados, ser\u00e1 ele submetido a julgamento perante o Supremo Tribunal Federal, nas infra\u00e7\u00f5es penais comuns, ou perante o Senado Federal, nos crimes de responsabilidade&#8221;.<\/p>\n<p>Ao analisar o caso, Barroso disse que n\u00e3o \u00e9 poss\u00edvel interferir na prerrogativa da C\u00e2mara dos Deputados e impedir que os deputados possam dar aval para o Supremo analisar o m\u00e9rito das acusa\u00e7\u00f5es. &#8220;Neste momento a palavra est\u00e1 com a C\u00e2mara dos Deputados. Saber se h\u00e1 ou n\u00e3o interesse p\u00fablico, se h\u00e1 ou n\u00e3o interesse do pa\u00eds em saber se esses fatos verdadeiramente aconteceram para que se possa absolver os inocentes e, eventualmente, condenar os culpados, se houver&#8221;, disse Barroso.<\/p>\n<p>Ao votar, a ministra Rosa Weber acompanhou os votos j\u00e1 proferidos na sess\u00e3o desta tarde e entendeu que a Corte n\u00e3o pode analisar quest\u00f5es levantadas pela defesa do presidente antes de autoriza\u00e7\u00e3o pr\u00e9via da C\u00e2mara dos Deputados. Al\u00e9m da ministra, o relator do caso, Edson Fachin, e os ministros Lu\u00eds Roberto Barroso e Alexandre de Moraes tamb\u00e9m seguiram o mesmo entendimento.<\/p>\n<p>Ap\u00f3s Rosa Weber, o ministro Luiz Fux tamb\u00e9m votou a favor do envio da den\u00fancia \u00e0 C\u00e2mara. O placar da vota\u00e7\u00e3o est\u00e1 em 5 votos a 0 pelo envio, contrariando pedido feito pela defesa do presidente.<\/p>\n<p>O julgamento foi motivado por um pedido feito pela defesa de Temer. Inicialmente, o advogado Ant\u00f4nio Claudio Mariz, representante do presidente, pretendia suspender uma eventual den\u00fancia em fun\u00e7\u00e3o da abertura do processo de revis\u00e3o da dela\u00e7\u00e3o do empres\u00e1rio Joesley Batista, dono da JBS. Na quinta-feira (14), ap\u00f3s o ex-procurador-geral da Rep\u00fablica, Rodrigo Janot enviar a den\u00fancia ao STF, Mariz entrou com outra peti\u00e7\u00e3o e pediu que a pe\u00e7a seja devolvida \u00e0 PGR.<\/p>\n<p>Para o advogado de Temer, as acusa\u00e7\u00f5es referem-se a um per\u00edodo em que o presidente n\u00e3o estava no cargo. De acordo com a Constitui\u00e7\u00e3o, o presidente da Rep\u00fablica n\u00e3o pode ser alvo de investiga\u00e7\u00e3o sobre fatos que aconteceram antes de assumir a chefia do governo. <\/p>\n<p>Leia reportagem anterior, da Ag\u00eancia Brasil, sobre o assunto:<\/p>\n<p>O ministro do Supremo Tribunal Federal (STF) Alexandre de Moraes votou hoje (20) pelo envio da segunda den\u00fancia apresentada pelo ex-procurador-geral da Rep\u00fablica Rodrigo Janot sobre o presidente Michel Temer \u00e0 C\u00e2mara dos Deputados, conforme determina a Constitui\u00e7\u00e3o. O placar da vota\u00e7\u00e3o est\u00e1 em 2 votos a 0 pelo envio da den\u00fancia. Ap\u00f3s o voto de Moraes, o julgamento foi suspenso para o intervalo.<\/p>\n<p>Em seu voto, Moraes tamb\u00e9m criticou a postura de Joesley Batista e Ricardo Saud, delatores da J&#038;F, que s\u00e3o acusados de esconderem da Procuradoria-Geral da Rep\u00fablica provas e grava\u00e7\u00f5es que deveriam ser entregues \u00e0s investiga\u00e7\u00f5es, conforme acordo de colabora\u00e7\u00e3o.<\/p>\n<p>Segundo o ministro, os acusados usaram uma &#8220;maneira rasteira e arrogante&#8221; para omitir fatos criminosos. Pelas omiss\u00f5es, a procuradoria abriu processo de revis\u00e3o dos benef\u00edcios e os delatores foram presos por determina\u00e7\u00e3o do STF.<\/p>\n<p>&#8220;Claramente, por parte dos delatores, ficou demonstrado pelas pr\u00f3prias palavras de dois delatores, que havia um desvio de finalidade, uma finalidade criminosa de buscar esses acordos&#8221;, afirmou Moraes.<\/p>\n<p>O julgamento foi motivado por um pedido feito pela defesa de Temer. Inicialmente, o advogado Ant\u00f4nio Claudio Mariz, representante do presidente, pretendia suspender uma eventual den\u00fancia em fun\u00e7\u00e3o da abertura do processo de revis\u00e3o da dela\u00e7\u00e3o do empres\u00e1rio Joesley Batista, dono da JBS.<\/p>\n<p>Na quinta-feira (14), depois de o ex-procurador-geral da Rep\u00fablica Rodrigo Janot enviar a den\u00fancia ao STF, Mariz entrou com outra peti\u00e7\u00e3o e pediu que a pe\u00e7a seja devolvida \u00e0 PGR.<\/p>\n<p>Para o advogado de Temer, as acusa\u00e7\u00f5es referem-se a um per\u00edodo em que o presidente n\u00e3o estava no cargo. De acordo com a Constitui\u00e7\u00e3o, o presidente da Rep\u00fablica n\u00e3o pode ser alvo de investiga\u00e7\u00e3o sobre fatos que aconteceram antes de assumir a chefia do governo.<\/p>\n<p>No primeiro voto proferido na sess\u00e3o desta tarde, o relator do caso, ministro Edson Fachin, tamb\u00e9m rejeitou pedido feito pela defesa de Temer para que o processo fosse suspenso ou devolvido \u00e0 PGR.<\/p>\n","protected":false},"excerpt":{"rendered":"<p>Ag\u00eancia Brasil &#8211; A maioria do Supremo Tribunal Federal (STF) decidiu enviar a segunda den\u00fancia apresentada pelo ex-procurador-geral da Rep\u00fablica Rodrigo Janot sobre o presidente Michel Temer \u00e0 C\u00e2mara dos Deputados, conforme determina a Constitui\u00e7\u00e3o. O placar da vota\u00e7\u00e3o est\u00e1 em 6 votos a 1 pelo envio, contrariando pedido feito pela defesa do presidente. O&#8230;<a class=\"more-link\" href=\"http:\/\/blogdalucianaoliveira.com.br\/blog\/2017\/09\/20\/temer-perde-no-stf-e-sera-julgado-na-camara-como-chefe-de-quadrilha\/\">Continue a leitura <span class=\"meta-nav\">&raquo;<\/span><\/a><\/p>\n","protected":false},"author":1,"featured_media":0,"comment_status":"closed","ping_status":"open","sticky":false,"template":"","format":"standard","meta":{"_exactmetrics_skip_tracking":false,"_exactmetrics_sitenote_active":false,"_exactmetrics_sitenote_note":"","_exactmetrics_sitenote_category":0,"jetpack_post_was_ever_published":false,"_jetpack_newsletter_access":"","_jetpack_dont_email_post_to_subs":false,"_jetpack_newsletter_tier_id":0,"_jetpack_memberships_contains_paywalled_content":false,"_jetpack_memberships_contains_paid_content":false,"footnotes":"","jetpack_publicize_message":"","jetpack_publicize_feature_enabled":true,"jetpack_social_post_already_shared":true,"jetpack_social_options":{"image_generator_settings":{"template":"highway","enabled":false},"version":2}},"categories":[1],"tags":[],"class_list":["post-13796","post","type-post","status-publish","format-standard","hentry","category-notas"],"jetpack_publicize_connections":[],"jetpack_sharing_enabled":true,"jetpack_featured_media_url":"","jetpack_shortlink":"https:\/\/wp.me\/p7wKYW-3Aw","jetpack-related-posts":[],"_links":{"self":[{"href":"http:\/\/blogdalucianaoliveira.com.br\/blog\/wp-json\/wp\/v2\/posts\/13796","targetHints":{"allow":["GET"]}}],"collection":[{"href":"http:\/\/blogdalucianaoliveira.com.br\/blog\/wp-json\/wp\/v2\/posts"}],"about":[{"href":"http:\/\/blogdalucianaoliveira.com.br\/blog\/wp-json\/wp\/v2\/types\/post"}],"author":[{"embeddable":true,"href":"http:\/\/blogdalucianaoliveira.com.br\/blog\/wp-json\/wp\/v2\/users\/1"}],"replies":[{"embeddable":true,"href":"http:\/\/blogdalucianaoliveira.com.br\/blog\/wp-json\/wp\/v2\/comments?post=13796"}],"version-history":[{"count":1,"href":"http:\/\/blogdalucianaoliveira.com.br\/blog\/wp-json\/wp\/v2\/posts\/13796\/revisions"}],"predecessor-version":[{"id":13798,"href":"http:\/\/blogdalucianaoliveira.com.br\/blog\/wp-json\/wp\/v2\/posts\/13796\/revisions\/13798"}],"wp:attachment":[{"href":"http:\/\/blogdalucianaoliveira.com.br\/blog\/wp-json\/wp\/v2\/media?parent=13796"}],"wp:term":[{"taxonomy":"category","embeddable":true,"href":"http:\/\/blogdalucianaoliveira.com.br\/blog\/wp-json\/wp\/v2\/categories?post=13796"},{"taxonomy":"post_tag","embeddable":true,"href":"http:\/\/blogdalucianaoliveira.com.br\/blog\/wp-json\/wp\/v2\/tags?post=13796"}],"curies":[{"name":"wp","href":"https:\/\/api.w.org\/{rel}","templated":true}]}}