{"id":13806,"date":"2017-09-21T10:53:02","date_gmt":"2017-09-21T14:53:02","guid":{"rendered":"http:\/\/blogdalucianaoliveira.com.br\/blog\/?p=13806"},"modified":"2017-09-21T10:53:02","modified_gmt":"2017-09-21T14:53:02","slug":"o-congresso-vai-salvar-michel-temer-3","status":"publish","type":"post","link":"http:\/\/blogdalucianaoliveira.com.br\/blog\/2017\/09\/21\/o-congresso-vai-salvar-michel-temer-3\/","title":{"rendered":"O CONGRESSO VAI SALVAR MICHEL TEMER 3%?"},"content":{"rendered":"<p><img data-recalc-dims=\"1\" loading=\"lazy\" decoding=\"async\" data-attachment-id=\"13807\" data-permalink=\"http:\/\/blogdalucianaoliveira.com.br\/blog\/2017\/09\/21\/o-congresso-vai-salvar-michel-temer-3\/tres-2\/\" data-orig-file=\"https:\/\/i0.wp.com\/blogdalucianaoliveira.com.br\/blog\/wp-content\/uploads\/2017\/09\/tres.jpg?fit=1000%2C357\" data-orig-size=\"1000,357\" data-comments-opened=\"0\" data-image-meta=\"{&quot;aperture&quot;:&quot;0&quot;,&quot;credit&quot;:&quot;&quot;,&quot;camera&quot;:&quot;&quot;,&quot;caption&quot;:&quot;&quot;,&quot;created_timestamp&quot;:&quot;0&quot;,&quot;copyright&quot;:&quot;&quot;,&quot;focal_length&quot;:&quot;0&quot;,&quot;iso&quot;:&quot;0&quot;,&quot;shutter_speed&quot;:&quot;0&quot;,&quot;title&quot;:&quot;&quot;,&quot;orientation&quot;:&quot;0&quot;}\" data-image-title=\"tres\" data-image-description=\"\" data-image-caption=\"\" data-medium-file=\"https:\/\/i0.wp.com\/blogdalucianaoliveira.com.br\/blog\/wp-content\/uploads\/2017\/09\/tres.jpg?fit=300%2C107\" data-large-file=\"https:\/\/i0.wp.com\/blogdalucianaoliveira.com.br\/blog\/wp-content\/uploads\/2017\/09\/tres.jpg?fit=600%2C214\" src=\"https:\/\/i0.wp.com\/blogdalucianaoliveira.com.br\/blog\/wp-content\/uploads\/2017\/09\/tres.jpg?resize=600%2C214\" alt=\"tres\" width=\"600\" height=\"214\" class=\"alignnone size-full wp-image-13807\" srcset=\"https:\/\/i0.wp.com\/blogdalucianaoliveira.com.br\/blog\/wp-content\/uploads\/2017\/09\/tres.jpg?w=1000 1000w, https:\/\/i0.wp.com\/blogdalucianaoliveira.com.br\/blog\/wp-content\/uploads\/2017\/09\/tres.jpg?resize=300%2C107 300w, https:\/\/i0.wp.com\/blogdalucianaoliveira.com.br\/blog\/wp-content\/uploads\/2017\/09\/tres.jpg?resize=768%2C274 768w, https:\/\/i0.wp.com\/blogdalucianaoliveira.com.br\/blog\/wp-content\/uploads\/2017\/09\/tres.jpg?resize=800%2C286 800w\" sizes=\"auto, (max-width: 600px) 100vw, 600px\" \/><\/p>\n<p>247 &#8211; A derrota de Michel Temer, acusado de corrup\u00e7\u00e3o, obstru\u00e7\u00e3o judicial e comando de organiza\u00e7\u00e3o criminosa, no Supremo Tribunal Federal nesta quarta-feira, 20, imp\u00f5e um desafio aos parlamentares que ter\u00e3o que se reeleger em 2018.<!--more--><\/p>\n<p>Ser\u00e1 que, mais uma vez, eles estar\u00e3o dispostos a salvar o pesco\u00e7o do pol\u00edtico mais impopular do Brasil? As elei\u00e7\u00f5es se aproximam a cada dia e a popula\u00e7\u00e3o, que j\u00e1 demonstrou expressamente sua rejei\u00e7\u00e3o \u00e0 perman\u00eancia de Michel Temer, n\u00e3o dever\u00e1 esquecer dos deputados que decidiram salvar novamente o peemedebista. <\/p>\n<p>Na primeira den\u00fancia da Procuradoria-Geral da Rep\u00fablica contra Michel Temer, por obstru\u00e7\u00e3o da Justi\u00e7a e corrup\u00e7\u00e3o passiva que a C\u00e2mara barrou, Temer e seus assessores atuaram freneticamente na compra de deputados. H\u00e1 poucas horas da sess\u00e3o que decidiu se a den\u00fancia teria ou n\u00e3o prosseguimento, a agenda de Temer registrou a presen\u00e7a de 31 deputados, al\u00e9m da bancada feminina da base aliada, no gabinete presidencial. Al\u00e9m disso, Temer esteve com 52 deputados em um almo\u00e7o da Frente Parlamentar Agropecu\u00e1ria (FPA).<\/p>\n<p>A compra de deputados por Michel Temer para se salvar na primeira den\u00fancia alcan\u00e7ou a cifra de R$ 5,7 bilh\u00f5es em emendas parlamentares.<\/p>\n<p>O modus operandi ser\u00e1 repetido?<\/p>\n<p>Leia, abaixo, texto do jornalista Fernando Brito, do Tijola\u00e7o, sobre o assunto: <\/p>\n<p>Come\u00e7a a nova feira livre dos votos. O pa\u00eds \u00e9 uma confus\u00e3o<\/p>\n<p>Ningu\u00e9m se iluda de que Michel Temer v\u00e1 dar por &#8220;ganha de v\u00e9spera&#8221; a rejei\u00e7\u00e3o da segunda den\u00fancia contra ele na C\u00e2mara.<\/p>\n<p>Nem que o quisesse, porque a ocasi\u00e3o \u00e9 boa para mais press\u00e3o de sua base parlamentar por recursos, por cargos e por outros tipos de chantagens, impl\u00edcitas ou expl\u00edcitas.<\/p>\n<p>\u00c9 tempo de conseguir edi\u00e7\u00f5es do Di\u00e1rio Oficial, impress\u00f5es que s\u00e3o mais duradouras que a tatuagem do deputado-com\u00e9dia do Par\u00e1.<\/p>\n<p>Na C\u00e2mara, h\u00e1 dificuldades at\u00e9 para votar mat\u00e9rias o interesse eleitoral dos pr\u00f3prios deputados, quanto mais para deliberar sobre interesses de Michel Temer.<\/p>\n<p>Na melhor das hip\u00f3teses, aprova-se uma coisinha ou outra de menor import\u00e2ncia, enquanto se aguarda a delibera\u00e7\u00e3o na Comiss\u00e3o de Constitui\u00e7\u00e3o e Justi\u00e7a do parecer sobre o pedido de processo e, a seguir, se o envia ao plen\u00e1rio.<\/p>\n<p>15 dias, no m\u00ednimo.<\/p>\n<p>Para os tucanos, a hora da verdade vem chegando e Doria vai ter de decidir para que barco vai, se n\u00e3o conseguir naufragar a nau peessedebista.<\/p>\n<p>O general Mour\u00e3o faz com\u00edcios militaristas; Meirelles faz com\u00edcios evang\u00e9licos: &#8220;segura na m\u00e3o do Deus Mercado e vai&#8221;.<\/p>\n<p>Mas as institui\u00e7\u00f5es &#8220;est\u00e3o funcionando&#8221; e n\u00f3s estamos discutindo abobrinhas.<\/p>\n<p>Assim que o pessoal descobrir, o pr\u00f3ximo da lista \u00e9 o ISP , o imposto sobre piercing, em aprova\u00e7\u00e3o pela C\u00e2mara e j\u00e1 proposto por Jo\u00e3o Doria para o munic\u00edpio de S\u00e3o Paulo.<\/p>\n<p>E a Bolsa a estourar e, quem sabe, bater 80 mil pontos.<\/p>\n<p>Acho que liberaram alguma coisa mais pesada do que aquela proposta por Fernando Henrique Cardoso.<\/p>\n","protected":false},"excerpt":{"rendered":"<p>247 &#8211; A derrota de Michel Temer, acusado de corrup\u00e7\u00e3o, obstru\u00e7\u00e3o judicial e comando de organiza\u00e7\u00e3o criminosa, no Supremo Tribunal Federal nesta quarta-feira, 20, imp\u00f5e um desafio aos parlamentares que ter\u00e3o que se reeleger em 2018.<\/p>\n","protected":false},"author":1,"featured_media":0,"comment_status":"closed","ping_status":"open","sticky":false,"template":"","format":"standard","meta":{"_exactmetrics_skip_tracking":false,"_exactmetrics_sitenote_active":false,"_exactmetrics_sitenote_note":"","_exactmetrics_sitenote_category":0,"jetpack_post_was_ever_published":false,"_jetpack_newsletter_access":"","_jetpack_dont_email_post_to_subs":false,"_jetpack_newsletter_tier_id":0,"_jetpack_memberships_contains_paywalled_content":false,"_jetpack_memberships_contains_paid_content":false,"footnotes":"","jetpack_publicize_message":"","jetpack_publicize_feature_enabled":true,"jetpack_social_post_already_shared":true,"jetpack_social_options":{"image_generator_settings":{"template":"highway","enabled":false},"version":2}},"categories":[1],"tags":[],"class_list":["post-13806","post","type-post","status-publish","format-standard","hentry","category-notas"],"jetpack_publicize_connections":[],"jetpack_sharing_enabled":true,"jetpack_featured_media_url":"","jetpack_shortlink":"https:\/\/wp.me\/p7wKYW-3AG","jetpack-related-posts":[],"_links":{"self":[{"href":"http:\/\/blogdalucianaoliveira.com.br\/blog\/wp-json\/wp\/v2\/posts\/13806","targetHints":{"allow":["GET"]}}],"collection":[{"href":"http:\/\/blogdalucianaoliveira.com.br\/blog\/wp-json\/wp\/v2\/posts"}],"about":[{"href":"http:\/\/blogdalucianaoliveira.com.br\/blog\/wp-json\/wp\/v2\/types\/post"}],"author":[{"embeddable":true,"href":"http:\/\/blogdalucianaoliveira.com.br\/blog\/wp-json\/wp\/v2\/users\/1"}],"replies":[{"embeddable":true,"href":"http:\/\/blogdalucianaoliveira.com.br\/blog\/wp-json\/wp\/v2\/comments?post=13806"}],"version-history":[{"count":1,"href":"http:\/\/blogdalucianaoliveira.com.br\/blog\/wp-json\/wp\/v2\/posts\/13806\/revisions"}],"predecessor-version":[{"id":13808,"href":"http:\/\/blogdalucianaoliveira.com.br\/blog\/wp-json\/wp\/v2\/posts\/13806\/revisions\/13808"}],"wp:attachment":[{"href":"http:\/\/blogdalucianaoliveira.com.br\/blog\/wp-json\/wp\/v2\/media?parent=13806"}],"wp:term":[{"taxonomy":"category","embeddable":true,"href":"http:\/\/blogdalucianaoliveira.com.br\/blog\/wp-json\/wp\/v2\/categories?post=13806"},{"taxonomy":"post_tag","embeddable":true,"href":"http:\/\/blogdalucianaoliveira.com.br\/blog\/wp-json\/wp\/v2\/tags?post=13806"}],"curies":[{"name":"wp","href":"https:\/\/api.w.org\/{rel}","templated":true}]}}