{"id":13809,"date":"2017-09-21T10:56:12","date_gmt":"2017-09-21T14:56:12","guid":{"rendered":"http:\/\/blogdalucianaoliveira.com.br\/blog\/?p=13809"},"modified":"2017-09-21T10:56:12","modified_gmt":"2017-09-21T14:56:12","slug":"sindicatos-lancam-frente-contra-privatizacoes-do-governo-temer","status":"publish","type":"post","link":"http:\/\/blogdalucianaoliveira.com.br\/blog\/2017\/09\/21\/sindicatos-lancam-frente-contra-privatizacoes-do-governo-temer\/","title":{"rendered":"Sindicatos lan\u00e7am frente contra privatiza\u00e7\u00f5es do governo Temer"},"content":{"rendered":"<p><img data-recalc-dims=\"1\" loading=\"lazy\" decoding=\"async\" data-attachment-id=\"13810\" data-permalink=\"http:\/\/blogdalucianaoliveira.com.br\/blog\/2017\/09\/21\/sindicatos-lancam-frente-contra-privatizacoes-do-governo-temer\/seror\/\" data-orig-file=\"https:\/\/i0.wp.com\/blogdalucianaoliveira.com.br\/blog\/wp-content\/uploads\/2017\/09\/seror.jpg?fit=640%2C426\" data-orig-size=\"640,426\" data-comments-opened=\"0\" data-image-meta=\"{&quot;aperture&quot;:&quot;0&quot;,&quot;credit&quot;:&quot;&quot;,&quot;camera&quot;:&quot;&quot;,&quot;caption&quot;:&quot;&quot;,&quot;created_timestamp&quot;:&quot;0&quot;,&quot;copyright&quot;:&quot;&quot;,&quot;focal_length&quot;:&quot;0&quot;,&quot;iso&quot;:&quot;0&quot;,&quot;shutter_speed&quot;:&quot;0&quot;,&quot;title&quot;:&quot;&quot;,&quot;orientation&quot;:&quot;0&quot;}\" data-image-title=\"seror\" data-image-description=\"\" data-image-caption=\"\" data-medium-file=\"https:\/\/i0.wp.com\/blogdalucianaoliveira.com.br\/blog\/wp-content\/uploads\/2017\/09\/seror.jpg?fit=300%2C200\" data-large-file=\"https:\/\/i0.wp.com\/blogdalucianaoliveira.com.br\/blog\/wp-content\/uploads\/2017\/09\/seror.jpg?fit=600%2C399\" src=\"https:\/\/i0.wp.com\/blogdalucianaoliveira.com.br\/blog\/wp-content\/uploads\/2017\/09\/seror.jpg?resize=600%2C399\" alt=\"seror\" width=\"600\" height=\"399\" class=\"alignnone size-full wp-image-13810\" srcset=\"https:\/\/i0.wp.com\/blogdalucianaoliveira.com.br\/blog\/wp-content\/uploads\/2017\/09\/seror.jpg?w=640 640w, https:\/\/i0.wp.com\/blogdalucianaoliveira.com.br\/blog\/wp-content\/uploads\/2017\/09\/seror.jpg?resize=300%2C200 300w, https:\/\/i0.wp.com\/blogdalucianaoliveira.com.br\/blog\/wp-content\/uploads\/2017\/09\/seror.jpg?resize=451%2C300 451w\" sizes=\"auto, (max-width: 600px) 100vw, 600px\" \/><\/p>\n<p>&#8220;As concess\u00f5es p\u00fablicas custam no m\u00ednimo quinze vezes mais do que eles est\u00e3o anunciando no mercado&#8221;, diz eletricit\u00e1rio<!--more--><\/p>\n<p>Rute Pina<br \/>\nBrasil de Fato | S\u00e3o Paulo (SP)<\/p>\n<p>Sindicatos de v\u00e1rios setores lan\u00e7aram, nesta quarta-feira (20), uma frente de atua\u00e7\u00e3o contra as privatiza\u00e7\u00f5es de servi\u00e7os essenciais propostas pelo governo Temer. <\/p>\n<p>Segundo Eduardo Annunciato, presidente do Sindicato dos Eletricit\u00e1rios de S\u00e3o Paulo, as experi\u00eancias de privatiza\u00e7\u00e3o do setor b\u00e1sico retiram investimentos do servi\u00e7o p\u00fablico, rebaixam os sal\u00e1rios dos trabalhadores, al\u00e9m de precarizar a rede de servi\u00e7os: <\/p>\n<p>&#8220;Ent\u00e3o, o que temos que fazer \u00e9 combater as as privatiza\u00e7\u00f5es e n\u00e3o deixar que os mesmos erros do passado sejam repetidos neste momento. O pa\u00eds est\u00e1 passando por uma crise e n\u00e3o \u00e9 justo que todo o conhecimento sobre o setor el\u00e9trico brasileiro, saneamento seja jogado no lixo em nome de salvar alguns capa pretas do poder&#8221;, declara Annunciato. <\/p>\n<p>As negocia\u00e7\u00f5es mais avan\u00e7adas s\u00e3o da Eletrobras. O governo golpista de Michel Temer (PMDB), j\u00e1 se pronunciou sobre a inten\u00e7\u00e3o de privatizar o sistema de energia do Brasil.<\/p>\n<p>Para Annunciato, a entrega dos patrim\u00f4nios colocam em xeque a soberania do pa\u00eds. As estatais el\u00e9tricas brasileiras est\u00e3o perdendo espa\u00e7o para empresas estrangeiras. Em apenas tr\u00eas anos, a chinesa CTG, por exemplo, j\u00e1 \u00e9 a maior geradora privada de energia no Brasil.<\/p>\n<p>&#8220;Agora tentam se esconder atr\u00e1s de uma cortina de fuma\u00e7a salvando seu governo com uma receita vil e rebaixada, entregando a pre\u00e7o de banana as concess\u00f5es p\u00fablicas que custam no m\u00ednimo quinze vezes mais do que eles est\u00e3o anunciando no mercado&#8221;, diz o sindicalista. <\/p>\n<p>A primeira atividade da Frente &#8220;O Brasil n\u00e3o est\u00e1 \u00e0 venda&#8221; ocorreu no  Centro de Estudos da M\u00eddia Alternativa Bar\u00e3o de Itarar\u00e9, em S\u00e3o Paulo. Al\u00e9m dos eletricit\u00e1rios, participam da Frente o Sindicato dos Trabalhadores em \u00e1gua, Esgoto e Meio Ambiente (Sintaema), o Sindicato dos Trabalhadores dos Correios e o Sindicato dos Metrovi\u00e1rios. <\/p>\n<p>Edi\u00e7\u00e3o: Camila Salmazio<\/p>\n","protected":false},"excerpt":{"rendered":"<p>&#8220;As concess\u00f5es p\u00fablicas custam no m\u00ednimo quinze vezes mais do que eles est\u00e3o anunciando no mercado&#8221;, diz eletricit\u00e1rio<\/p>\n","protected":false},"author":1,"featured_media":0,"comment_status":"closed","ping_status":"open","sticky":false,"template":"","format":"standard","meta":{"_exactmetrics_skip_tracking":false,"_exactmetrics_sitenote_active":false,"_exactmetrics_sitenote_note":"","_exactmetrics_sitenote_category":0,"jetpack_post_was_ever_published":false,"_jetpack_newsletter_access":"","_jetpack_dont_email_post_to_subs":false,"_jetpack_newsletter_tier_id":0,"_jetpack_memberships_contains_paywalled_content":false,"_jetpack_memberships_contains_paid_content":false,"footnotes":"","jetpack_publicize_message":"","jetpack_publicize_feature_enabled":true,"jetpack_social_post_already_shared":true,"jetpack_social_options":{"image_generator_settings":{"template":"highway","enabled":false},"version":2}},"categories":[1],"tags":[],"class_list":["post-13809","post","type-post","status-publish","format-standard","hentry","category-notas"],"jetpack_publicize_connections":[],"jetpack_sharing_enabled":true,"jetpack_featured_media_url":"","jetpack_shortlink":"https:\/\/wp.me\/p7wKYW-3AJ","jetpack-related-posts":[],"_links":{"self":[{"href":"http:\/\/blogdalucianaoliveira.com.br\/blog\/wp-json\/wp\/v2\/posts\/13809","targetHints":{"allow":["GET"]}}],"collection":[{"href":"http:\/\/blogdalucianaoliveira.com.br\/blog\/wp-json\/wp\/v2\/posts"}],"about":[{"href":"http:\/\/blogdalucianaoliveira.com.br\/blog\/wp-json\/wp\/v2\/types\/post"}],"author":[{"embeddable":true,"href":"http:\/\/blogdalucianaoliveira.com.br\/blog\/wp-json\/wp\/v2\/users\/1"}],"replies":[{"embeddable":true,"href":"http:\/\/blogdalucianaoliveira.com.br\/blog\/wp-json\/wp\/v2\/comments?post=13809"}],"version-history":[{"count":1,"href":"http:\/\/blogdalucianaoliveira.com.br\/blog\/wp-json\/wp\/v2\/posts\/13809\/revisions"}],"predecessor-version":[{"id":13811,"href":"http:\/\/blogdalucianaoliveira.com.br\/blog\/wp-json\/wp\/v2\/posts\/13809\/revisions\/13811"}],"wp:attachment":[{"href":"http:\/\/blogdalucianaoliveira.com.br\/blog\/wp-json\/wp\/v2\/media?parent=13809"}],"wp:term":[{"taxonomy":"category","embeddable":true,"href":"http:\/\/blogdalucianaoliveira.com.br\/blog\/wp-json\/wp\/v2\/categories?post=13809"},{"taxonomy":"post_tag","embeddable":true,"href":"http:\/\/blogdalucianaoliveira.com.br\/blog\/wp-json\/wp\/v2\/tags?post=13809"}],"curies":[{"name":"wp","href":"https:\/\/api.w.org\/{rel}","templated":true}]}}