{"id":13812,"date":"2017-09-21T11:00:24","date_gmt":"2017-09-21T15:00:24","guid":{"rendered":"http:\/\/blogdalucianaoliveira.com.br\/blog\/?p=13812"},"modified":"2017-09-21T11:00:24","modified_gmt":"2017-09-21T15:00:24","slug":"a-saudade-da-ditadura-e-obvia-num-pais-que-nunca-puniu-torturadores-ou-estabeleceu-um-limite-civilizatorio","status":"publish","type":"post","link":"http:\/\/blogdalucianaoliveira.com.br\/blog\/2017\/09\/21\/a-saudade-da-ditadura-e-obvia-num-pais-que-nunca-puniu-torturadores-ou-estabeleceu-um-limite-civilizatorio\/","title":{"rendered":"A saudade da ditadura \u00e9 \u00f3bvia num pa\u00eds que nunca puniu torturadores ou estabeleceu um limite civilizat\u00f3rio"},"content":{"rendered":"<p><img data-recalc-dims=\"1\" loading=\"lazy\" decoding=\"async\" data-attachment-id=\"13813\" data-permalink=\"http:\/\/blogdalucianaoliveira.com.br\/blog\/2017\/09\/21\/a-saudade-da-ditadura-e-obvia-num-pais-que-nunca-puniu-torturadores-ou-estabeleceu-um-limite-civilizatorio\/villas-boas-general-mourao\/\" data-orig-file=\"https:\/\/i0.wp.com\/blogdalucianaoliveira.com.br\/blog\/wp-content\/uploads\/2017\/09\/villas-boas-general-mourao.png?fit=600%2C338\" data-orig-size=\"600,338\" data-comments-opened=\"0\" data-image-meta=\"{&quot;aperture&quot;:&quot;0&quot;,&quot;credit&quot;:&quot;&quot;,&quot;camera&quot;:&quot;&quot;,&quot;caption&quot;:&quot;&quot;,&quot;created_timestamp&quot;:&quot;0&quot;,&quot;copyright&quot;:&quot;&quot;,&quot;focal_length&quot;:&quot;0&quot;,&quot;iso&quot;:&quot;0&quot;,&quot;shutter_speed&quot;:&quot;0&quot;,&quot;title&quot;:&quot;&quot;,&quot;orientation&quot;:&quot;0&quot;}\" data-image-title=\"villas-boas-general-mourao\" data-image-description=\"\" data-image-caption=\"\" data-medium-file=\"https:\/\/i0.wp.com\/blogdalucianaoliveira.com.br\/blog\/wp-content\/uploads\/2017\/09\/villas-boas-general-mourao.png?fit=300%2C169\" data-large-file=\"https:\/\/i0.wp.com\/blogdalucianaoliveira.com.br\/blog\/wp-content\/uploads\/2017\/09\/villas-boas-general-mourao.png?fit=600%2C338\" src=\"https:\/\/i0.wp.com\/blogdalucianaoliveira.com.br\/blog\/wp-content\/uploads\/2017\/09\/villas-boas-general-mourao.png?resize=600%2C338\" alt=\"villas-boas-general-mourao\" width=\"600\" height=\"338\" class=\"alignnone size-full wp-image-13813\" srcset=\"https:\/\/i0.wp.com\/blogdalucianaoliveira.com.br\/blog\/wp-content\/uploads\/2017\/09\/villas-boas-general-mourao.png?w=600 600w, https:\/\/i0.wp.com\/blogdalucianaoliveira.com.br\/blog\/wp-content\/uploads\/2017\/09\/villas-boas-general-mourao.png?resize=300%2C169 300w, https:\/\/i0.wp.com\/blogdalucianaoliveira.com.br\/blog\/wp-content\/uploads\/2017\/09\/villas-boas-general-mourao.png?resize=533%2C300 533w\" sizes=\"auto, (max-width: 600px) 100vw, 600px\" \/><\/p>\n<p>No DCM, por Kiko Nogueira &#8211; O fil\u00f3sofo e professor da USP Vladimir Safatle foi uma das personalidades entrevistadas no programa que o DCM fazia com produ\u00e7\u00e3o da TVT.<!--more--><\/p>\n<p>Safatle falou da nova configura\u00e7\u00e3o da sociedade brasileira no p\u00f3s-golpe. O Brasil precisa encarar, dizia ele, que \u201cn\u00e3o \u00e9 um pa\u00eds\u201d.<\/p>\n<p>\u201cSomos completamente divididos\u201d, afirmou.<\/p>\n<p>Num trecho, ele comentou sobre Jair Bolsonaro e a turma que pede interven\u00e7\u00e3o militar.<\/p>\n<p>\u201cO Brasil encarou de uma vez por todas que n\u00e3o \u00e9 um pa\u00eds. \u00c9 completamente dividido. Nunca foi um pa\u00eds\u201d, pontuou.<\/p>\n<p>\u201cN\u00f3s nem sequer conseguimos constituir uma narrativa unificada sobre a ditadura militar. N\u00f3s n\u00e3o conseguimos estabelecer que isso \u00e9 uma linha vermelha e jamais ocorrer\u00e1\u201d.<\/p>\n<p>\u201cTanto \u00e9 que temos a\u00ed Jair Bolsonaro. Campe\u00e3o de votos entre os mais ricos, acima de cinco sal\u00e1rios m\u00ednimos\u201d, declarou. \u201cOu seja, quem salva o Brasil s\u00e3o as pessoas mais pobres. Se dependesse das pessoas acima de 5 sal\u00e1rios m\u00ednimos, a gente j\u00e1 teria sido transformado numa aberra\u00e7\u00e3o mundial\u201d.<\/p>\n<p>A repercuss\u00e3o do discurso do general Ant\u00f4nio Hamilton Mour\u00e3o \u00e9 uma prova eloquente disso. Mour\u00e3o pregou abertamente um golpe numa loja ma\u00e7\u00f4nica num v\u00eddeo que viralizou. <\/p>\n<p>Segundo Villas Boas, comandante do Ex\u00e9rcito, ele \u00e9 um l\u00edder respeitado, \u201cum grande soldado, uma figura fant\u00e1stica, gauch\u00e3o\u201d. N\u00e3o ser\u00e1 punido. Nada vai lhe acontecer. Ningu\u00e9m leva a s\u00e9rio nossa democracia. Por que deveria?<\/p>\n<p>No nosso pacto, na nossa voca\u00e7\u00e3o conciliat\u00f3ria, as For\u00e7as Armadas n\u00e3o foram for\u00e7adas a reconhecer os crimes no per\u00edodo entre 1964 e 1985.<\/p>\n<p>Ao contr\u00e1rio da Argentina, por exemplo, ningu\u00e9m pagou pelas torturas, mortes e oculta\u00e7\u00f5es de cad\u00e1veres. O Uruguai est\u00e1 julgando agora seus \u201cestupradores fardados\u201d. N\u00f3s os festejamos.<\/p>\n<p>Os apologistas fazem o que querem. Bolsonaro chama Ustra de \u201cher\u00f3i\u201d. Seviciadores sobem em carros de som na avenida ao lado de senhoras carregando cartazes nos quais se l\u00ea \u201cpor que n\u00e3o mataram todos em 64?\u201d. <\/p>\n<p>O Brasil mal discutiu o assunto. Como diz Safatle, n\u00e3o estabelecemos uma linha, um limite civilizat\u00f3rio. Passados esses anos, a sombra e a mistifica\u00e7\u00e3o s\u00e3o muito mais intensas que a luz.<\/p>\n<p>Temos agora um governo fraco e corrupto, fruto de um golpe vagabundo, uma m\u00eddia mono obsessiva que alimentou colunistas de extrema direita, uma economia que patina, a \u201camea\u00e7a lulista\u201d\u2013, e a soldadesca cheia de apetite para, mais uma vez, salvar a p\u00e1tria. Sen\u00e3o eles mesmos, atrav\u00e9s de seu messias Jair Bolsonaro.<\/p>\n","protected":false},"excerpt":{"rendered":"<p>No DCM, por Kiko Nogueira &#8211; O fil\u00f3sofo e professor da USP Vladimir Safatle foi uma das personalidades entrevistadas no programa que o DCM fazia com produ\u00e7\u00e3o da TVT.<\/p>\n","protected":false},"author":1,"featured_media":0,"comment_status":"closed","ping_status":"open","sticky":false,"template":"","format":"standard","meta":{"_exactmetrics_skip_tracking":false,"_exactmetrics_sitenote_active":false,"_exactmetrics_sitenote_note":"","_exactmetrics_sitenote_category":0,"jetpack_post_was_ever_published":false,"_jetpack_newsletter_access":"","_jetpack_dont_email_post_to_subs":false,"_jetpack_newsletter_tier_id":0,"_jetpack_memberships_contains_paywalled_content":false,"_jetpack_memberships_contains_paid_content":false,"footnotes":"","jetpack_publicize_message":"","jetpack_publicize_feature_enabled":true,"jetpack_social_post_already_shared":true,"jetpack_social_options":{"image_generator_settings":{"template":"highway","enabled":false},"version":2}},"categories":[1],"tags":[],"class_list":["post-13812","post","type-post","status-publish","format-standard","hentry","category-notas"],"jetpack_publicize_connections":[],"jetpack_sharing_enabled":true,"jetpack_featured_media_url":"","jetpack_shortlink":"https:\/\/wp.me\/p7wKYW-3AM","jetpack-related-posts":[],"_links":{"self":[{"href":"http:\/\/blogdalucianaoliveira.com.br\/blog\/wp-json\/wp\/v2\/posts\/13812","targetHints":{"allow":["GET"]}}],"collection":[{"href":"http:\/\/blogdalucianaoliveira.com.br\/blog\/wp-json\/wp\/v2\/posts"}],"about":[{"href":"http:\/\/blogdalucianaoliveira.com.br\/blog\/wp-json\/wp\/v2\/types\/post"}],"author":[{"embeddable":true,"href":"http:\/\/blogdalucianaoliveira.com.br\/blog\/wp-json\/wp\/v2\/users\/1"}],"replies":[{"embeddable":true,"href":"http:\/\/blogdalucianaoliveira.com.br\/blog\/wp-json\/wp\/v2\/comments?post=13812"}],"version-history":[{"count":1,"href":"http:\/\/blogdalucianaoliveira.com.br\/blog\/wp-json\/wp\/v2\/posts\/13812\/revisions"}],"predecessor-version":[{"id":13814,"href":"http:\/\/blogdalucianaoliveira.com.br\/blog\/wp-json\/wp\/v2\/posts\/13812\/revisions\/13814"}],"wp:attachment":[{"href":"http:\/\/blogdalucianaoliveira.com.br\/blog\/wp-json\/wp\/v2\/media?parent=13812"}],"wp:term":[{"taxonomy":"category","embeddable":true,"href":"http:\/\/blogdalucianaoliveira.com.br\/blog\/wp-json\/wp\/v2\/categories?post=13812"},{"taxonomy":"post_tag","embeddable":true,"href":"http:\/\/blogdalucianaoliveira.com.br\/blog\/wp-json\/wp\/v2\/tags?post=13812"}],"curies":[{"name":"wp","href":"https:\/\/api.w.org\/{rel}","templated":true}]}}