{"id":1385,"date":"2016-06-01T09:38:18","date_gmt":"2016-06-01T13:38:18","guid":{"rendered":"http:\/\/blogdalucianaoliveira.com.br\/blog\/?p=1385"},"modified":"2016-06-01T09:40:50","modified_gmt":"2016-06-01T13:40:50","slug":"nova-secretaria-de-politica-para-mulheres-gerada-num-estupro-e-contra-aborto-mesmo-em-casos-de-estupro","status":"publish","type":"post","link":"http:\/\/blogdalucianaoliveira.com.br\/blog\/2016\/06\/01\/nova-secretaria-de-politica-para-mulheres-gerada-num-estupro-e-contra-aborto-mesmo-em-casos-de-estupro\/","title":{"rendered":"Nova secret\u00e1ria de Pol\u00edticas Para Mulheres, gerada num estupro, \u00e9 contra aborto mesmo em casos de estupro"},"content":{"rendered":"<div class=\"jetpack-video-wrapper\"><iframe loading=\"lazy\" title=\"Depoimento da Deputada Fatima Pelaes\" width=\"600\" height=\"450\" src=\"https:\/\/www.youtube.com\/embed\/ewVuBQeAagM?feature=oembed\" frameborder=\"0\" allow=\"accelerometer; autoplay; clipboard-write; encrypted-media; gyroscope; picture-in-picture; web-share\" referrerpolicy=\"strict-origin-when-cross-origin\" allowfullscreen><\/iframe><\/div>\n<p>No dia 19 de maio, quando foi votado o Estatuto do Nascituro na Comiss\u00e3o de Seguridade Social e Fam\u00edlia, F\u00e1tima Pelaes, a nova secret\u00e1ria de Pol\u00edticas Para Mulheres, emocionou a todos com seu depoimento contra o aborto. <!--more--><\/p>\n<p>&#8220;Nasci depois de um estupro. N\u00e3o posso ser a favor do aborto! Deputada, cuja m\u00e3e optou por n\u00e3o abortar&#8221;.<\/p>\n<p>Ela \u00e9 soci\u00f3loga, deputada federal pelo Amap\u00e1, F\u00e1tima Pelaes (PMDB), muito ligada ao presidente interino Michel Temer.\u00c9 evang\u00e9lica e foi presidente da Frente Parlamentar da Fam\u00edlia e Apoio \u00e0 Vida, onde defendeu posi\u00e7\u00f5es conservadoras sobre a quest\u00e3o do aborto.<\/p>\n<p>A hist\u00f3ria de vida contada no plen\u00e1rio emociona, porque mostra uma mulher que n\u00e3o s\u00f3 sobreviveu \u00e0 decis\u00e3o de um aborto, mas que venceu as adversidades impostas a uma filha de ex-detenta, se graduou e elegeu deputada federal.<\/p>\n<p>A preocupa\u00e7\u00e3o \u00e9 que o trauma pessoal n\u00e3o lhe permita analisar racionalmente os cerca de 800 mil casos de abortos estimados pela OMS no pa\u00eds. <\/p>\n<p>A cada dois dias morre uma mulher por aborto clandestino e quem assume uma pasta como a Secretaria de Pol\u00edticas Para Mulheres, deve estar desapegada \u00e0 traumas pessoais e conceitos religiosos para debater o problema.<\/p>\n<p>Os casos de microcefalia arreganharam essa ferida e se discute a possibilidade da interrup\u00e7\u00e3o volunt\u00e1ria de gesta\u00e7\u00f5es de fetos acometidos pela epidemia. Entre os argumentos de quem defende o aborto nesses casos, est\u00e3o o de que as pol\u00edticas p\u00fablicas de combate ao mosquito Aedes aegypti, vetor do Zika, e de que o suporte \u00e0s m\u00e3es e crian\u00e7as v\u00edtimas da doen\u00e7a s\u00e3o deficit\u00e1rios.<\/p>\n<p>Ser\u00e1 que a nova secret\u00e1ria ter\u00e1 equil\u00edbrio emocional e bom senso pra se posicionar sobre isso?<\/p>\n","protected":false},"excerpt":{"rendered":"<p>No dia 19 de maio, quando foi votado o Estatuto do Nascituro na Comiss\u00e3o de Seguridade Social e Fam\u00edlia, F\u00e1tima Pelaes, a nova secret\u00e1ria de Pol\u00edticas Para Mulheres, emocionou a todos com seu depoimento contra o aborto.<\/p>\n","protected":false},"author":1,"featured_media":0,"comment_status":"closed","ping_status":"open","sticky":false,"template":"","format":"standard","meta":{"_exactmetrics_skip_tracking":false,"_exactmetrics_sitenote_active":false,"_exactmetrics_sitenote_note":"","_exactmetrics_sitenote_category":0,"jetpack_post_was_ever_published":false,"_jetpack_newsletter_access":"","_jetpack_dont_email_post_to_subs":false,"_jetpack_newsletter_tier_id":0,"_jetpack_memberships_contains_paywalled_content":false,"_jetpack_memberships_contains_paid_content":false,"footnotes":"","jetpack_publicize_message":"","jetpack_publicize_feature_enabled":true,"jetpack_social_post_already_shared":true,"jetpack_social_options":{"image_generator_settings":{"template":"highway","enabled":false},"version":2}},"categories":[1],"tags":[96,97,95],"class_list":["post-1385","post","type-post","status-publish","format-standard","hentry","category-notas","tag-aborto","tag-microcefalia","tag-mulher"],"jetpack_publicize_connections":[],"jetpack_sharing_enabled":true,"jetpack_featured_media_url":"","jetpack_shortlink":"https:\/\/wp.me\/p7wKYW-ml","jetpack-related-posts":[],"_links":{"self":[{"href":"http:\/\/blogdalucianaoliveira.com.br\/blog\/wp-json\/wp\/v2\/posts\/1385","targetHints":{"allow":["GET"]}}],"collection":[{"href":"http:\/\/blogdalucianaoliveira.com.br\/blog\/wp-json\/wp\/v2\/posts"}],"about":[{"href":"http:\/\/blogdalucianaoliveira.com.br\/blog\/wp-json\/wp\/v2\/types\/post"}],"author":[{"embeddable":true,"href":"http:\/\/blogdalucianaoliveira.com.br\/blog\/wp-json\/wp\/v2\/users\/1"}],"replies":[{"embeddable":true,"href":"http:\/\/blogdalucianaoliveira.com.br\/blog\/wp-json\/wp\/v2\/comments?post=1385"}],"version-history":[{"count":3,"href":"http:\/\/blogdalucianaoliveira.com.br\/blog\/wp-json\/wp\/v2\/posts\/1385\/revisions"}],"predecessor-version":[{"id":1388,"href":"http:\/\/blogdalucianaoliveira.com.br\/blog\/wp-json\/wp\/v2\/posts\/1385\/revisions\/1388"}],"wp:attachment":[{"href":"http:\/\/blogdalucianaoliveira.com.br\/blog\/wp-json\/wp\/v2\/media?parent=1385"}],"wp:term":[{"taxonomy":"category","embeddable":true,"href":"http:\/\/blogdalucianaoliveira.com.br\/blog\/wp-json\/wp\/v2\/categories?post=1385"},{"taxonomy":"post_tag","embeddable":true,"href":"http:\/\/blogdalucianaoliveira.com.br\/blog\/wp-json\/wp\/v2\/tags?post=1385"}],"curies":[{"name":"wp","href":"https:\/\/api.w.org\/{rel}","templated":true}]}}