{"id":13850,"date":"2017-09-25T16:06:50","date_gmt":"2017-09-25T20:06:50","guid":{"rendered":"http:\/\/blogdalucianaoliveira.com.br\/blog\/?p=13850"},"modified":"2017-09-25T16:06:50","modified_gmt":"2017-09-25T20:06:50","slug":"apos-pressao-temer-decide-revogar-decreto-que-extinguiu-renca","status":"publish","type":"post","link":"http:\/\/blogdalucianaoliveira.com.br\/blog\/2017\/09\/25\/apos-pressao-temer-decide-revogar-decreto-que-extinguiu-renca\/","title":{"rendered":"AP\u00d3S PRESS\u00c3O, TEMER DECIDE REVOGAR DECRETO QUE EXTINGUIU RENCA"},"content":{"rendered":"<p><img data-recalc-dims=\"1\" loading=\"lazy\" decoding=\"async\" data-attachment-id=\"13851\" data-permalink=\"http:\/\/blogdalucianaoliveira.com.br\/blog\/2017\/09\/25\/apos-pressao-temer-decide-revogar-decreto-que-extinguiu-renca\/ren\/\" data-orig-file=\"https:\/\/i0.wp.com\/blogdalucianaoliveira.com.br\/blog\/wp-content\/uploads\/2017\/09\/ren.jpg?fit=1000%2C357\" data-orig-size=\"1000,357\" data-comments-opened=\"0\" data-image-meta=\"{&quot;aperture&quot;:&quot;0&quot;,&quot;credit&quot;:&quot;&quot;,&quot;camera&quot;:&quot;&quot;,&quot;caption&quot;:&quot;&quot;,&quot;created_timestamp&quot;:&quot;0&quot;,&quot;copyright&quot;:&quot;&quot;,&quot;focal_length&quot;:&quot;0&quot;,&quot;iso&quot;:&quot;0&quot;,&quot;shutter_speed&quot;:&quot;0&quot;,&quot;title&quot;:&quot;&quot;,&quot;orientation&quot;:&quot;0&quot;}\" data-image-title=\"ren\" data-image-description=\"\" data-image-caption=\"\" data-medium-file=\"https:\/\/i0.wp.com\/blogdalucianaoliveira.com.br\/blog\/wp-content\/uploads\/2017\/09\/ren.jpg?fit=300%2C107\" data-large-file=\"https:\/\/i0.wp.com\/blogdalucianaoliveira.com.br\/blog\/wp-content\/uploads\/2017\/09\/ren.jpg?fit=600%2C214\" src=\"https:\/\/i0.wp.com\/blogdalucianaoliveira.com.br\/blog\/wp-content\/uploads\/2017\/09\/ren.jpg?resize=600%2C214\" alt=\"ren\" width=\"600\" height=\"214\" class=\"alignnone size-full wp-image-13851\" srcset=\"https:\/\/i0.wp.com\/blogdalucianaoliveira.com.br\/blog\/wp-content\/uploads\/2017\/09\/ren.jpg?w=1000 1000w, https:\/\/i0.wp.com\/blogdalucianaoliveira.com.br\/blog\/wp-content\/uploads\/2017\/09\/ren.jpg?resize=300%2C107 300w, https:\/\/i0.wp.com\/blogdalucianaoliveira.com.br\/blog\/wp-content\/uploads\/2017\/09\/ren.jpg?resize=768%2C274 768w, https:\/\/i0.wp.com\/blogdalucianaoliveira.com.br\/blog\/wp-content\/uploads\/2017\/09\/ren.jpg?resize=800%2C286 800w\" sizes=\"auto, (max-width: 600px) 100vw, 600px\" \/><\/p>\n<p>247 &#8211; Diante da repercuss\u00e3o negativa e da press\u00e3o internacional, o governo de Michel Temer decidiu revogar o decreto que extinguia a Reserva Nacional do Cobre e Associados (Renca), \u00e1rea de aproximadamente 4 milh\u00f5es de hectares na divisa do Sul e do Sudoeste do Amap\u00e1 com o Noroeste do Par\u00e1.<!--more--><\/p>\n<p>Segundo o portal UOL, a decis\u00e3o deve ser publicada no Di\u00e1rio Oficial da Uni\u00e3o nesta ter\u00e7a-feira (26). A extin\u00e7\u00e3o, proposta pelo Minist\u00e9rio de Minas e Energia em mar\u00e7o, permitiria a concess\u00e3o para explora\u00e7\u00e3o mineral. O argumento da pasta era de que a medida seria necess\u00e1ria para viabilizar o potencial da regi\u00e3o e estimular o desenvolvimento econ\u00f4mico dos dois Estados. O governo tamb\u00e9m alegava que a regulamenta\u00e7\u00e3o coibiria os garimpos ilegais existentes no local.<\/p>\n<p>A not\u00edcia, no entanto, foi mal recebida por parte de ambientalistas e outros setores da sociedade, especialmente a art\u00edstica; a modelo Gisele B\u00fcndchen foi uma das mais cr\u00edticas sobre a decis\u00e3o; no Rock in Rio, ela falou sobre a import\u00e2ncia da conserva\u00e7\u00e3o da Amaz\u00f4nia e cantou &#8220;Imagine&#8221;, de John Lennon, ao lado de Ivete Sangalo. Ao longo do discurso, o p\u00fablico gritava &#8220;Fora, Temer&#8221;. <\/p>\n","protected":false},"excerpt":{"rendered":"<p>247 &#8211; Diante da repercuss\u00e3o negativa e da press\u00e3o internacional, o governo de Michel Temer decidiu revogar o decreto que extinguia a Reserva Nacional do Cobre e Associados (Renca), \u00e1rea de aproximadamente 4 milh\u00f5es de hectares na divisa do Sul e do Sudoeste do Amap\u00e1 com o Noroeste do Par\u00e1.<\/p>\n","protected":false},"author":1,"featured_media":0,"comment_status":"closed","ping_status":"open","sticky":false,"template":"","format":"standard","meta":{"_exactmetrics_skip_tracking":false,"_exactmetrics_sitenote_active":false,"_exactmetrics_sitenote_note":"","_exactmetrics_sitenote_category":0,"jetpack_post_was_ever_published":false,"_jetpack_newsletter_access":"","_jetpack_dont_email_post_to_subs":false,"_jetpack_newsletter_tier_id":0,"_jetpack_memberships_contains_paywalled_content":false,"_jetpack_memberships_contains_paid_content":false,"footnotes":"","jetpack_publicize_message":"","jetpack_publicize_feature_enabled":true,"jetpack_social_post_already_shared":true,"jetpack_social_options":{"image_generator_settings":{"template":"highway","enabled":false},"version":2}},"categories":[1],"tags":[],"class_list":["post-13850","post","type-post","status-publish","format-standard","hentry","category-notas"],"jetpack_publicize_connections":[],"jetpack_sharing_enabled":true,"jetpack_featured_media_url":"","jetpack_shortlink":"https:\/\/wp.me\/p7wKYW-3Bo","jetpack-related-posts":[],"_links":{"self":[{"href":"http:\/\/blogdalucianaoliveira.com.br\/blog\/wp-json\/wp\/v2\/posts\/13850","targetHints":{"allow":["GET"]}}],"collection":[{"href":"http:\/\/blogdalucianaoliveira.com.br\/blog\/wp-json\/wp\/v2\/posts"}],"about":[{"href":"http:\/\/blogdalucianaoliveira.com.br\/blog\/wp-json\/wp\/v2\/types\/post"}],"author":[{"embeddable":true,"href":"http:\/\/blogdalucianaoliveira.com.br\/blog\/wp-json\/wp\/v2\/users\/1"}],"replies":[{"embeddable":true,"href":"http:\/\/blogdalucianaoliveira.com.br\/blog\/wp-json\/wp\/v2\/comments?post=13850"}],"version-history":[{"count":1,"href":"http:\/\/blogdalucianaoliveira.com.br\/blog\/wp-json\/wp\/v2\/posts\/13850\/revisions"}],"predecessor-version":[{"id":13852,"href":"http:\/\/blogdalucianaoliveira.com.br\/blog\/wp-json\/wp\/v2\/posts\/13850\/revisions\/13852"}],"wp:attachment":[{"href":"http:\/\/blogdalucianaoliveira.com.br\/blog\/wp-json\/wp\/v2\/media?parent=13850"}],"wp:term":[{"taxonomy":"category","embeddable":true,"href":"http:\/\/blogdalucianaoliveira.com.br\/blog\/wp-json\/wp\/v2\/categories?post=13850"},{"taxonomy":"post_tag","embeddable":true,"href":"http:\/\/blogdalucianaoliveira.com.br\/blog\/wp-json\/wp\/v2\/tags?post=13850"}],"curies":[{"name":"wp","href":"https:\/\/api.w.org\/{rel}","templated":true}]}}