{"id":13855,"date":"2017-09-25T16:11:12","date_gmt":"2017-09-25T20:11:12","guid":{"rendered":"http:\/\/blogdalucianaoliveira.com.br\/blog\/?p=13855"},"modified":"2017-09-25T16:11:12","modified_gmt":"2017-09-25T20:11:12","slug":"seis-bilionarios-tem-a-renda-de-100-milhoes-de-brasileiros","status":"publish","type":"post","link":"http:\/\/blogdalucianaoliveira.com.br\/blog\/2017\/09\/25\/seis-bilionarios-tem-a-renda-de-100-milhoes-de-brasileiros\/","title":{"rendered":"SEIS BILION\u00c1RIOS T\u00caM A RENDA DE 100 MILH\u00d5ES DE BRASILEIROS"},"content":{"rendered":"<p><img data-recalc-dims=\"1\" loading=\"lazy\" decoding=\"async\" data-attachment-id=\"13856\" data-permalink=\"http:\/\/blogdalucianaoliveira.com.br\/blog\/2017\/09\/25\/seis-bilionarios-tem-a-renda-de-100-milhoes-de-brasileiros\/seis\/\" data-orig-file=\"https:\/\/i0.wp.com\/blogdalucianaoliveira.com.br\/blog\/wp-content\/uploads\/2017\/09\/seis.jpg?fit=1000%2C357\" data-orig-size=\"1000,357\" data-comments-opened=\"0\" data-image-meta=\"{&quot;aperture&quot;:&quot;0&quot;,&quot;credit&quot;:&quot;&quot;,&quot;camera&quot;:&quot;&quot;,&quot;caption&quot;:&quot;&quot;,&quot;created_timestamp&quot;:&quot;0&quot;,&quot;copyright&quot;:&quot;&quot;,&quot;focal_length&quot;:&quot;0&quot;,&quot;iso&quot;:&quot;0&quot;,&quot;shutter_speed&quot;:&quot;0&quot;,&quot;title&quot;:&quot;&quot;,&quot;orientation&quot;:&quot;0&quot;}\" data-image-title=\"seis\" data-image-description=\"\" data-image-caption=\"\" data-medium-file=\"https:\/\/i0.wp.com\/blogdalucianaoliveira.com.br\/blog\/wp-content\/uploads\/2017\/09\/seis.jpg?fit=300%2C107\" data-large-file=\"https:\/\/i0.wp.com\/blogdalucianaoliveira.com.br\/blog\/wp-content\/uploads\/2017\/09\/seis.jpg?fit=600%2C214\" src=\"https:\/\/i0.wp.com\/blogdalucianaoliveira.com.br\/blog\/wp-content\/uploads\/2017\/09\/seis.jpg?resize=600%2C214\" alt=\"seis\" width=\"600\" height=\"214\" class=\"alignnone size-full wp-image-13856\" srcset=\"https:\/\/i0.wp.com\/blogdalucianaoliveira.com.br\/blog\/wp-content\/uploads\/2017\/09\/seis.jpg?w=1000 1000w, https:\/\/i0.wp.com\/blogdalucianaoliveira.com.br\/blog\/wp-content\/uploads\/2017\/09\/seis.jpg?resize=300%2C107 300w, https:\/\/i0.wp.com\/blogdalucianaoliveira.com.br\/blog\/wp-content\/uploads\/2017\/09\/seis.jpg?resize=768%2C274 768w, https:\/\/i0.wp.com\/blogdalucianaoliveira.com.br\/blog\/wp-content\/uploads\/2017\/09\/seis.jpg?resize=800%2C286 800w\" sizes=\"auto, (max-width: 600px) 100vw, 600px\" \/><\/p>\n<p>247 \u2013 Uma pesquisa divulgada nesta segunda-feira pela Oxfam deu a dimens\u00e3o pornogr\u00e1fica da concentra\u00e7\u00e3o de renda no Brasil. Apenas seis bilion\u00e1rios, Jorge Paulo Lemann (AB Inbev), Joseph Safra (Banco Safra), Marcel Hermmann Telles (AB Inbev), Carlos Alberto Sicupira (AB Inbev), Eduardo Saverin (Facebook) e Ermirio Pereira de Moraes (Grupo Votorantim), concentram a mesma riqueza que os 100 milh\u00f5es mais pobres do pa\u00eds \u2013 quase 50% da popula\u00e7\u00e3o.<!--more--><\/p>\n<p>Al\u00e9m disso, um brasileiro que vive do sal\u00e1rio m\u00ednimo teria que trabalhar 19 anos para ganhar o que um super-rico recebe por m\u00eas no Brasil.<\/p>\n<p>Aqui, os 5% mais ricos t\u00eam a mesma riqueza que os 95% restantes.<\/p>\n<p>Abaixo, reportagem da ag\u00eancia Reuters sobre a pesquisa:<\/p>\n<p>Por Maria Clara Pestre<\/p>\n<p>RIO DE JANEIRO, 25 Set (Reuters) &#8211; Alessandra dos Santos tem 37 anos, dois filhos, e ganha um sal\u00e1rio m\u00ednimo trabalhando como auxiliar de professora em uma escola.<\/p>\n<p>Com esse sal\u00e1rio, Alessandra precisaria trabalhar por 19 anos seguidos para receber o mesmo que o 0,1 por cento mais rico da popula\u00e7\u00e3o brasileira ganha em um m\u00eas, segundo estudo \u201cA Dist\u00e2ncia Que Nos Une\u201d, da Oxfam Brasil, divulgado nesta segunda-feira.<\/p>\n<p>O levantamento ilustra a situa\u00e7\u00e3o de desigualdade social no Brasil, considerado o 3\u00ba pa\u00eds mais desigual da Am\u00e9rica Latina, somente atr\u00e1s da Col\u00f4mbia e Honduras, e o 10\u00ba mais desigual do mundo, pelo \u00faltimo relat\u00f3rio do Programa das Na\u00e7\u00f5es Unidas para o Desenvolvimento (Pnud). Os dados levam em conta o \u00cdndice de Gini.<\/p>\n<p>Esses n\u00fameros retratam uma realidade que distancia parte da popula\u00e7\u00e3o de servi\u00e7os b\u00e1sicos, como oferta de \u00e1gua ou de m\u00e9dicos, aumenta as taxas de mortalidade infantil e diminui a expectativa de vida ao nascer de muitos brasileiros, demonstrou o estudo.<\/p>\n<p>O valor do sal\u00e1rio m\u00ednimo tamb\u00e9m \u00e9 um aspecto da desigualdade social no Brasil. Com uma filha na escola, e um beb\u00ea rec\u00e9m-nascido, o valor mensal de 937 reais n\u00e3o \u00e9 suficiente para cobrir as despesas da casa de Alessandra.<\/p>\n<p>\u201cN\u00e3o d\u00e1 praticamente para nada\u201d, diz a auxiliar de professora de uma escola de Niter\u00f3i (RJ).<\/p>\n<p>Katia Maia, diretora-executiva da Oxfam Brasil, explica que o valor ainda est\u00e1 distante \u201cdo que seria um sal\u00e1rio m\u00ednimo ideal, mais inclusivo e que realmente enfrentasse as desigualdades que a gente tem hoje\u201d no Brasil.<\/p>\n<p>\u201cO que nos choca muito, na verdade, \u00e9 que o Brasil \u00e9 um pa\u00eds desigual com potencial para n\u00e3o ser desigual. \u00c9 um pa\u00eds rico, \u00e9 um pa\u00eds que tem as condi\u00e7\u00f5es de enfrentar e reduzir a desigualdade extrema que n\u00f3s temos\u201d, diz Katia em entrevista \u00e0 Reuters, destacando que nos \u00faltimos 15 anos, 28 milh\u00f5es de brasileiros sa\u00edram debaixo da linha da pobreza.<\/p>\n<p>O estudo demonstra, entretanto, que esse progresso foi interrompido, o que Katia associou \u00e0 crise econ\u00f4mica e pol\u00edtica que tem abalado o pa\u00eds nos \u00faltimos anos, agravada pela agenda de reformas do governo atual, segundo ela, como a trabalhista e da Previd\u00eancia, e por uma pol\u00edtica de corte de gastos sociais.<\/p>\n<p>\u201cVoc\u00ea tem uma reforma trabalhista que retira direitos important\u00edssimos para o trabalhador, ou seja, em um momento de crise econ\u00f4mica&#8230; voc\u00ea desprotege totalmente o trabalhador brasileiro na sua negocia\u00e7\u00e3o com o empregador\u201d, diz Katia, que tamb\u00e9m acusou a reforma da Previd\u00eancia de penalizar apenas os mais pobres e a classe m\u00e9dia.<\/p>\n<p>Sancionada pelo presidente Michel Temer em julho, a reforma trabalhista prev\u00ea, por exemplo, que acordos entre empregados e patr\u00f5es se sobreponham \u00e0 legisla\u00e7\u00e3o vigente, busca diminuir a interven\u00e7\u00e3o da Justi\u00e7a trabalhista nas negocia\u00e7\u00f5es entre as partes e permite o trabalho intermitente. A reforma da Previd\u00eancia ainda tramita pela C\u00e2mara dos Deputados.<\/p>\n<p>O governo defende que a reforma trabalhista vai modernizar as rela\u00e7\u00f5es de trabalho e, portanto, acelerar a cria\u00e7\u00e3o de empregos e justifica a reforma da Previd\u00eancia como necess\u00e1ria para o ajuste das contas p\u00fablicas.<\/p>\n<p>Para reverter o quadro de desigualdade, a Oxfam Brasil prop\u00f5e altera\u00e7\u00f5es no que chama de \u201csistema tribut\u00e1rio amigo dos super-ricos\u201d, que onera principalmente os mais pobres e a classe m\u00e9dia, maiores gastos sociais e maior formaliza\u00e7\u00e3o no mercado de trabalho.<\/p>\n<p>\u201cAs desigualdades, elas n\u00e3o s\u00e3o inevit\u00e1veis. Elas s\u00e3o escolhas pol\u00edticas\u201d, afirma Katia.<\/p>\n","protected":false},"excerpt":{"rendered":"<p>247 \u2013 Uma pesquisa divulgada nesta segunda-feira pela Oxfam deu a dimens\u00e3o pornogr\u00e1fica da concentra\u00e7\u00e3o de renda no Brasil. Apenas seis bilion\u00e1rios, Jorge Paulo Lemann (AB Inbev), Joseph Safra (Banco Safra), Marcel Hermmann Telles (AB Inbev), Carlos Alberto Sicupira (AB Inbev), Eduardo Saverin (Facebook) e Ermirio Pereira de Moraes (Grupo Votorantim), concentram a mesma riqueza&#8230;<a class=\"more-link\" href=\"http:\/\/blogdalucianaoliveira.com.br\/blog\/2017\/09\/25\/seis-bilionarios-tem-a-renda-de-100-milhoes-de-brasileiros\/\">Continue a leitura <span class=\"meta-nav\">&raquo;<\/span><\/a><\/p>\n","protected":false},"author":1,"featured_media":0,"comment_status":"closed","ping_status":"open","sticky":false,"template":"","format":"standard","meta":{"_exactmetrics_skip_tracking":false,"_exactmetrics_sitenote_active":false,"_exactmetrics_sitenote_note":"","_exactmetrics_sitenote_category":0,"jetpack_post_was_ever_published":false,"_jetpack_newsletter_access":"","_jetpack_dont_email_post_to_subs":false,"_jetpack_newsletter_tier_id":0,"_jetpack_memberships_contains_paywalled_content":false,"_jetpack_memberships_contains_paid_content":false,"footnotes":"","jetpack_publicize_message":"","jetpack_publicize_feature_enabled":true,"jetpack_social_post_already_shared":true,"jetpack_social_options":{"image_generator_settings":{"template":"highway","enabled":false},"version":2}},"categories":[1],"tags":[],"class_list":["post-13855","post","type-post","status-publish","format-standard","hentry","category-notas"],"jetpack_publicize_connections":[],"jetpack_sharing_enabled":true,"jetpack_featured_media_url":"","jetpack_shortlink":"https:\/\/wp.me\/p7wKYW-3Bt","jetpack-related-posts":[],"_links":{"self":[{"href":"http:\/\/blogdalucianaoliveira.com.br\/blog\/wp-json\/wp\/v2\/posts\/13855","targetHints":{"allow":["GET"]}}],"collection":[{"href":"http:\/\/blogdalucianaoliveira.com.br\/blog\/wp-json\/wp\/v2\/posts"}],"about":[{"href":"http:\/\/blogdalucianaoliveira.com.br\/blog\/wp-json\/wp\/v2\/types\/post"}],"author":[{"embeddable":true,"href":"http:\/\/blogdalucianaoliveira.com.br\/blog\/wp-json\/wp\/v2\/users\/1"}],"replies":[{"embeddable":true,"href":"http:\/\/blogdalucianaoliveira.com.br\/blog\/wp-json\/wp\/v2\/comments?post=13855"}],"version-history":[{"count":1,"href":"http:\/\/blogdalucianaoliveira.com.br\/blog\/wp-json\/wp\/v2\/posts\/13855\/revisions"}],"predecessor-version":[{"id":13857,"href":"http:\/\/blogdalucianaoliveira.com.br\/blog\/wp-json\/wp\/v2\/posts\/13855\/revisions\/13857"}],"wp:attachment":[{"href":"http:\/\/blogdalucianaoliveira.com.br\/blog\/wp-json\/wp\/v2\/media?parent=13855"}],"wp:term":[{"taxonomy":"category","embeddable":true,"href":"http:\/\/blogdalucianaoliveira.com.br\/blog\/wp-json\/wp\/v2\/categories?post=13855"},{"taxonomy":"post_tag","embeddable":true,"href":"http:\/\/blogdalucianaoliveira.com.br\/blog\/wp-json\/wp\/v2\/tags?post=13855"}],"curies":[{"name":"wp","href":"https:\/\/api.w.org\/{rel}","templated":true}]}}