{"id":13861,"date":"2017-09-26T11:22:20","date_gmt":"2017-09-26T15:22:20","guid":{"rendered":"http:\/\/blogdalucianaoliveira.com.br\/blog\/?p=13861"},"modified":"2017-09-26T11:22:45","modified_gmt":"2017-09-26T15:22:45","slug":"temer-ja-comecou-a-abrir-os-cofres-para-barrar-2a-denuncia-na-camara","status":"publish","type":"post","link":"http:\/\/blogdalucianaoliveira.com.br\/blog\/2017\/09\/26\/temer-ja-comecou-a-abrir-os-cofres-para-barrar-2a-denuncia-na-camara\/","title":{"rendered":"TEMER J\u00c1 COME\u00c7OU A ABRIR OS COFRES PARA BARRAR 2\u00aa DEN\u00daNCIA NA C\u00c2MARA"},"content":{"rendered":"<p><img data-recalc-dims=\"1\" loading=\"lazy\" decoding=\"async\" data-attachment-id=\"13862\" data-permalink=\"http:\/\/blogdalucianaoliveira.com.br\/blog\/2017\/09\/26\/temer-ja-comecou-a-abrir-os-cofres-para-barrar-2a-denuncia-na-camara\/barra\/\" data-orig-file=\"https:\/\/i0.wp.com\/blogdalucianaoliveira.com.br\/blog\/wp-content\/uploads\/2017\/09\/barra.jpg?fit=1003%2C357\" data-orig-size=\"1003,357\" data-comments-opened=\"0\" data-image-meta=\"{&quot;aperture&quot;:&quot;0&quot;,&quot;credit&quot;:&quot;&quot;,&quot;camera&quot;:&quot;&quot;,&quot;caption&quot;:&quot;&quot;,&quot;created_timestamp&quot;:&quot;0&quot;,&quot;copyright&quot;:&quot;&quot;,&quot;focal_length&quot;:&quot;0&quot;,&quot;iso&quot;:&quot;0&quot;,&quot;shutter_speed&quot;:&quot;0&quot;,&quot;title&quot;:&quot;&quot;,&quot;orientation&quot;:&quot;0&quot;}\" data-image-title=\"barra\" data-image-description=\"\" data-image-caption=\"\" data-medium-file=\"https:\/\/i0.wp.com\/blogdalucianaoliveira.com.br\/blog\/wp-content\/uploads\/2017\/09\/barra.jpg?fit=300%2C107\" data-large-file=\"https:\/\/i0.wp.com\/blogdalucianaoliveira.com.br\/blog\/wp-content\/uploads\/2017\/09\/barra.jpg?fit=600%2C214\" src=\"https:\/\/i0.wp.com\/blogdalucianaoliveira.com.br\/blog\/wp-content\/uploads\/2017\/09\/barra.jpg?resize=600%2C214\" alt=\"barra\" width=\"600\" height=\"214\" class=\"alignnone size-full wp-image-13862\" srcset=\"https:\/\/i0.wp.com\/blogdalucianaoliveira.com.br\/blog\/wp-content\/uploads\/2017\/09\/barra.jpg?w=1003 1003w, https:\/\/i0.wp.com\/blogdalucianaoliveira.com.br\/blog\/wp-content\/uploads\/2017\/09\/barra.jpg?resize=300%2C107 300w, https:\/\/i0.wp.com\/blogdalucianaoliveira.com.br\/blog\/wp-content\/uploads\/2017\/09\/barra.jpg?resize=768%2C273 768w, https:\/\/i0.wp.com\/blogdalucianaoliveira.com.br\/blog\/wp-content\/uploads\/2017\/09\/barra.jpg?resize=800%2C285 800w\" sizes=\"auto, (max-width: 600px) 100vw, 600px\" \/><\/p>\n<p>247 &#8211; Michel Temer j\u00e1 deu in\u00edcio \u00e0s suas manobras \u2014 com dinheiro p\u00fablico\u2014 para barrar a segunda den\u00fancia contra ele na C\u00e2mara. <!--more--><\/p>\n<p>Pressionado pela segunda den\u00fancia da PGR, por organiza\u00e7\u00e3o criminosa e obstru\u00e7\u00e3o de Justi\u00e7a, e diante da falta de disposi\u00e7\u00e3o da base de dar quorum para a leitura da pe\u00e7a e sua tramita\u00e7\u00e3o, Michel Temer prepara a libera\u00e7\u00e3o de mais dinheiro para programas como o refinanciamento de d\u00edvidas Refis e o Bolsa Fam\u00edlia. Contra a vontade da equipe econ\u00f4mica, que desejava preservar a arrecada\u00e7\u00e3o prevista de R$ 13 bilh\u00f5es no Refis, a Casa Civil acertou uma proposta mais flex\u00edvel, alterando as regras de refinanciamento das d\u00edvidas das empresas.<\/p>\n<p>Segundo jornal O Globo e o \u201cJornal Nacional\u201d, a nova proposta contempla quatro pontos principais na renegocia\u00e7\u00e3o das d\u00edvidas: para pagamento \u00e0 vista, desconto de 90% nos juros, 70% nas multas e 25% nos encargos; para pagamentos em at\u00e9 145 parcelas, desconto de 80% nos juros, 50% nas multas e 25% nos encargos; para pagamento em at\u00e9 175 parcelas, descontos de 50% nos juros, 25% nas multas e 25% nos encargos. Quem tem d\u00edvida de at\u00e9 R$ 15 milh\u00f5es pode dar entrada de 5% ao inv\u00e9s de 7,5% da proposta original. A medida agrada aliados, especialmente empres\u00e1rios. O prazo de ades\u00e3o ao Refis termina sexta-feira.Temer deve anunciar ainda um programa complementar ao Bolsa Fam\u00edlia, que inclui 3 milh\u00f5es em microcr\u00e9dito.<\/p>\n<p>Na segunda-feira, uma nova tentativa de leitura da den\u00fancia contra Temer e os ministros Eliseu Padilha (Casa Civil) e Moreira Franco (Secretaria Geral) no plen\u00e1rio da C\u00e2mara foi frustrada, como j\u00e1 havia ocorrido na sexta-feira. Com o novo fracasso, o Planalto passou a admitir o risco de a tramita\u00e7\u00e3o da den\u00fancia se alongar. O governo trabalhava para conseguir concluir o arquivamento at\u00e9 o dia 11 de outubro, mas come\u00e7ou a admitir a hip\u00f3tese de a tramita\u00e7\u00e3o durar ao menos mais uma semana.<\/p>\n<p>Recorde de emendas<\/p>\n<p>No dia em que a Procuradoria Geral da Rep\u00fablica denunciou Michel Temer pela segunda vez, o governo liberou R$ 65 milh\u00f5es em emendas parlamentares. Foi numa quinta-feira, 14 de setembro, o dia em que os deputados mais receberam dinheiro at\u00e9 agora durante o m\u00eas de setembro. O segundo dia em que houve mais pagamento de emendas foi 19 de setembro, um dia antes de o Supremo Tribunal Federal concluir o julgamento que liberou o envio da den\u00fancia para a C\u00e2mara. O levantamento \u00e9 do partido Rede Sustentabilidade, feito a pedido da R\u00e1dio CBN.<\/p>\n<p>O deputado que reuniu as informa\u00e7\u00f5es, Alessandro Molon, disse que vai ao Minist\u00e9rio P\u00fablico denunciar novamente que est\u00e1 havendo compra de votos para barrar a den\u00fancia contra Temer.<\/p>\n","protected":false},"excerpt":{"rendered":"<p>247 &#8211; Michel Temer j\u00e1 deu in\u00edcio \u00e0s suas manobras \u2014 com dinheiro p\u00fablico\u2014 para barrar a segunda den\u00fancia contra ele na C\u00e2mara.<\/p>\n","protected":false},"author":1,"featured_media":0,"comment_status":"closed","ping_status":"open","sticky":false,"template":"","format":"standard","meta":{"_exactmetrics_skip_tracking":false,"_exactmetrics_sitenote_active":false,"_exactmetrics_sitenote_note":"","_exactmetrics_sitenote_category":0,"jetpack_post_was_ever_published":false,"_jetpack_newsletter_access":"","_jetpack_dont_email_post_to_subs":false,"_jetpack_newsletter_tier_id":0,"_jetpack_memberships_contains_paywalled_content":false,"_jetpack_memberships_contains_paid_content":false,"footnotes":"","jetpack_publicize_message":"","jetpack_publicize_feature_enabled":true,"jetpack_social_post_already_shared":true,"jetpack_social_options":{"image_generator_settings":{"template":"highway","enabled":false},"version":2}},"categories":[1],"tags":[],"class_list":["post-13861","post","type-post","status-publish","format-standard","hentry","category-notas"],"jetpack_publicize_connections":[],"jetpack_sharing_enabled":true,"jetpack_featured_media_url":"","jetpack_shortlink":"https:\/\/wp.me\/p7wKYW-3Bz","jetpack-related-posts":[],"_links":{"self":[{"href":"http:\/\/blogdalucianaoliveira.com.br\/blog\/wp-json\/wp\/v2\/posts\/13861","targetHints":{"allow":["GET"]}}],"collection":[{"href":"http:\/\/blogdalucianaoliveira.com.br\/blog\/wp-json\/wp\/v2\/posts"}],"about":[{"href":"http:\/\/blogdalucianaoliveira.com.br\/blog\/wp-json\/wp\/v2\/types\/post"}],"author":[{"embeddable":true,"href":"http:\/\/blogdalucianaoliveira.com.br\/blog\/wp-json\/wp\/v2\/users\/1"}],"replies":[{"embeddable":true,"href":"http:\/\/blogdalucianaoliveira.com.br\/blog\/wp-json\/wp\/v2\/comments?post=13861"}],"version-history":[{"count":1,"href":"http:\/\/blogdalucianaoliveira.com.br\/blog\/wp-json\/wp\/v2\/posts\/13861\/revisions"}],"predecessor-version":[{"id":13863,"href":"http:\/\/blogdalucianaoliveira.com.br\/blog\/wp-json\/wp\/v2\/posts\/13861\/revisions\/13863"}],"wp:attachment":[{"href":"http:\/\/blogdalucianaoliveira.com.br\/blog\/wp-json\/wp\/v2\/media?parent=13861"}],"wp:term":[{"taxonomy":"category","embeddable":true,"href":"http:\/\/blogdalucianaoliveira.com.br\/blog\/wp-json\/wp\/v2\/categories?post=13861"},{"taxonomy":"post_tag","embeddable":true,"href":"http:\/\/blogdalucianaoliveira.com.br\/blog\/wp-json\/wp\/v2\/tags?post=13861"}],"curies":[{"name":"wp","href":"https:\/\/api.w.org\/{rel}","templated":true}]}}