{"id":13864,"date":"2017-09-26T11:33:10","date_gmt":"2017-09-26T15:33:10","guid":{"rendered":"http:\/\/blogdalucianaoliveira.com.br\/blog\/?p=13864"},"modified":"2017-09-26T11:34:37","modified_gmt":"2017-09-26T15:34:37","slug":"proposta-quer-retirar-o-titulo-de-patrono-da-educacao-de-paulo-freire","status":"publish","type":"post","link":"http:\/\/blogdalucianaoliveira.com.br\/blog\/2017\/09\/26\/proposta-quer-retirar-o-titulo-de-patrono-da-educacao-de-paulo-freire\/","title":{"rendered":"Proposta quer retirar o t\u00edtulo de patrono da educa\u00e7\u00e3o de Paulo Freire"},"content":{"rendered":"<p><img data-recalc-dims=\"1\" loading=\"lazy\" decoding=\"async\" data-attachment-id=\"13865\" data-permalink=\"http:\/\/blogdalucianaoliveira.com.br\/blog\/2017\/09\/26\/proposta-quer-retirar-o-titulo-de-patrono-da-educacao-de-paulo-freire\/paulo-4\/\" data-orig-file=\"https:\/\/i0.wp.com\/blogdalucianaoliveira.com.br\/blog\/wp-content\/uploads\/2017\/09\/paulo.png?fit=1024%2C683\" data-orig-size=\"1024,683\" data-comments-opened=\"0\" data-image-meta=\"{&quot;aperture&quot;:&quot;0&quot;,&quot;credit&quot;:&quot;&quot;,&quot;camera&quot;:&quot;&quot;,&quot;caption&quot;:&quot;&quot;,&quot;created_timestamp&quot;:&quot;0&quot;,&quot;copyright&quot;:&quot;&quot;,&quot;focal_length&quot;:&quot;0&quot;,&quot;iso&quot;:&quot;0&quot;,&quot;shutter_speed&quot;:&quot;0&quot;,&quot;title&quot;:&quot;&quot;,&quot;orientation&quot;:&quot;0&quot;}\" data-image-title=\"paulo\" data-image-description=\"\" data-image-caption=\"\" data-medium-file=\"https:\/\/i0.wp.com\/blogdalucianaoliveira.com.br\/blog\/wp-content\/uploads\/2017\/09\/paulo.png?fit=300%2C200\" data-large-file=\"https:\/\/i0.wp.com\/blogdalucianaoliveira.com.br\/blog\/wp-content\/uploads\/2017\/09\/paulo.png?fit=600%2C400\" src=\"https:\/\/i0.wp.com\/blogdalucianaoliveira.com.br\/blog\/wp-content\/uploads\/2017\/09\/paulo.png?resize=600%2C400\" alt=\"paulo\" width=\"600\" height=\"400\" class=\"alignnone size-full wp-image-13865\" srcset=\"https:\/\/i0.wp.com\/blogdalucianaoliveira.com.br\/blog\/wp-content\/uploads\/2017\/09\/paulo.png?w=1024 1024w, https:\/\/i0.wp.com\/blogdalucianaoliveira.com.br\/blog\/wp-content\/uploads\/2017\/09\/paulo.png?resize=300%2C200 300w, https:\/\/i0.wp.com\/blogdalucianaoliveira.com.br\/blog\/wp-content\/uploads\/2017\/09\/paulo.png?resize=768%2C512 768w, https:\/\/i0.wp.com\/blogdalucianaoliveira.com.br\/blog\/wp-content\/uploads\/2017\/09\/paulo.png?resize=450%2C300 450w\" sizes=\"auto, (max-width: 600px) 100vw, 600px\" \/><\/p>\n<p>Na Carta Educa\u00e7\u00e3o &#8211; Uma proposta legislativa apresentada no site do Senado quer retirar o t\u00edtulo de patrono da educa\u00e7\u00e3o de Paulo Freire. De autoria da estudante Stefanny Papaiano, apoiadora do Escola Sem Partido, a proposta tem como objetivo revogar a Lei 12.612, de 2012, que concedeu o t\u00edtulo ao educador.<!--more--><\/p>\n<p>A justificativa apresentada \u00e9 que Freire \u00e9 um fil\u00f3sofo de esquerda e que os resultados de seu m\u00e9todo de educa\u00e7\u00e3o s\u00e3o \u201ccatastr\u00f3ficos\u201d, com fracasso, inclusive, nas avalia\u00e7\u00f5es internacionais.<\/p>\n<p>Para que a proposta entre na pauta do Senado precisa acumular 20 mil assinaturas. At\u00e9 o momento do fechamento desta reportagem, as ades\u00f5es chegavam a 14.886.<\/p>\n<p>O projeto que condecorou o educador \u00e9 de autoria da deputada Luiza Erundina (PSOL-SP), que considera a sugest\u00e3o absurda. Em sua p\u00e1gina do Facebook, a deputada alega que a medida quer condenar o educador ao segundo ex\u00edlio e que tal retrocesso n\u00e3o pode ser permitido.<\/p>\n<p>\u201cIsso \u00e9 fruto da Era Temer, que promove a ascens\u00e3o de for\u00e7as conservadoras de direita e, com elas, o atraso e o conservadorismo\u201d, condena Erundina.<\/p>\n<p>Para ela, trata-se de um atentado contra a sua mem\u00f3ria e legado, que causa constrangimento e deve ser duramente combatido pela sociedade.<\/p>\n<p>O legado de Freire<\/p>\n<p>Paulo Freire \u00e9 considerado um dos mais not\u00e1veis pensadores da hist\u00f3ria da Pedagogia. Um levantamento feito pelo Google Scholar, ferramenta de pesquisa para literatura acad\u00eamica, revela que o educador \u00e9 o terceiro mais citado do mundo em universidades da \u00e1rea de humanas.<\/p>\n<p>O estudo, de autoria do professor associado da London School of Economics, Elliot Green, revela que Freire \u00e9 citado 72.359 vezes, ficando atr\u00e1s apenas do fil\u00f3sofo americano Thomas Kuhn (81.311) e do soci\u00f3logo, tamb\u00e9m americano, Everett Rogers (72.780).<\/p>\n<p>Freire \u00e9 amplamente amplamente reconhecido pelo programa de alfabetiza\u00e7\u00e3o de jovens e adultos, o Movimento de Alfabetiza\u00e7\u00e3o de Jovens e Adultos (MOVA), e tamb\u00e9m por defender uma educa\u00e7\u00e3o cr\u00edtica, capaz de conscientizar os estudantes, em detrimento ao modelo de transmiss\u00e3o de conhecimento, conceito que discute em profundidade na obra \u201cPedagogia do Oprimido\u201d.<\/p>\n<p>Para Luiza Erundina, \u00e9 ineg\u00e1vel seu legado para a concep\u00e7\u00e3o de uma educa\u00e7\u00e3o inovadora e revolucion\u00e1ria. A deputada ainda relembra as contribui\u00e7\u00f5es de Freire, como secret\u00e1rio municipal de educa\u00e7\u00e3o de S\u00e3o Paulo, de 1989 a 1991, sob sua gest\u00e3o.<\/p>\n<p>\u201cEle foi autor do Estatuto do Magist\u00e9rio, proposta que n\u00e3o s\u00f3 promoveu uma conquista de direitos por parte dos educadores e profissionais da educa\u00e7\u00e3o, como uma progress\u00e3o funcional na carreira\u201d, atesta.<\/p>\n<p>Tamb\u00e9m se posicionou contra a proposta legislativa, o F\u00f3rum Municipal de EJA, representado pelos pesquisadores e professores da Faculdade de Educa\u00e7\u00e3o da Unicamp e da Secretaria Municipal de Educa\u00e7\u00e3o de Campinas.<\/p>\n<p>Em nota de rep\u00fadio, o coletivo reafirma o reconhecimento nacional e internacional de Paulo Freire por sua proposta pol\u00edtico-pedag\u00f3gica vinculada aos processos de conscientiza\u00e7\u00e3o, humaniza\u00e7\u00e3o e emancipa\u00e7\u00e3o do ser humano intermediados pela Educa\u00e7\u00e3o.<\/p>\n<p>Para o grupo, reconhec\u00ea-lo \u00e9 defender a educa\u00e7\u00e3o p\u00fablica \u2013  laica, gratuita, de qualidade, socialmente referenciada e do Estado de Direito, \u2013 que \u00e9 tamb\u00e9m o direito \u00e0 vida, \u00e0 toler\u00e2ncia, \u00e0 cidadania e ao conhecimento que fortalece a constru\u00e7\u00e3o de um mundo menos desigual e mais amoroso.<\/p>\n<p>A nota fala sobre o avan\u00e7o de um Estado de Exce\u00e7\u00e3o, \u201ccujo aparelho ideol\u00f3gico do conservadorismo provoca o recrudescimento das liberdades e das rela\u00e7\u00f5es humanas, como atentados violentos aos direitos resguardados pela Constitui\u00e7\u00e3o Federal, pela Declara\u00e7\u00e3o dos Direitos Humanos, dentre outros.\u201d<\/p>\n","protected":false},"excerpt":{"rendered":"<p>Na Carta Educa\u00e7\u00e3o &#8211; Uma proposta legislativa apresentada no site do Senado quer retirar o t\u00edtulo de patrono da educa\u00e7\u00e3o de Paulo Freire. De autoria da estudante Stefanny Papaiano, apoiadora do Escola Sem Partido, a proposta tem como objetivo revogar a Lei 12.612, de 2012, que concedeu o t\u00edtulo ao educador.<\/p>\n","protected":false},"author":1,"featured_media":13865,"comment_status":"closed","ping_status":"open","sticky":false,"template":"","format":"standard","meta":{"_exactmetrics_skip_tracking":false,"_exactmetrics_sitenote_active":false,"_exactmetrics_sitenote_note":"","_exactmetrics_sitenote_category":0,"jetpack_post_was_ever_published":false,"_jetpack_newsletter_access":"","_jetpack_dont_email_post_to_subs":false,"_jetpack_newsletter_tier_id":0,"_jetpack_memberships_contains_paywalled_content":false,"_jetpack_memberships_contains_paid_content":false,"footnotes":"","jetpack_publicize_message":"","jetpack_publicize_feature_enabled":true,"jetpack_social_post_already_shared":true,"jetpack_social_options":{"image_generator_settings":{"template":"highway","enabled":false},"version":2}},"categories":[1],"tags":[],"class_list":["post-13864","post","type-post","status-publish","format-standard","has-post-thumbnail","hentry","category-notas"],"jetpack_publicize_connections":[],"jetpack_sharing_enabled":true,"jetpack_featured_media_url":"https:\/\/i0.wp.com\/blogdalucianaoliveira.com.br\/blog\/wp-content\/uploads\/2017\/09\/paulo.png?fit=1024%2C683","jetpack_shortlink":"https:\/\/wp.me\/p7wKYW-3BC","jetpack-related-posts":[],"_links":{"self":[{"href":"http:\/\/blogdalucianaoliveira.com.br\/blog\/wp-json\/wp\/v2\/posts\/13864","targetHints":{"allow":["GET"]}}],"collection":[{"href":"http:\/\/blogdalucianaoliveira.com.br\/blog\/wp-json\/wp\/v2\/posts"}],"about":[{"href":"http:\/\/blogdalucianaoliveira.com.br\/blog\/wp-json\/wp\/v2\/types\/post"}],"author":[{"embeddable":true,"href":"http:\/\/blogdalucianaoliveira.com.br\/blog\/wp-json\/wp\/v2\/users\/1"}],"replies":[{"embeddable":true,"href":"http:\/\/blogdalucianaoliveira.com.br\/blog\/wp-json\/wp\/v2\/comments?post=13864"}],"version-history":[{"count":1,"href":"http:\/\/blogdalucianaoliveira.com.br\/blog\/wp-json\/wp\/v2\/posts\/13864\/revisions"}],"predecessor-version":[{"id":13866,"href":"http:\/\/blogdalucianaoliveira.com.br\/blog\/wp-json\/wp\/v2\/posts\/13864\/revisions\/13866"}],"wp:featuredmedia":[{"embeddable":true,"href":"http:\/\/blogdalucianaoliveira.com.br\/blog\/wp-json\/wp\/v2\/media\/13865"}],"wp:attachment":[{"href":"http:\/\/blogdalucianaoliveira.com.br\/blog\/wp-json\/wp\/v2\/media?parent=13864"}],"wp:term":[{"taxonomy":"category","embeddable":true,"href":"http:\/\/blogdalucianaoliveira.com.br\/blog\/wp-json\/wp\/v2\/categories?post=13864"},{"taxonomy":"post_tag","embeddable":true,"href":"http:\/\/blogdalucianaoliveira.com.br\/blog\/wp-json\/wp\/v2\/tags?post=13864"}],"curies":[{"name":"wp","href":"https:\/\/api.w.org\/{rel}","templated":true}]}}