{"id":13873,"date":"2017-09-26T20:16:36","date_gmt":"2017-09-27T00:16:36","guid":{"rendered":"http:\/\/blogdalucianaoliveira.com.br\/blog\/?p=13873"},"modified":"2017-09-26T20:16:36","modified_gmt":"2017-09-27T00:16:36","slug":"de-quando-o-stf-determinou-a-prisao-de-delcidio-pra-quando-nao-determinou-a-prisao-de-aecio","status":"publish","type":"post","link":"http:\/\/blogdalucianaoliveira.com.br\/blog\/2017\/09\/26\/de-quando-o-stf-determinou-a-prisao-de-delcidio-pra-quando-nao-determinou-a-prisao-de-aecio\/","title":{"rendered":"De quando o STF determinou a pris\u00e3o de Delcidio pra quando N\u00c3O determinou a pris\u00e3o de A\u00e9cio"},"content":{"rendered":"<p><img data-recalc-dims=\"1\" loading=\"lazy\" decoding=\"async\" data-attachment-id=\"13874\" data-permalink=\"http:\/\/blogdalucianaoliveira.com.br\/blog\/2017\/09\/26\/de-quando-o-stf-determinou-a-prisao-de-delcidio-pra-quando-nao-determinou-a-prisao-de-aecio\/img_6009\/\" data-orig-file=\"https:\/\/i0.wp.com\/blogdalucianaoliveira.com.br\/blog\/wp-content\/uploads\/2017\/09\/IMG_6009.jpg?fit=639%2C384\" data-orig-size=\"639,384\" data-comments-opened=\"0\" data-image-meta=\"{&quot;aperture&quot;:&quot;0&quot;,&quot;credit&quot;:&quot;&quot;,&quot;camera&quot;:&quot;&quot;,&quot;caption&quot;:&quot;&quot;,&quot;created_timestamp&quot;:&quot;0&quot;,&quot;copyright&quot;:&quot;&quot;,&quot;focal_length&quot;:&quot;0&quot;,&quot;iso&quot;:&quot;0&quot;,&quot;shutter_speed&quot;:&quot;0&quot;,&quot;title&quot;:&quot;&quot;,&quot;orientation&quot;:&quot;0&quot;}\" data-image-title=\"IMG_6009\" data-image-description=\"\" data-image-caption=\"\" data-medium-file=\"https:\/\/i0.wp.com\/blogdalucianaoliveira.com.br\/blog\/wp-content\/uploads\/2017\/09\/IMG_6009.jpg?fit=300%2C180\" data-large-file=\"https:\/\/i0.wp.com\/blogdalucianaoliveira.com.br\/blog\/wp-content\/uploads\/2017\/09\/IMG_6009.jpg?fit=600%2C361\" src=\"https:\/\/i0.wp.com\/blogdalucianaoliveira.com.br\/blog\/wp-content\/uploads\/2017\/09\/IMG_6009.jpg?resize=600%2C361\" alt=\"IMG_6009\" width=\"600\" height=\"361\" class=\"alignnone size-full wp-image-13874\" srcset=\"https:\/\/i0.wp.com\/blogdalucianaoliveira.com.br\/blog\/wp-content\/uploads\/2017\/09\/IMG_6009.jpg?w=639 639w, https:\/\/i0.wp.com\/blogdalucianaoliveira.com.br\/blog\/wp-content\/uploads\/2017\/09\/IMG_6009.jpg?resize=300%2C180 300w, https:\/\/i0.wp.com\/blogdalucianaoliveira.com.br\/blog\/wp-content\/uploads\/2017\/09\/IMG_6009.jpg?resize=499%2C300 499w\" sizes=\"auto, (max-width: 600px) 100vw, 600px\" \/><\/p>\n<p>&#8220;Na hist\u00f3ria recente de nossa p\u00e1tria, houve um momento em que a maioria de n\u00f3s brasileiros acreditou no mote de que a esperan\u00e7a tinha vencido o medo. Depois, nos deparamos com a a\u00e7\u00e3o penal 470 (mensal\u00e3o) e descobrimos que o cinismo venceu a esperan\u00e7a. E agora parece se constatar que o esc\u00e1rnio venceu o cinismo.&#8221;<\/p>\n<p>Cai como uma luva n\u00e9 n\u00e3o? \ud83d\udc4a\ud83c\udffb<\/p>\n","protected":false},"excerpt":{"rendered":"<p>&#8220;Na hist\u00f3ria recente de nossa p\u00e1tria, houve um momento em que a maioria de n\u00f3s brasileiros acreditou no mote de que a esperan\u00e7a tinha vencido o medo. Depois, nos deparamos com a a\u00e7\u00e3o penal 470 (mensal\u00e3o) e descobrimos que o cinismo venceu a esperan\u00e7a. E agora parece se constatar que o esc\u00e1rnio venceu o cinismo.&#8221;&#8230;<a class=\"more-link\" href=\"http:\/\/blogdalucianaoliveira.com.br\/blog\/2017\/09\/26\/de-quando-o-stf-determinou-a-prisao-de-delcidio-pra-quando-nao-determinou-a-prisao-de-aecio\/\">Continue a leitura <span class=\"meta-nav\">&raquo;<\/span><\/a><\/p>\n","protected":false},"author":1,"featured_media":0,"comment_status":"closed","ping_status":"open","sticky":false,"template":"","format":"standard","meta":{"_exactmetrics_skip_tracking":false,"_exactmetrics_sitenote_active":false,"_exactmetrics_sitenote_note":"","_exactmetrics_sitenote_category":0,"jetpack_post_was_ever_published":false,"_jetpack_newsletter_access":"","_jetpack_dont_email_post_to_subs":false,"_jetpack_newsletter_tier_id":0,"_jetpack_memberships_contains_paywalled_content":false,"_jetpack_memberships_contains_paid_content":false,"footnotes":"","jetpack_publicize_message":"","jetpack_publicize_feature_enabled":true,"jetpack_social_post_already_shared":true,"jetpack_social_options":{"image_generator_settings":{"template":"highway","enabled":false},"version":2}},"categories":[1],"tags":[],"class_list":["post-13873","post","type-post","status-publish","format-standard","hentry","category-notas"],"jetpack_publicize_connections":[],"jetpack_sharing_enabled":true,"jetpack_featured_media_url":"","jetpack_shortlink":"https:\/\/wp.me\/p7wKYW-3BL","jetpack-related-posts":[],"_links":{"self":[{"href":"http:\/\/blogdalucianaoliveira.com.br\/blog\/wp-json\/wp\/v2\/posts\/13873","targetHints":{"allow":["GET"]}}],"collection":[{"href":"http:\/\/blogdalucianaoliveira.com.br\/blog\/wp-json\/wp\/v2\/posts"}],"about":[{"href":"http:\/\/blogdalucianaoliveira.com.br\/blog\/wp-json\/wp\/v2\/types\/post"}],"author":[{"embeddable":true,"href":"http:\/\/blogdalucianaoliveira.com.br\/blog\/wp-json\/wp\/v2\/users\/1"}],"replies":[{"embeddable":true,"href":"http:\/\/blogdalucianaoliveira.com.br\/blog\/wp-json\/wp\/v2\/comments?post=13873"}],"version-history":[{"count":1,"href":"http:\/\/blogdalucianaoliveira.com.br\/blog\/wp-json\/wp\/v2\/posts\/13873\/revisions"}],"predecessor-version":[{"id":13875,"href":"http:\/\/blogdalucianaoliveira.com.br\/blog\/wp-json\/wp\/v2\/posts\/13873\/revisions\/13875"}],"wp:attachment":[{"href":"http:\/\/blogdalucianaoliveira.com.br\/blog\/wp-json\/wp\/v2\/media?parent=13873"}],"wp:term":[{"taxonomy":"category","embeddable":true,"href":"http:\/\/blogdalucianaoliveira.com.br\/blog\/wp-json\/wp\/v2\/categories?post=13873"},{"taxonomy":"post_tag","embeddable":true,"href":"http:\/\/blogdalucianaoliveira.com.br\/blog\/wp-json\/wp\/v2\/tags?post=13873"}],"curies":[{"name":"wp","href":"https:\/\/api.w.org\/{rel}","templated":true}]}}