{"id":13876,"date":"2017-09-27T09:24:25","date_gmt":"2017-09-27T13:24:25","guid":{"rendered":"http:\/\/blogdalucianaoliveira.com.br\/blog\/?p=13876"},"modified":"2017-09-27T09:24:25","modified_gmt":"2017-09-27T13:24:25","slug":"aecio-sai-do-golpe-para-o-lixo-da-historia","status":"publish","type":"post","link":"http:\/\/blogdalucianaoliveira.com.br\/blog\/2017\/09\/27\/aecio-sai-do-golpe-para-o-lixo-da-historia\/","title":{"rendered":"A\u00c9CIO SAI DO GOLPE PARA O LIXO DA HIST\u00d3RIA"},"content":{"rendered":"<p><img data-recalc-dims=\"1\" loading=\"lazy\" decoding=\"async\" data-attachment-id=\"13877\" data-permalink=\"http:\/\/blogdalucianaoliveira.com.br\/blog\/2017\/09\/27\/aecio-sai-do-golpe-para-o-lixo-da-historia\/li-2\/\" data-orig-file=\"https:\/\/i0.wp.com\/blogdalucianaoliveira.com.br\/blog\/wp-content\/uploads\/2017\/09\/li.jpg?fit=1000%2C357\" data-orig-size=\"1000,357\" data-comments-opened=\"0\" data-image-meta=\"{&quot;aperture&quot;:&quot;0&quot;,&quot;credit&quot;:&quot;&quot;,&quot;camera&quot;:&quot;&quot;,&quot;caption&quot;:&quot;&quot;,&quot;created_timestamp&quot;:&quot;0&quot;,&quot;copyright&quot;:&quot;&quot;,&quot;focal_length&quot;:&quot;0&quot;,&quot;iso&quot;:&quot;0&quot;,&quot;shutter_speed&quot;:&quot;0&quot;,&quot;title&quot;:&quot;&quot;,&quot;orientation&quot;:&quot;0&quot;}\" data-image-title=\"li\" data-image-description=\"\" data-image-caption=\"\" data-medium-file=\"https:\/\/i0.wp.com\/blogdalucianaoliveira.com.br\/blog\/wp-content\/uploads\/2017\/09\/li.jpg?fit=300%2C107\" data-large-file=\"https:\/\/i0.wp.com\/blogdalucianaoliveira.com.br\/blog\/wp-content\/uploads\/2017\/09\/li.jpg?fit=600%2C214\" src=\"https:\/\/i0.wp.com\/blogdalucianaoliveira.com.br\/blog\/wp-content\/uploads\/2017\/09\/li.jpg?resize=600%2C214\" alt=\"li\" width=\"600\" height=\"214\" class=\"alignnone size-full wp-image-13877\" srcset=\"https:\/\/i0.wp.com\/blogdalucianaoliveira.com.br\/blog\/wp-content\/uploads\/2017\/09\/li.jpg?w=1000 1000w, https:\/\/i0.wp.com\/blogdalucianaoliveira.com.br\/blog\/wp-content\/uploads\/2017\/09\/li.jpg?resize=300%2C107 300w, https:\/\/i0.wp.com\/blogdalucianaoliveira.com.br\/blog\/wp-content\/uploads\/2017\/09\/li.jpg?resize=768%2C274 768w, https:\/\/i0.wp.com\/blogdalucianaoliveira.com.br\/blog\/wp-content\/uploads\/2017\/09\/li.jpg?resize=800%2C286 800w\" sizes=\"auto, (max-width: 600px) 100vw, 600px\" \/><\/p>\n<p>247 &#8211; Depois de liderar o golpe parlamentar de 2016, que destruiu a economia e a imagem do Brasil no mundo, o senador A\u00e9cio Neves (PSDB-MG) foi humilhado nesta ter\u00e7a-feira 26.<!--more--><\/p>\n<p>Embora n\u00e3o tenha sido preso pelo Supremo Tribunal Federal, ele, herdeiro pol\u00edtico de Tancredo Neves, foi afastado do parlamento. A\u00e9cio foi denunciado pelo ex-procurador-geral da Rep\u00fablica Rodrigo Janot por corrup\u00e7\u00e3o passiva e obstru\u00e7\u00e3o de Justi\u00e7a, com base nas dela\u00e7\u00f5es premiadas de executivos da J&#038;F.<\/p>\n<p>A decis\u00e3o da 1\u00aa Turma foi tomada por tr\u00eas votos a dois. Concordaram com o afastamento os ministros Roberto Barroso, Rosa Weber e Luiz Fux e foram contr\u00e1rios Alexandre de Moraes e Marco Aur\u00e9lio Mello, relator da a\u00e7\u00e3o.<\/p>\n<p>A corte determinou que A\u00e9cio n\u00e3o poder\u00e1 se ausentar de casa \u00e0 noite, dever\u00e1 entregar seu passaporte e ainda n\u00e3o poder\u00e1 se comunicar com outros investigados do caso, como a sua irm\u00e3 Andrea Neves. <\/p>\n<p>O tucano foi inicialmente afastado das suas fun\u00e7\u00f5es no dia 18 de maio, por decis\u00e3o do ministro Edson Fachin. No dia 30 de junho, o ministro Marco Aur\u00e9lio Mello havia determinado seu retorno ao Senado, decis\u00e3o essa revogada nesta ter\u00e7a.<\/p>\n<p>Um final humilhante para um pol\u00edtico que dizia ter perdido a disputa presidencial para uma &#8220;organiza\u00e7\u00e3o criminosa&#8221;, mas acabou envolvido num esquema de propinas da JBS<\/p>\n","protected":false},"excerpt":{"rendered":"<p>247 &#8211; Depois de liderar o golpe parlamentar de 2016, que destruiu a economia e a imagem do Brasil no mundo, o senador A\u00e9cio Neves (PSDB-MG) foi humilhado nesta ter\u00e7a-feira 26.<\/p>\n","protected":false},"author":1,"featured_media":0,"comment_status":"closed","ping_status":"open","sticky":false,"template":"","format":"standard","meta":{"_exactmetrics_skip_tracking":false,"_exactmetrics_sitenote_active":false,"_exactmetrics_sitenote_note":"","_exactmetrics_sitenote_category":0,"jetpack_post_was_ever_published":false,"_jetpack_newsletter_access":"","_jetpack_dont_email_post_to_subs":false,"_jetpack_newsletter_tier_id":0,"_jetpack_memberships_contains_paywalled_content":false,"_jetpack_memberships_contains_paid_content":false,"footnotes":"","jetpack_publicize_message":"","jetpack_publicize_feature_enabled":true,"jetpack_social_post_already_shared":true,"jetpack_social_options":{"image_generator_settings":{"template":"highway","enabled":false},"version":2}},"categories":[1],"tags":[],"class_list":["post-13876","post","type-post","status-publish","format-standard","hentry","category-notas"],"jetpack_publicize_connections":[],"jetpack_sharing_enabled":true,"jetpack_featured_media_url":"","jetpack_shortlink":"https:\/\/wp.me\/p7wKYW-3BO","jetpack-related-posts":[],"_links":{"self":[{"href":"http:\/\/blogdalucianaoliveira.com.br\/blog\/wp-json\/wp\/v2\/posts\/13876","targetHints":{"allow":["GET"]}}],"collection":[{"href":"http:\/\/blogdalucianaoliveira.com.br\/blog\/wp-json\/wp\/v2\/posts"}],"about":[{"href":"http:\/\/blogdalucianaoliveira.com.br\/blog\/wp-json\/wp\/v2\/types\/post"}],"author":[{"embeddable":true,"href":"http:\/\/blogdalucianaoliveira.com.br\/blog\/wp-json\/wp\/v2\/users\/1"}],"replies":[{"embeddable":true,"href":"http:\/\/blogdalucianaoliveira.com.br\/blog\/wp-json\/wp\/v2\/comments?post=13876"}],"version-history":[{"count":1,"href":"http:\/\/blogdalucianaoliveira.com.br\/blog\/wp-json\/wp\/v2\/posts\/13876\/revisions"}],"predecessor-version":[{"id":13878,"href":"http:\/\/blogdalucianaoliveira.com.br\/blog\/wp-json\/wp\/v2\/posts\/13876\/revisions\/13878"}],"wp:attachment":[{"href":"http:\/\/blogdalucianaoliveira.com.br\/blog\/wp-json\/wp\/v2\/media?parent=13876"}],"wp:term":[{"taxonomy":"category","embeddable":true,"href":"http:\/\/blogdalucianaoliveira.com.br\/blog\/wp-json\/wp\/v2\/categories?post=13876"},{"taxonomy":"post_tag","embeddable":true,"href":"http:\/\/blogdalucianaoliveira.com.br\/blog\/wp-json\/wp\/v2\/tags?post=13876"}],"curies":[{"name":"wp","href":"https:\/\/api.w.org\/{rel}","templated":true}]}}