{"id":13879,"date":"2017-09-27T09:53:58","date_gmt":"2017-09-27T13:53:58","guid":{"rendered":"http:\/\/blogdalucianaoliveira.com.br\/blog\/?p=13879"},"modified":"2017-09-27T09:53:58","modified_gmt":"2017-09-27T13:53:58","slug":"stf-pune-aecio-nao-pode-mais-ir-a-balada-a-noite","status":"publish","type":"post","link":"http:\/\/blogdalucianaoliveira.com.br\/blog\/2017\/09\/27\/stf-pune-aecio-nao-pode-mais-ir-a-balada-a-noite\/","title":{"rendered":"STF \u201cpune\u201d A\u00e9cio: n\u00e3o pode mais ir \u00e0 balada \u00e0 noite"},"content":{"rendered":"<p><img data-recalc-dims=\"1\" loading=\"lazy\" decoding=\"async\" data-attachment-id=\"13880\" data-permalink=\"http:\/\/blogdalucianaoliveira.com.br\/blog\/2017\/09\/27\/stf-pune-aecio-nao-pode-mais-ir-a-balada-a-noite\/ba-3\/\" data-orig-file=\"https:\/\/i0.wp.com\/blogdalucianaoliveira.com.br\/blog\/wp-content\/uploads\/2017\/09\/ba.jpg?fit=290%2C174\" data-orig-size=\"290,174\" data-comments-opened=\"0\" data-image-meta=\"{&quot;aperture&quot;:&quot;0&quot;,&quot;credit&quot;:&quot;&quot;,&quot;camera&quot;:&quot;&quot;,&quot;caption&quot;:&quot;&quot;,&quot;created_timestamp&quot;:&quot;0&quot;,&quot;copyright&quot;:&quot;&quot;,&quot;focal_length&quot;:&quot;0&quot;,&quot;iso&quot;:&quot;0&quot;,&quot;shutter_speed&quot;:&quot;0&quot;,&quot;title&quot;:&quot;&quot;,&quot;orientation&quot;:&quot;0&quot;}\" data-image-title=\"ba\" data-image-description=\"\" data-image-caption=\"\" data-medium-file=\"https:\/\/i0.wp.com\/blogdalucianaoliveira.com.br\/blog\/wp-content\/uploads\/2017\/09\/ba.jpg?fit=290%2C174\" data-large-file=\"https:\/\/i0.wp.com\/blogdalucianaoliveira.com.br\/blog\/wp-content\/uploads\/2017\/09\/ba.jpg?fit=290%2C174\" src=\"https:\/\/i0.wp.com\/blogdalucianaoliveira.com.br\/blog\/wp-content\/uploads\/2017\/09\/ba.jpg?resize=290%2C174\" alt=\"ba\" width=\"290\" height=\"174\" class=\"alignnone size-full wp-image-13880\" \/><\/p>\n<p>Tijola\u00e7o &#8211; Na pr\u00e1tica, a decis\u00e3o da 1\u00aa Turma do Supremo Tribunal de afastar A\u00e9cio Neves do exerc\u00edcio do mandato e de mandar que ele recolha-se a seu apartamento \u00e0 noite s\u00f3  tem um efeito pr\u00e1tico.<!--more--><\/p>\n<p>O senador mineiro est\u00e1 proibido de ir \u00e0s baladas que tanto curte e das quais, afinal, j\u00e1 anda afastado nos \u00faltimos meses.<\/p>\n<p>O afastamento do mandato \u00e9 outro pleonasmo.<\/p>\n<p>Significa duas coisas.<\/p>\n<p>Afastar-se da tribuna,  donde j\u00e1 n\u00e3o aparece faz tempo: uma vez s\u00f3, desde o esc\u00e2ndalo, e com cara de cachorro que quebrou a panela.<\/p>\n<p>Idem dos cochichos, dos corredores. A\u00ed sim, n\u00e3o se afastou nem se afastar\u00e1, est\u00e1 livre para fazer a \u201cobstru\u00e7\u00e3o da justi\u00e7a\u201d que desde antes faz.<\/p>\n<p>No Congresso, a sua considera\u00e7\u00e3o \u00e9 tanta que nem mesmo a um processo \u00e9tico responder\u00e1.<\/p>\n<p>N\u00e3o se registrou uma palavra de protesto da Rep\u00fablica de Curitiba, Templo de Salom\u00e3o de nossa nova moralidade.<\/p>\n","protected":false},"excerpt":{"rendered":"<p>Tijola\u00e7o &#8211; Na pr\u00e1tica, a decis\u00e3o da 1\u00aa Turma do Supremo Tribunal de afastar A\u00e9cio Neves do exerc\u00edcio do mandato e de mandar que ele recolha-se a seu apartamento \u00e0 noite s\u00f3 tem um efeito pr\u00e1tico.<\/p>\n","protected":false},"author":1,"featured_media":0,"comment_status":"closed","ping_status":"open","sticky":false,"template":"","format":"standard","meta":{"_exactmetrics_skip_tracking":false,"_exactmetrics_sitenote_active":false,"_exactmetrics_sitenote_note":"","_exactmetrics_sitenote_category":0,"jetpack_post_was_ever_published":false,"_jetpack_newsletter_access":"","_jetpack_dont_email_post_to_subs":false,"_jetpack_newsletter_tier_id":0,"_jetpack_memberships_contains_paywalled_content":false,"_jetpack_memberships_contains_paid_content":false,"footnotes":"","jetpack_publicize_message":"","jetpack_publicize_feature_enabled":true,"jetpack_social_post_already_shared":true,"jetpack_social_options":{"image_generator_settings":{"template":"highway","enabled":false},"version":2}},"categories":[1],"tags":[],"class_list":["post-13879","post","type-post","status-publish","format-standard","hentry","category-notas"],"jetpack_publicize_connections":[],"jetpack_sharing_enabled":true,"jetpack_featured_media_url":"","jetpack_shortlink":"https:\/\/wp.me\/p7wKYW-3BR","jetpack-related-posts":[],"_links":{"self":[{"href":"http:\/\/blogdalucianaoliveira.com.br\/blog\/wp-json\/wp\/v2\/posts\/13879","targetHints":{"allow":["GET"]}}],"collection":[{"href":"http:\/\/blogdalucianaoliveira.com.br\/blog\/wp-json\/wp\/v2\/posts"}],"about":[{"href":"http:\/\/blogdalucianaoliveira.com.br\/blog\/wp-json\/wp\/v2\/types\/post"}],"author":[{"embeddable":true,"href":"http:\/\/blogdalucianaoliveira.com.br\/blog\/wp-json\/wp\/v2\/users\/1"}],"replies":[{"embeddable":true,"href":"http:\/\/blogdalucianaoliveira.com.br\/blog\/wp-json\/wp\/v2\/comments?post=13879"}],"version-history":[{"count":1,"href":"http:\/\/blogdalucianaoliveira.com.br\/blog\/wp-json\/wp\/v2\/posts\/13879\/revisions"}],"predecessor-version":[{"id":13881,"href":"http:\/\/blogdalucianaoliveira.com.br\/blog\/wp-json\/wp\/v2\/posts\/13879\/revisions\/13881"}],"wp:attachment":[{"href":"http:\/\/blogdalucianaoliveira.com.br\/blog\/wp-json\/wp\/v2\/media?parent=13879"}],"wp:term":[{"taxonomy":"category","embeddable":true,"href":"http:\/\/blogdalucianaoliveira.com.br\/blog\/wp-json\/wp\/v2\/categories?post=13879"},{"taxonomy":"post_tag","embeddable":true,"href":"http:\/\/blogdalucianaoliveira.com.br\/blog\/wp-json\/wp\/v2\/tags?post=13879"}],"curies":[{"name":"wp","href":"https:\/\/api.w.org\/{rel}","templated":true}]}}