{"id":13882,"date":"2017-09-27T12:43:14","date_gmt":"2017-09-27T16:43:14","guid":{"rendered":"http:\/\/blogdalucianaoliveira.com.br\/blog\/?p=13882"},"modified":"2017-09-27T12:43:14","modified_gmt":"2017-09-27T16:43:14","slug":"nova-denuncia-contra-temer-favorece-mobilizacao-popular-dizem-movimentos-sociais","status":"publish","type":"post","link":"http:\/\/blogdalucianaoliveira.com.br\/blog\/2017\/09\/27\/nova-denuncia-contra-temer-favorece-mobilizacao-popular-dizem-movimentos-sociais\/","title":{"rendered":"Nova den\u00fancia contra Temer favorece mobiliza\u00e7\u00e3o popular, dizem movimentos sociais"},"content":{"rendered":"<p><img data-recalc-dims=\"1\" loading=\"lazy\" decoding=\"async\" data-attachment-id=\"13883\" data-permalink=\"http:\/\/blogdalucianaoliveira.com.br\/blog\/2017\/09\/27\/nova-denuncia-contra-temer-favorece-mobilizacao-popular-dizem-movimentos-sociais\/boca-2\/\" data-orig-file=\"https:\/\/i0.wp.com\/blogdalucianaoliveira.com.br\/blog\/wp-content\/uploads\/2017\/09\/boca.jpg?fit=640%2C318\" data-orig-size=\"640,318\" data-comments-opened=\"0\" data-image-meta=\"{&quot;aperture&quot;:&quot;0&quot;,&quot;credit&quot;:&quot;&quot;,&quot;camera&quot;:&quot;&quot;,&quot;caption&quot;:&quot;&quot;,&quot;created_timestamp&quot;:&quot;0&quot;,&quot;copyright&quot;:&quot;&quot;,&quot;focal_length&quot;:&quot;0&quot;,&quot;iso&quot;:&quot;0&quot;,&quot;shutter_speed&quot;:&quot;0&quot;,&quot;title&quot;:&quot;&quot;,&quot;orientation&quot;:&quot;0&quot;}\" data-image-title=\"boca\" data-image-description=\"\" data-image-caption=\"\" data-medium-file=\"https:\/\/i0.wp.com\/blogdalucianaoliveira.com.br\/blog\/wp-content\/uploads\/2017\/09\/boca.jpg?fit=300%2C149\" data-large-file=\"https:\/\/i0.wp.com\/blogdalucianaoliveira.com.br\/blog\/wp-content\/uploads\/2017\/09\/boca.jpg?fit=600%2C298\" src=\"https:\/\/i0.wp.com\/blogdalucianaoliveira.com.br\/blog\/wp-content\/uploads\/2017\/09\/boca.jpg?resize=600%2C298\" alt=\"boca\" width=\"600\" height=\"298\" class=\"alignnone size-full wp-image-13883\" srcset=\"https:\/\/i0.wp.com\/blogdalucianaoliveira.com.br\/blog\/wp-content\/uploads\/2017\/09\/boca.jpg?w=640 640w, https:\/\/i0.wp.com\/blogdalucianaoliveira.com.br\/blog\/wp-content\/uploads\/2017\/09\/boca.jpg?resize=300%2C149 300w, https:\/\/i0.wp.com\/blogdalucianaoliveira.com.br\/blog\/wp-content\/uploads\/2017\/09\/boca.jpg?resize=604%2C300 604w\" sizes=\"auto, (max-width: 600px) 100vw, 600px\" \/><\/p>\n<p>&#8220;Dentro do Congresso Nacional n\u00f3s n\u00e3o temos esperan\u00e7as. Esperan\u00e7a para queda de Temer \u00e9 na rua&#8221; , diz dirigente do MST<!--more--><\/p>\n<p>Cristiane Sampaio<br \/>\nBrasil de Fato | Bras\u00edlia (DF)<\/p>\n<p>A segunda den\u00fancia aceita pela Justi\u00e7a contra o presidente golpista, Michel Temer, tende a desgastar ainda mais a imagem do peemedebista perante a sociedade, avaliam movimentos populares. Alexandre Concei\u00e7\u00e3o, dirigente do Movimento dos Trabalhadores Rurais sem Terra (MST) e integrante da Frente Brasil Popular, acredita que a nova acusa\u00e7\u00e3o pode gerar um contexto de mais mobiliza\u00e7\u00f5es pela queda do governo.<\/p>\n<p>\u201c\u00c9 importante saber e entender que esse Congresso tamb\u00e9m \u00e9 golpista, portanto, dentro do Congresso Nacional n\u00f3s n\u00e3o temos muitas esperan\u00e7as. Nossa esperan\u00e7a continua sendo as ruas, mobilizar o povo, a consci\u00eancia popular, para que a gente possa fazer com que esse golpe seja derrotado e que em 2018 possamos ter uma elei\u00e7\u00e3o limpa, tranquila, com a participa\u00e7\u00e3o do ex-presidente Lula\u201d, diz.<\/p>\n<p>Temer \u00e9 acusado de organiza\u00e7\u00e3o criminosa e obstru\u00e7\u00e3o de Justi\u00e7a. Diante da den\u00fancia e de uma base aliada cada dia mais dividida, os parlamentares da oposi\u00e7\u00e3o avaliam que o contexto atual est\u00e1 mais espinhoso para o governo. <\/p>\n<p>Para o l\u00edder do PSOL, deputado Glauber Braga, do Rio de Janeiro, o peemedebista deve se desgastar ainda mais no corpo a corpo com os pol\u00edticos em busca de votos favor\u00e1veis. &#8220;O governo tem menos margem de manobra pelo processo de press\u00e3o que est\u00e1 acontecendo nas bases dos parlamentares que blindaram Michel Temer na primeira den\u00fancia. A margem de manobra do governo diminui por conta do peso da opini\u00e3o p\u00fablica e dos moradores dos respectivos estados. Agora, n\u00e3o tenho d\u00favida: v\u00e3o jogar pesado do mesmo, como j\u00e1 jogaram na primeira denuncia\u201d, diz.<\/p>\n<p>Em rela\u00e7\u00e3o ao tr\u00e2mite do processo, boa parte dos deputados defende o fatiamento da den\u00fancia, para que Temer e os demais acusados sejam julgados separadamente pelo Congresso. <\/p>\n<p>O deputado oposicionista Alessandro Molon (Rede- RJ) \u00e9 um dos defensores do fatiamento. Ele argumenta que as consequ\u00eancias da autoriza\u00e7\u00e3o da den\u00fancia s\u00e3o diferentes para o presidente da Rep\u00fablica e para os ministros Eliseu Padilha, da Casa Civil, e Moreira Franco, da Secretaria-Geral da Presid\u00eancia. Os tr\u00eas s\u00e3o acusados no mesmo processo.  <\/p>\n<p>&#8220;No caso do presidente, a autoriza\u00e7\u00e3o importa, se a den\u00fancia for aceita pelo Tribunal, em afastamento e, no caso dos ministros, n\u00e3o, portanto, s\u00e3o casos inteiramente diferentes. N\u00e3o faz sentido se dar ou se negar uma \u00fanica autoriza\u00e7\u00e3o pra todos os casos\u201d. <\/p>\n<p>Ao mesmo tempo, a aprova\u00e7\u00e3o do fatiamento faria com que a an\u00e1lise do caso fosse mais lenta, contribuindo para um maior enfraquecimento do presidente n\u00e3o s\u00f3 no parlamento, mas tamb\u00e9m diante da sociedade. Ap\u00f3s a notifica\u00e7\u00e3o do peemedebista, a Comiss\u00e3o de Constitui\u00e7\u00e3o e Justi\u00e7a da C\u00e2mara Federal deve dar in\u00edcio \u00e0 tramita\u00e7\u00e3o da den\u00fancia. Os trabalhos come\u00e7am nesta quarta-feira (27).<\/p>\n<p>Edi\u00e7\u00e3o: Camila Salmazio<\/p>\n","protected":false},"excerpt":{"rendered":"<p>&#8220;Dentro do Congresso Nacional n\u00f3s n\u00e3o temos esperan\u00e7as. Esperan\u00e7a para queda de Temer \u00e9 na rua&#8221; , diz dirigente do MST<\/p>\n","protected":false},"author":1,"featured_media":0,"comment_status":"closed","ping_status":"open","sticky":false,"template":"","format":"standard","meta":{"_exactmetrics_skip_tracking":false,"_exactmetrics_sitenote_active":false,"_exactmetrics_sitenote_note":"","_exactmetrics_sitenote_category":0,"jetpack_post_was_ever_published":false,"_jetpack_newsletter_access":"","_jetpack_dont_email_post_to_subs":false,"_jetpack_newsletter_tier_id":0,"_jetpack_memberships_contains_paywalled_content":false,"_jetpack_memberships_contains_paid_content":false,"footnotes":"","jetpack_publicize_message":"","jetpack_publicize_feature_enabled":true,"jetpack_social_post_already_shared":true,"jetpack_social_options":{"image_generator_settings":{"template":"highway","enabled":false},"version":2}},"categories":[1],"tags":[],"class_list":["post-13882","post","type-post","status-publish","format-standard","hentry","category-notas"],"jetpack_publicize_connections":[],"jetpack_sharing_enabled":true,"jetpack_featured_media_url":"","jetpack_shortlink":"https:\/\/wp.me\/p7wKYW-3BU","jetpack-related-posts":[],"_links":{"self":[{"href":"http:\/\/blogdalucianaoliveira.com.br\/blog\/wp-json\/wp\/v2\/posts\/13882","targetHints":{"allow":["GET"]}}],"collection":[{"href":"http:\/\/blogdalucianaoliveira.com.br\/blog\/wp-json\/wp\/v2\/posts"}],"about":[{"href":"http:\/\/blogdalucianaoliveira.com.br\/blog\/wp-json\/wp\/v2\/types\/post"}],"author":[{"embeddable":true,"href":"http:\/\/blogdalucianaoliveira.com.br\/blog\/wp-json\/wp\/v2\/users\/1"}],"replies":[{"embeddable":true,"href":"http:\/\/blogdalucianaoliveira.com.br\/blog\/wp-json\/wp\/v2\/comments?post=13882"}],"version-history":[{"count":1,"href":"http:\/\/blogdalucianaoliveira.com.br\/blog\/wp-json\/wp\/v2\/posts\/13882\/revisions"}],"predecessor-version":[{"id":13884,"href":"http:\/\/blogdalucianaoliveira.com.br\/blog\/wp-json\/wp\/v2\/posts\/13882\/revisions\/13884"}],"wp:attachment":[{"href":"http:\/\/blogdalucianaoliveira.com.br\/blog\/wp-json\/wp\/v2\/media?parent=13882"}],"wp:term":[{"taxonomy":"category","embeddable":true,"href":"http:\/\/blogdalucianaoliveira.com.br\/blog\/wp-json\/wp\/v2\/categories?post=13882"},{"taxonomy":"post_tag","embeddable":true,"href":"http:\/\/blogdalucianaoliveira.com.br\/blog\/wp-json\/wp\/v2\/tags?post=13882"}],"curies":[{"name":"wp","href":"https:\/\/api.w.org\/{rel}","templated":true}]}}