{"id":13885,"date":"2017-09-27T12:49:52","date_gmt":"2017-09-27T16:49:52","guid":{"rendered":"http:\/\/blogdalucianaoliveira.com.br\/blog\/?p=13885"},"modified":"2017-09-27T12:49:52","modified_gmt":"2017-09-27T16:49:52","slug":"as-semelhancas-gritantes-entre-os-casos-de-aecio-e-o-do-filho-da-desembargadora","status":"publish","type":"post","link":"http:\/\/blogdalucianaoliveira.com.br\/blog\/2017\/09\/27\/as-semelhancas-gritantes-entre-os-casos-de-aecio-e-o-do-filho-da-desembargadora\/","title":{"rendered":"As semelhan\u00e7as gritantes entre os casos de A\u00e9cio e o do filho da desembargadora"},"content":{"rendered":"<p><img data-recalc-dims=\"1\" loading=\"lazy\" decoding=\"async\" data-attachment-id=\"13888\" data-permalink=\"http:\/\/blogdalucianaoliveira.com.br\/blog\/2017\/09\/27\/as-semelhancas-gritantes-entre-os-casos-de-aecio-e-o-do-filho-da-desembargadora\/va\/\" data-orig-file=\"https:\/\/i0.wp.com\/blogdalucianaoliveira.com.br\/blog\/wp-content\/uploads\/2017\/09\/va.png?fit=300%2C160\" data-orig-size=\"300,160\" data-comments-opened=\"0\" data-image-meta=\"{&quot;aperture&quot;:&quot;0&quot;,&quot;credit&quot;:&quot;&quot;,&quot;camera&quot;:&quot;&quot;,&quot;caption&quot;:&quot;&quot;,&quot;created_timestamp&quot;:&quot;0&quot;,&quot;copyright&quot;:&quot;&quot;,&quot;focal_length&quot;:&quot;0&quot;,&quot;iso&quot;:&quot;0&quot;,&quot;shutter_speed&quot;:&quot;0&quot;,&quot;title&quot;:&quot;&quot;,&quot;orientation&quot;:&quot;0&quot;}\" data-image-title=\"va\" data-image-description=\"\" data-image-caption=\"\" data-medium-file=\"https:\/\/i0.wp.com\/blogdalucianaoliveira.com.br\/blog\/wp-content\/uploads\/2017\/09\/va.png?fit=300%2C160\" data-large-file=\"https:\/\/i0.wp.com\/blogdalucianaoliveira.com.br\/blog\/wp-content\/uploads\/2017\/09\/va.png?fit=300%2C160\" src=\"https:\/\/i0.wp.com\/blogdalucianaoliveira.com.br\/blog\/wp-content\/uploads\/2017\/09\/va.png?resize=300%2C160\" alt=\"va\" width=\"300\" height=\"160\" class=\"alignnone size-full wp-image-13888\" \/><\/p>\n<p>No DCM, por Joaquim de Carvalho &#8211; A decis\u00e3o do Supremo Tribunal Federal de afastar A\u00e9cio do Senado e impor o recolhimento noturno \u00e9 uma puni\u00e7\u00e3o envergonhada.<!--more--><\/p>\n<p><img data-recalc-dims=\"1\" loading=\"lazy\" decoding=\"async\" data-attachment-id=\"13886\" data-permalink=\"http:\/\/blogdalucianaoliveira.com.br\/blog\/2017\/09\/27\/as-semelhancas-gritantes-entre-os-casos-de-aecio-e-o-do-filho-da-desembargadora\/aecio-alexandre-accioly-renata-padilha-aecio-neves-e-leticia-weber-1024x683\/\" data-orig-file=\"https:\/\/i0.wp.com\/blogdalucianaoliveira.com.br\/blog\/wp-content\/uploads\/2017\/09\/aecio-alexandre-accioly-renata-padilha-aecio-neves-e-leticia-weber-1024x683.jpg?fit=600%2C400\" data-orig-size=\"600,400\" data-comments-opened=\"0\" data-image-meta=\"{&quot;aperture&quot;:&quot;0&quot;,&quot;credit&quot;:&quot;&quot;,&quot;camera&quot;:&quot;&quot;,&quot;caption&quot;:&quot;&quot;,&quot;created_timestamp&quot;:&quot;0&quot;,&quot;copyright&quot;:&quot;&quot;,&quot;focal_length&quot;:&quot;0&quot;,&quot;iso&quot;:&quot;0&quot;,&quot;shutter_speed&quot;:&quot;0&quot;,&quot;title&quot;:&quot;&quot;,&quot;orientation&quot;:&quot;0&quot;}\" data-image-title=\"aecio-alexandre-accioly-renata-padilha-aecio-neves-e-leticia-weber-1024&amp;#215;683\" data-image-description=\"\" data-image-caption=\"\" data-medium-file=\"https:\/\/i0.wp.com\/blogdalucianaoliveira.com.br\/blog\/wp-content\/uploads\/2017\/09\/aecio-alexandre-accioly-renata-padilha-aecio-neves-e-leticia-weber-1024x683.jpg?fit=300%2C200\" data-large-file=\"https:\/\/i0.wp.com\/blogdalucianaoliveira.com.br\/blog\/wp-content\/uploads\/2017\/09\/aecio-alexandre-accioly-renata-padilha-aecio-neves-e-leticia-weber-1024x683.jpg?fit=600%2C400\" src=\"https:\/\/i0.wp.com\/blogdalucianaoliveira.com.br\/blog\/wp-content\/uploads\/2017\/09\/aecio-alexandre-accioly-renata-padilha-aecio-neves-e-leticia-weber-1024x683.jpg?resize=600%2C400\" alt=\"aecio-alexandre-accioly-renata-padilha-aecio-neves-e-leticia-weber-1024x683\" width=\"600\" height=\"400\" class=\"alignnone size-full wp-image-13886\" srcset=\"https:\/\/i0.wp.com\/blogdalucianaoliveira.com.br\/blog\/wp-content\/uploads\/2017\/09\/aecio-alexandre-accioly-renata-padilha-aecio-neves-e-leticia-weber-1024x683.jpg?w=600 600w, https:\/\/i0.wp.com\/blogdalucianaoliveira.com.br\/blog\/wp-content\/uploads\/2017\/09\/aecio-alexandre-accioly-renata-padilha-aecio-neves-e-leticia-weber-1024x683.jpg?resize=300%2C200 300w, https:\/\/i0.wp.com\/blogdalucianaoliveira.com.br\/blog\/wp-content\/uploads\/2017\/09\/aecio-alexandre-accioly-renata-padilha-aecio-neves-e-leticia-weber-1024x683.jpg?resize=450%2C300 450w\" sizes=\"auto, (max-width: 600px) 100vw, 600px\" \/><\/p>\n<p><img data-recalc-dims=\"1\" loading=\"lazy\" decoding=\"async\" data-attachment-id=\"13887\" data-permalink=\"http:\/\/blogdalucianaoliveira.com.br\/blog\/2017\/09\/27\/as-semelhancas-gritantes-entre-os-casos-de-aecio-e-o-do-filho-da-desembargadora\/captura-de-tela-2017-09-27-as-09-15-03\/\" data-orig-file=\"https:\/\/i0.wp.com\/blogdalucianaoliveira.com.br\/blog\/wp-content\/uploads\/2017\/09\/captura-de-tela-2017-09-27-as-09-15-03.png?fit=538%2C567\" data-orig-size=\"538,567\" data-comments-opened=\"0\" data-image-meta=\"{&quot;aperture&quot;:&quot;0&quot;,&quot;credit&quot;:&quot;&quot;,&quot;camera&quot;:&quot;&quot;,&quot;caption&quot;:&quot;&quot;,&quot;created_timestamp&quot;:&quot;0&quot;,&quot;copyright&quot;:&quot;&quot;,&quot;focal_length&quot;:&quot;0&quot;,&quot;iso&quot;:&quot;0&quot;,&quot;shutter_speed&quot;:&quot;0&quot;,&quot;title&quot;:&quot;&quot;,&quot;orientation&quot;:&quot;0&quot;}\" data-image-title=\"captura-de-tela-2017-09-27-as-09-15-03\" data-image-description=\"\" data-image-caption=\"\" data-medium-file=\"https:\/\/i0.wp.com\/blogdalucianaoliveira.com.br\/blog\/wp-content\/uploads\/2017\/09\/captura-de-tela-2017-09-27-as-09-15-03.png?fit=285%2C300\" data-large-file=\"https:\/\/i0.wp.com\/blogdalucianaoliveira.com.br\/blog\/wp-content\/uploads\/2017\/09\/captura-de-tela-2017-09-27-as-09-15-03.png?fit=538%2C567\" src=\"https:\/\/i0.wp.com\/blogdalucianaoliveira.com.br\/blog\/wp-content\/uploads\/2017\/09\/captura-de-tela-2017-09-27-as-09-15-03.png?resize=538%2C567\" alt=\"captura-de-tela-2017-09-27-as-09-15-03\" width=\"538\" height=\"567\" class=\"alignnone size-full wp-image-13887\" srcset=\"https:\/\/i0.wp.com\/blogdalucianaoliveira.com.br\/blog\/wp-content\/uploads\/2017\/09\/captura-de-tela-2017-09-27-as-09-15-03.png?w=538 538w, https:\/\/i0.wp.com\/blogdalucianaoliveira.com.br\/blog\/wp-content\/uploads\/2017\/09\/captura-de-tela-2017-09-27-as-09-15-03.png?resize=285%2C300 285w\" sizes=\"auto, (max-width: 538px) 100vw, 538px\" \/><\/p>\n<p>Quando li a not\u00edcia, escrevia um dos textos sobre o filho da desembargadora do Mato Grosso do Sul, e n\u00e3o deu para evitar a compara\u00e7\u00e3o.<\/p>\n<p>No caso do Mato Grosso do Sul, usando seu poder de desembargadora, T\u00e2nia Garcia Freitas Borges agiu como m\u00e3e. Pressionou at\u00e9 conseguir tirar o filho da cadeia.<\/p>\n<p>Na decis\u00e3o que concedeu liminar em habeas corpus, trocando a cadeia por uma cl\u00ednica vip, um desembargador, Ruy Celso Barbosa Florence, chegou a argumentar. \u201cEle continuar\u00e1 afastado da sociedade, s\u00f3 que em local distinto, onde poder\u00e1 ser tratado, sem custos para o poder p\u00fablico\u201d.<\/p>\n<p>Na cl\u00ednica em que Breno, o filho da desembargadora, foi internado, existe um programa que incentiva sa\u00eddas para cinema, teatro, exposi\u00e7\u00e3o. \u00c9 a linha de tratamento da casa, que \u00e9 cara e, por isso, s\u00f3 tem clientes ricos.<\/p>\n<p>Ningu\u00e9m merece passar um dia sequer em masmorra, mas locais distintos para cumprimento de pena devem ser destinados a todos.<\/p>\n<p>Mas n\u00e3o \u00e9 o que acontece. <\/p>\n<p>Breno assumiu sozinho a responsabilidade sobre o tr\u00e1fico de 130 quilos de maconha (uma montanha de droga, e muni\u00e7\u00e3o de arma pesada (que com certeza mataria muita gente), mas continuam na cadeia s\u00f3 a namorada \u2014 uma jovem de 19 anos que acabou de concluir o ensino m\u00e9dio em escola p\u00fablica \u2014 e o empregado, um rapaz que mora na zona rural.<\/p>\n<p>Para estes, o mesmo desembargador que acha positivo colocar Breno em local distinto n\u00e3o quis nem reconhecer o pedido de habeas corpus \u2014na pr\u00e1tica, jogou o HC dos pobres no lixo.<\/p>\n<p>A desembargara n\u00e3o ficou satisfeita com a primeira decis\u00e3o da Justi\u00e7a, que mandou Breno se tratar em uma cl\u00ednica, desde que fosse em Campo Grande, capital do Estado.<\/p>\n<p>T\u00e2nia recorreu, e a Justi\u00e7a ampliou o territ\u00f3rio. Poderia ir para qualquer cl\u00ednica do Estado. Ela ainda assim n\u00e3o ficou satisfeita.<\/p>\n<p>No julgamento do m\u00e9rito da a\u00e7\u00e3o, por 2 votos a 1, os desembargadores decidiram que poderia ir para qualquer cl\u00ednica do pa\u00eds.<\/p>\n<p>T\u00e2nia p\u00f4de, enfim, mandar o filho para a cl\u00ednica dos sonhos de qualquer m\u00e3e que v\u00ea o filho delinquente em apuros e quer tir\u00e1-lo da cadeia, ao custo de laudos m\u00e9dicos altamente question\u00e1veis.<\/p>\n<p>T\u00e2nia estava no seu papel de m\u00e3e, mas, com seu poder de desembargadora e presidente do TRE, fez o Tribunal agir tamb\u00e9m como m\u00e3e.<\/p>\n<p>Para os que acompanhavam Breno na viagem de transporte de droga e muni\u00e7\u00e3o, a Justi\u00e7a agiu como madrasta, no sentido figurado, j\u00e1 que, na vida real, tem madrasta mais cuidadosa que m\u00e3e.<\/p>\n<p>Breno \u00e9 o pr\u00edncipe, os que o acompanhavam, pobres, gatas borralheiras. Como n\u00e3o enxergar semelhan\u00e7a no que acontece no julgamento de pol\u00edticos?<\/p>\n<p>A\u00e9cio foi flagrado com 2 milh\u00f5es de propina da JBS \u2014 uma pequena montanha de dinheiro. Como dizer que isso n\u00e3o aconteceu? Por isso, ele foi punido, mas de uma maneira \u201cdistinta\u201d.<\/p>\n<p>\u00c9 afastado do Senado e recolhe-se em casa \u00e0 noite.<\/p>\n<p>J\u00e1 Jos\u00e9 Dirceu teve a pena aumentada para 30 anos e deve, em breve, voltar para a pris\u00e3o, de onde, dificilmente sair\u00e1 vivo.<\/p>\n<p>Algu\u00e9m viu uma montanha de dinheiro de propina em poder de Jos\u00e9 Dirceu ou de prepostos dele?<\/p>\n<p>O Brasil \u00e9 um pa\u00eds injusto, j\u00e1 se sabe. Mas nada reflete t\u00e3o claramente essa injusti\u00e7a do que o Poder Judici\u00e1rio em a\u00e7\u00e3o.<\/p>\n","protected":false},"excerpt":{"rendered":"<p>No DCM, por Joaquim de Carvalho &#8211; A decis\u00e3o do Supremo Tribunal Federal de afastar A\u00e9cio do Senado e impor o recolhimento noturno \u00e9 uma puni\u00e7\u00e3o envergonhada.<\/p>\n","protected":false},"author":1,"featured_media":0,"comment_status":"closed","ping_status":"open","sticky":false,"template":"","format":"standard","meta":{"_exactmetrics_skip_tracking":false,"_exactmetrics_sitenote_active":false,"_exactmetrics_sitenote_note":"","_exactmetrics_sitenote_category":0,"jetpack_post_was_ever_published":false,"_jetpack_newsletter_access":"","_jetpack_dont_email_post_to_subs":false,"_jetpack_newsletter_tier_id":0,"_jetpack_memberships_contains_paywalled_content":false,"_jetpack_memberships_contains_paid_content":false,"footnotes":"","jetpack_publicize_message":"","jetpack_publicize_feature_enabled":true,"jetpack_social_post_already_shared":true,"jetpack_social_options":{"image_generator_settings":{"template":"highway","enabled":false},"version":2}},"categories":[1],"tags":[],"class_list":["post-13885","post","type-post","status-publish","format-standard","hentry","category-notas"],"jetpack_publicize_connections":[],"jetpack_sharing_enabled":true,"jetpack_featured_media_url":"","jetpack_shortlink":"https:\/\/wp.me\/p7wKYW-3BX","jetpack-related-posts":[],"_links":{"self":[{"href":"http:\/\/blogdalucianaoliveira.com.br\/blog\/wp-json\/wp\/v2\/posts\/13885","targetHints":{"allow":["GET"]}}],"collection":[{"href":"http:\/\/blogdalucianaoliveira.com.br\/blog\/wp-json\/wp\/v2\/posts"}],"about":[{"href":"http:\/\/blogdalucianaoliveira.com.br\/blog\/wp-json\/wp\/v2\/types\/post"}],"author":[{"embeddable":true,"href":"http:\/\/blogdalucianaoliveira.com.br\/blog\/wp-json\/wp\/v2\/users\/1"}],"replies":[{"embeddable":true,"href":"http:\/\/blogdalucianaoliveira.com.br\/blog\/wp-json\/wp\/v2\/comments?post=13885"}],"version-history":[{"count":1,"href":"http:\/\/blogdalucianaoliveira.com.br\/blog\/wp-json\/wp\/v2\/posts\/13885\/revisions"}],"predecessor-version":[{"id":13889,"href":"http:\/\/blogdalucianaoliveira.com.br\/blog\/wp-json\/wp\/v2\/posts\/13885\/revisions\/13889"}],"wp:attachment":[{"href":"http:\/\/blogdalucianaoliveira.com.br\/blog\/wp-json\/wp\/v2\/media?parent=13885"}],"wp:term":[{"taxonomy":"category","embeddable":true,"href":"http:\/\/blogdalucianaoliveira.com.br\/blog\/wp-json\/wp\/v2\/categories?post=13885"},{"taxonomy":"post_tag","embeddable":true,"href":"http:\/\/blogdalucianaoliveira.com.br\/blog\/wp-json\/wp\/v2\/tags?post=13885"}],"curies":[{"name":"wp","href":"https:\/\/api.w.org\/{rel}","templated":true}]}}