{"id":13897,"date":"2017-09-27T19:13:01","date_gmt":"2017-09-27T23:13:01","guid":{"rendered":"http:\/\/blogdalucianaoliveira.com.br\/blog\/?p=13897"},"modified":"2017-09-27T19:21:26","modified_gmt":"2017-09-27T23:21:26","slug":"cut-lanca-campanha-pela-revogacao-da-reforma-trabalhista","status":"publish","type":"post","link":"http:\/\/blogdalucianaoliveira.com.br\/blog\/2017\/09\/27\/cut-lanca-campanha-pela-revogacao-da-reforma-trabalhista\/","title":{"rendered":"CUT lan\u00e7a campanha pela revoga\u00e7\u00e3o da reforma trabalhista"},"content":{"rendered":"<p><img data-recalc-dims=\"1\" loading=\"lazy\" decoding=\"async\" data-attachment-id=\"13903\" data-permalink=\"http:\/\/blogdalucianaoliveira.com.br\/blog\/2017\/09\/27\/cut-lanca-campanha-pela-revogacao-da-reforma-trabalhista\/img_6052\/\" data-orig-file=\"https:\/\/i0.wp.com\/blogdalucianaoliveira.com.br\/blog\/wp-content\/uploads\/2017\/09\/IMG_6052.jpg?fit=387%2C361\" data-orig-size=\"387,361\" data-comments-opened=\"0\" data-image-meta=\"{&quot;aperture&quot;:&quot;0&quot;,&quot;credit&quot;:&quot;&quot;,&quot;camera&quot;:&quot;&quot;,&quot;caption&quot;:&quot;&quot;,&quot;created_timestamp&quot;:&quot;0&quot;,&quot;copyright&quot;:&quot;&quot;,&quot;focal_length&quot;:&quot;0&quot;,&quot;iso&quot;:&quot;0&quot;,&quot;shutter_speed&quot;:&quot;0&quot;,&quot;title&quot;:&quot;&quot;,&quot;orientation&quot;:&quot;1&quot;}\" data-image-title=\"IMG_6052\" data-image-description=\"\" data-image-caption=\"\" data-medium-file=\"https:\/\/i0.wp.com\/blogdalucianaoliveira.com.br\/blog\/wp-content\/uploads\/2017\/09\/IMG_6052.jpg?fit=300%2C280\" data-large-file=\"https:\/\/i0.wp.com\/blogdalucianaoliveira.com.br\/blog\/wp-content\/uploads\/2017\/09\/IMG_6052.jpg?fit=387%2C361\" src=\"https:\/\/i0.wp.com\/blogdalucianaoliveira.com.br\/blog\/wp-content\/uploads\/2017\/09\/IMG_6052.jpg?resize=387%2C361\" alt=\"IMG_6052\" width=\"387\" height=\"361\" class=\"alignnone size-full wp-image-13903\" srcset=\"https:\/\/i0.wp.com\/blogdalucianaoliveira.com.br\/blog\/wp-content\/uploads\/2017\/09\/IMG_6052.jpg?w=387 387w, https:\/\/i0.wp.com\/blogdalucianaoliveira.com.br\/blog\/wp-content\/uploads\/2017\/09\/IMG_6052.jpg?resize=300%2C280 300w, https:\/\/i0.wp.com\/blogdalucianaoliveira.com.br\/blog\/wp-content\/uploads\/2017\/09\/IMG_6052.jpg?resize=322%2C300 322w\" sizes=\"auto, (max-width: 387px) 100vw, 387px\" \/><\/p>\n<p>A iniciativa faz parte da mobiliza\u00e7\u00e3o nacional, apresentada pela CUT no dia 7 de setembro, durante as atividades do \u201cGrito dos Exclu\u00eddos\u201d. <!--more--><\/p>\n<p>Para que o PL tr\u00e2mite no Congresso Nacional \u00e9 necess\u00e1rio coletar 1,3 milh\u00e3o de assinaturas, que corresponde a 1% do eleitorado brasileiro. \u201c\u00c9 um assunto que estamos discutindo h\u00e1 bastante tempo. Os trabalhadores est\u00e3o sofrendo o maior ataque aos seus direitos. S\u00e3o mais de cem artigos que retiram os direitos hist\u00f3ricos da classe e entendemos que precis\u00e1vamos promover essa campanha\u201d, explica a Aparecida de Oliveira Pinto, integrante da CUT Regional.<\/p>\n<div class=\"fb-video\" data-allowfullscreen=\"true\" data-href=\"https:\/\/www.facebook.com\/sinecom.jp\/videos\/1831791260183453\/\"><\/div>\n","protected":false},"excerpt":{"rendered":"<p>A iniciativa faz parte da mobiliza\u00e7\u00e3o nacional, apresentada pela CUT no dia 7 de setembro, durante as atividades do \u201cGrito dos Exclu\u00eddos\u201d.<\/p>\n","protected":false},"author":1,"featured_media":13903,"comment_status":"closed","ping_status":"open","sticky":false,"template":"","format":"standard","meta":{"_exactmetrics_skip_tracking":false,"_exactmetrics_sitenote_active":false,"_exactmetrics_sitenote_note":"","_exactmetrics_sitenote_category":0,"jetpack_post_was_ever_published":false,"_jetpack_newsletter_access":"","_jetpack_dont_email_post_to_subs":false,"_jetpack_newsletter_tier_id":0,"_jetpack_memberships_contains_paywalled_content":false,"_jetpack_memberships_contains_paid_content":false,"footnotes":"","jetpack_publicize_message":"","jetpack_publicize_feature_enabled":true,"jetpack_social_post_already_shared":true,"jetpack_social_options":{"image_generator_settings":{"template":"highway","enabled":false},"version":2}},"categories":[1],"tags":[],"class_list":["post-13897","post","type-post","status-publish","format-standard","has-post-thumbnail","hentry","category-notas"],"jetpack_publicize_connections":[],"jetpack_sharing_enabled":true,"jetpack_featured_media_url":"https:\/\/i0.wp.com\/blogdalucianaoliveira.com.br\/blog\/wp-content\/uploads\/2017\/09\/IMG_6052.jpg?fit=387%2C361","jetpack_shortlink":"https:\/\/wp.me\/p7wKYW-3C9","jetpack-related-posts":[],"_links":{"self":[{"href":"http:\/\/blogdalucianaoliveira.com.br\/blog\/wp-json\/wp\/v2\/posts\/13897","targetHints":{"allow":["GET"]}}],"collection":[{"href":"http:\/\/blogdalucianaoliveira.com.br\/blog\/wp-json\/wp\/v2\/posts"}],"about":[{"href":"http:\/\/blogdalucianaoliveira.com.br\/blog\/wp-json\/wp\/v2\/types\/post"}],"author":[{"embeddable":true,"href":"http:\/\/blogdalucianaoliveira.com.br\/blog\/wp-json\/wp\/v2\/users\/1"}],"replies":[{"embeddable":true,"href":"http:\/\/blogdalucianaoliveira.com.br\/blog\/wp-json\/wp\/v2\/comments?post=13897"}],"version-history":[{"count":5,"href":"http:\/\/blogdalucianaoliveira.com.br\/blog\/wp-json\/wp\/v2\/posts\/13897\/revisions"}],"predecessor-version":[{"id":13904,"href":"http:\/\/blogdalucianaoliveira.com.br\/blog\/wp-json\/wp\/v2\/posts\/13897\/revisions\/13904"}],"wp:featuredmedia":[{"embeddable":true,"href":"http:\/\/blogdalucianaoliveira.com.br\/blog\/wp-json\/wp\/v2\/media\/13903"}],"wp:attachment":[{"href":"http:\/\/blogdalucianaoliveira.com.br\/blog\/wp-json\/wp\/v2\/media?parent=13897"}],"wp:term":[{"taxonomy":"category","embeddable":true,"href":"http:\/\/blogdalucianaoliveira.com.br\/blog\/wp-json\/wp\/v2\/categories?post=13897"},{"taxonomy":"post_tag","embeddable":true,"href":"http:\/\/blogdalucianaoliveira.com.br\/blog\/wp-json\/wp\/v2\/tags?post=13897"}],"curies":[{"name":"wp","href":"https:\/\/api.w.org\/{rel}","templated":true}]}}