{"id":13915,"date":"2017-09-28T19:00:09","date_gmt":"2017-09-28T23:00:09","guid":{"rendered":"http:\/\/blogdalucianaoliveira.com.br\/blog\/?p=13915"},"modified":"2017-09-28T19:00:09","modified_gmt":"2017-09-28T23:00:09","slug":"pt-cometeu-erro-historico-ao-defender-o-mandato-do-senador-aecio-neves","status":"publish","type":"post","link":"http:\/\/blogdalucianaoliveira.com.br\/blog\/2017\/09\/28\/pt-cometeu-erro-historico-ao-defender-o-mandato-do-senador-aecio-neves\/","title":{"rendered":"PT COMETEU ERRO HIST\u00d3RICO AO DEFENDER O MANDATO DO SENADOR A\u00c9CIO NEVES"},"content":{"rendered":"<p><img data-recalc-dims=\"1\" loading=\"lazy\" decoding=\"async\" data-attachment-id=\"13916\" data-permalink=\"http:\/\/blogdalucianaoliveira.com.br\/blog\/2017\/09\/28\/pt-cometeu-erro-historico-ao-defender-o-mandato-do-senador-aecio-neves\/pt-2\/\" data-orig-file=\"https:\/\/i0.wp.com\/blogdalucianaoliveira.com.br\/blog\/wp-content\/uploads\/2017\/09\/pt.jpg?fit=1000%2C357\" data-orig-size=\"1000,357\" data-comments-opened=\"0\" data-image-meta=\"{&quot;aperture&quot;:&quot;0&quot;,&quot;credit&quot;:&quot;&quot;,&quot;camera&quot;:&quot;&quot;,&quot;caption&quot;:&quot;&quot;,&quot;created_timestamp&quot;:&quot;0&quot;,&quot;copyright&quot;:&quot;&quot;,&quot;focal_length&quot;:&quot;0&quot;,&quot;iso&quot;:&quot;0&quot;,&quot;shutter_speed&quot;:&quot;0&quot;,&quot;title&quot;:&quot;&quot;,&quot;orientation&quot;:&quot;0&quot;}\" data-image-title=\"pt\" data-image-description=\"\" data-image-caption=\"\" data-medium-file=\"https:\/\/i0.wp.com\/blogdalucianaoliveira.com.br\/blog\/wp-content\/uploads\/2017\/09\/pt.jpg?fit=300%2C107\" data-large-file=\"https:\/\/i0.wp.com\/blogdalucianaoliveira.com.br\/blog\/wp-content\/uploads\/2017\/09\/pt.jpg?fit=600%2C214\" src=\"https:\/\/i0.wp.com\/blogdalucianaoliveira.com.br\/blog\/wp-content\/uploads\/2017\/09\/pt.jpg?resize=600%2C214\" alt=\"pt\" width=\"600\" height=\"214\" class=\"alignnone size-full wp-image-13916\" srcset=\"https:\/\/i0.wp.com\/blogdalucianaoliveira.com.br\/blog\/wp-content\/uploads\/2017\/09\/pt.jpg?w=1000 1000w, https:\/\/i0.wp.com\/blogdalucianaoliveira.com.br\/blog\/wp-content\/uploads\/2017\/09\/pt.jpg?resize=300%2C107 300w, https:\/\/i0.wp.com\/blogdalucianaoliveira.com.br\/blog\/wp-content\/uploads\/2017\/09\/pt.jpg?resize=768%2C274 768w, https:\/\/i0.wp.com\/blogdalucianaoliveira.com.br\/blog\/wp-content\/uploads\/2017\/09\/pt.jpg?resize=800%2C286 800w\" sizes=\"auto, (max-width: 600px) 100vw, 600px\" \/><\/p>\n<p>247 \u2013 O senador A\u00e9cio Neves (PSDB-MG), hoje rejeitado por 89% dos brasileiros, segundo a mais recente pesquisa Ipsos, recebeu uma boia de salva\u00e7\u00e3o de onde menos se esperava: o Partido dos Trabalhadores.<!--more--><\/p>\n<p>Numa pol\u00eamica nota, a presidente do partido, senadora Gleisi Hoffmann (PT-PR), afirmou que A\u00e9cio merece o desprezo do povo brasileiro, mas n\u00e3o pode ser afastado do mandato por decis\u00e3o do Supremo Tribunal Federal.<\/p>\n<p>A\u00e9cio \u00e9 aquele que, como todos hoje j\u00e1 sabem, foi o principal respons\u00e1vel pela destrui\u00e7\u00e3o da Nova Rep\u00fablica e da pr\u00f3pria democracia brasileira. Inconformado com sua derrota nas urnas, o senador mineiro iniciou, um dia ap\u00f3s as elei\u00e7\u00f5es, o movimento pelo impeachment da presidente Dilma Rousseff. Como n\u00e3o havia motivo, fabricou-se uma tese fajuta \u2013 a das pedaladas fiscais.<\/p>\n<p>Ao longo desse processo, A\u00e9cio firmou uma alian\u00e7a com o ex-deputado Eduardo Cunha (PMDB-RJ) e sabotou o pa\u00eds com suas pautas-bomba e com a pol\u00edtica do &#8220;quanto pior, melhor&#8221;. Afinal, era necess\u00e1rio criar as condi\u00e7\u00f5es para o golpe.<\/p>\n<p>Como muitos tamb\u00e9m se lembram, A\u00e9cio dizia ter perdido a elei\u00e7\u00e3o presidencial para uma &#8220;organiza\u00e7\u00e3o criminosa&#8221;. No entanto, a verdadeira organiza\u00e7\u00e3o criminosa foi aquela que se instalou no poder. Michel Temer, s\u00f3cio de A\u00e9cio na empreitada golpista, foi denunciado por corrup\u00e7\u00e3o, obstru\u00e7\u00e3o judicial e por comandar uma quadrilha que teria desviado R$ 567 milh\u00f5es. Se n\u00e3o bastasse, o pr\u00f3prio A\u00e9cio foi pego em flagrante, nos grampos da JBS, negociando propinas de R$ 2 milh\u00f5es. Nos \u00e1udios, ele fala at\u00e9 em matar o primo.<\/p>\n<p>Evidentemente, havia motivos para que A\u00e9cio fosse n\u00e3o apenas preso, como tamb\u00e9m cassado pelo Senado. Nada disso aconteceu, mas, na noite da \u00faltima ter\u00e7a-feira, por tr\u00eas votos a dois, o Supremo Tribunal Federal imp\u00f4s penas alternativas ao pol\u00edtico mineiro: afastamento do mandato e recolhimento noturno.<\/p>\n<p>Ainda que pequena, diante do estrago causado pelo tucano, essa foi a maior vit\u00f3ria do PT desde o in\u00edcio da empreitada golpista \u2013 o l\u00edder do golpe, afinal, estava publicamente desmoralizado.<\/p>\n<p>O que faz o PT, no entanto, no dia seguinte? Divulga uma nota em que afirma que A\u00e9cio merece o desprezo do povo, mas n\u00e3o pode ser afastado pelo Supremo Tribunal Federal. Alega o partido ter agido em nome da defesa da constitui\u00e7\u00e3o e do devido processo legal, muito embora diversos juristas n\u00e3o tenham apontado nenhuma agress\u00e3o constitucional na decis\u00e3o dos ministros Luis Roberto Barroso, Luiz Fux e Rosa Weber. At\u00e9 porque A\u00e9cio n\u00e3o foi preso. Apenas foi alvo de medidas cautelares alternativas.<\/p>\n<p>C\u00e1lculo pol\u00edtico desastroso<\/p>\n<p>Independe da quest\u00e3o jur\u00eddica, h\u00e1 que se fazer a an\u00e1lise pol\u00edtica do caso. O que o PT ganha ao defender seu principal algoz? Um discurso coerente contra eventuais abusos contra o ex-presidente Lula? A prote\u00e7\u00e3o a alguns parlamentares contra futuras investidas judiciais? A simpatia de advers\u00e1rios no parlamento? Um muro de conten\u00e7\u00e3o contra o general Mour\u00e3o, que cobrou do Judici\u00e1rio a\u00e7\u00f5es contra determinados &#8220;elementos&#8221;?<\/p>\n<p>Se foram essas as motiva\u00e7\u00f5es, a nota do PT n\u00e3o se presta a nenhum desses papeis \u2013 at\u00e9 porque foi feita sem que nenhum acordo pr\u00e9vio tivesse sido negociado com tucanos ou peemedebistas.<\/p>\n<p>O resgate de A\u00e9cio, agora vitimizado pelo pr\u00f3prio PT, que considerou &#8220;esdr\u00faxula&#8221; a decis\u00e3o do STF de afast\u00e1-lo, em nada impedir\u00e1 o avan\u00e7o do estado de exce\u00e7\u00e3o judicial contra o ex-presidente Lula. Tamb\u00e9m n\u00e3o impedir\u00e1 nenhuma a\u00e7\u00e3o no STF contra parlamentares investigados. E o mais importante \u00e9 que n\u00e3o ser\u00e1 lida pela popula\u00e7\u00e3o como uma defesa da constitui\u00e7\u00e3o e do estado de direito.<\/p>\n<p>Ser\u00e1, sim, percebida como parte de um acord\u00e3o \u2013 ainda que inexistente \u2013 da classe pol\u00edtica para que todos consigam se salvar.<\/p>\n<p>O que esperar de A\u00e9cio?<\/p>\n<p>Em sua gangorra existencial, um dia depois de defender a manuten\u00e7\u00e3o do mandato de A\u00e9cio, o PT foi ao conselho de \u00e9tica e protocolou o pedido de sua cassa\u00e7\u00e3o \u2013 uma batalha que todos j\u00e1 sabem perdida.<\/p>\n<p>As consequ\u00eancias disso tudo tendem a ser dram\u00e1ticas. No Senado, A\u00e9cio continuar\u00e1 articulando pela sobrevida do golpe, ainda que Michel Temer seja aprovado por apenas 3% dos brasileiros, no pior resultado j\u00e1 apontado desde a redemocratiza\u00e7\u00e3o (saiba mais aqui).<\/p>\n<p>E se o ex-presidente Lula vier a ser impedido de concorrer nas pr\u00f3ximas elei\u00e7\u00f5es presidenciais por uma canetada judicial qualquer, que ningu\u00e9m espere de A\u00e9cio qualquer gesto de solidariedade.<\/p>\n<p>O tra\u00e7o que distingue sua personalidade \u00e9 e sempre ser\u00e1 a hipocrisia.<\/p>\n","protected":false},"excerpt":{"rendered":"<p>247 \u2013 O senador A\u00e9cio Neves (PSDB-MG), hoje rejeitado por 89% dos brasileiros, segundo a mais recente pesquisa Ipsos, recebeu uma boia de salva\u00e7\u00e3o de onde menos se esperava: o Partido dos Trabalhadores.<\/p>\n","protected":false},"author":1,"featured_media":0,"comment_status":"closed","ping_status":"open","sticky":false,"template":"","format":"standard","meta":{"_exactmetrics_skip_tracking":false,"_exactmetrics_sitenote_active":false,"_exactmetrics_sitenote_note":"","_exactmetrics_sitenote_category":0,"jetpack_post_was_ever_published":false,"_jetpack_newsletter_access":"","_jetpack_dont_email_post_to_subs":false,"_jetpack_newsletter_tier_id":0,"_jetpack_memberships_contains_paywalled_content":false,"_jetpack_memberships_contains_paid_content":false,"footnotes":"","jetpack_publicize_message":"","jetpack_publicize_feature_enabled":true,"jetpack_social_post_already_shared":true,"jetpack_social_options":{"image_generator_settings":{"template":"highway","enabled":false},"version":2}},"categories":[1],"tags":[],"class_list":["post-13915","post","type-post","status-publish","format-standard","hentry","category-notas"],"jetpack_publicize_connections":[],"jetpack_sharing_enabled":true,"jetpack_featured_media_url":"","jetpack_shortlink":"https:\/\/wp.me\/p7wKYW-3Cr","jetpack-related-posts":[],"_links":{"self":[{"href":"http:\/\/blogdalucianaoliveira.com.br\/blog\/wp-json\/wp\/v2\/posts\/13915","targetHints":{"allow":["GET"]}}],"collection":[{"href":"http:\/\/blogdalucianaoliveira.com.br\/blog\/wp-json\/wp\/v2\/posts"}],"about":[{"href":"http:\/\/blogdalucianaoliveira.com.br\/blog\/wp-json\/wp\/v2\/types\/post"}],"author":[{"embeddable":true,"href":"http:\/\/blogdalucianaoliveira.com.br\/blog\/wp-json\/wp\/v2\/users\/1"}],"replies":[{"embeddable":true,"href":"http:\/\/blogdalucianaoliveira.com.br\/blog\/wp-json\/wp\/v2\/comments?post=13915"}],"version-history":[{"count":1,"href":"http:\/\/blogdalucianaoliveira.com.br\/blog\/wp-json\/wp\/v2\/posts\/13915\/revisions"}],"predecessor-version":[{"id":13917,"href":"http:\/\/blogdalucianaoliveira.com.br\/blog\/wp-json\/wp\/v2\/posts\/13915\/revisions\/13917"}],"wp:attachment":[{"href":"http:\/\/blogdalucianaoliveira.com.br\/blog\/wp-json\/wp\/v2\/media?parent=13915"}],"wp:term":[{"taxonomy":"category","embeddable":true,"href":"http:\/\/blogdalucianaoliveira.com.br\/blog\/wp-json\/wp\/v2\/categories?post=13915"},{"taxonomy":"post_tag","embeddable":true,"href":"http:\/\/blogdalucianaoliveira.com.br\/blog\/wp-json\/wp\/v2\/tags?post=13915"}],"curies":[{"name":"wp","href":"https:\/\/api.w.org\/{rel}","templated":true}]}}