{"id":13918,"date":"2017-09-28T19:03:28","date_gmt":"2017-09-28T23:03:28","guid":{"rendered":"http:\/\/blogdalucianaoliveira.com.br\/blog\/?p=13918"},"modified":"2017-09-28T19:03:28","modified_gmt":"2017-09-28T23:03:28","slug":"mab-vai-reunir-militancia-de-todas-as-regioes-do-pais-em-encontro-no-rio","status":"publish","type":"post","link":"http:\/\/blogdalucianaoliveira.com.br\/blog\/2017\/09\/28\/mab-vai-reunir-militancia-de-todas-as-regioes-do-pais-em-encontro-no-rio\/","title":{"rendered":"MAB vai reunir milit\u00e2ncia de todas as regi\u00f5es do pa\u00eds em encontro no Rio"},"content":{"rendered":"<p><img data-recalc-dims=\"1\" loading=\"lazy\" decoding=\"async\" data-attachment-id=\"13919\" data-permalink=\"http:\/\/blogdalucianaoliveira.com.br\/blog\/2017\/09\/28\/mab-vai-reunir-militancia-de-todas-as-regioes-do-pais-em-encontro-no-rio\/mab-2\/\" data-orig-file=\"https:\/\/i0.wp.com\/blogdalucianaoliveira.com.br\/blog\/wp-content\/uploads\/2017\/09\/mab.jpg?fit=640%2C427\" data-orig-size=\"640,427\" data-comments-opened=\"0\" data-image-meta=\"{&quot;aperture&quot;:&quot;0&quot;,&quot;credit&quot;:&quot;&quot;,&quot;camera&quot;:&quot;&quot;,&quot;caption&quot;:&quot;&quot;,&quot;created_timestamp&quot;:&quot;0&quot;,&quot;copyright&quot;:&quot;&quot;,&quot;focal_length&quot;:&quot;0&quot;,&quot;iso&quot;:&quot;0&quot;,&quot;shutter_speed&quot;:&quot;0&quot;,&quot;title&quot;:&quot;&quot;,&quot;orientation&quot;:&quot;0&quot;}\" data-image-title=\"mab\" data-image-description=\"\" data-image-caption=\"\" data-medium-file=\"https:\/\/i0.wp.com\/blogdalucianaoliveira.com.br\/blog\/wp-content\/uploads\/2017\/09\/mab.jpg?fit=300%2C200\" data-large-file=\"https:\/\/i0.wp.com\/blogdalucianaoliveira.com.br\/blog\/wp-content\/uploads\/2017\/09\/mab.jpg?fit=600%2C400\" src=\"https:\/\/i0.wp.com\/blogdalucianaoliveira.com.br\/blog\/wp-content\/uploads\/2017\/09\/mab.jpg?resize=600%2C400\" alt=\"mab\" width=\"600\" height=\"400\" class=\"alignnone size-full wp-image-13919\" srcset=\"https:\/\/i0.wp.com\/blogdalucianaoliveira.com.br\/blog\/wp-content\/uploads\/2017\/09\/mab.jpg?w=640 640w, https:\/\/i0.wp.com\/blogdalucianaoliveira.com.br\/blog\/wp-content\/uploads\/2017\/09\/mab.jpg?resize=300%2C200 300w, https:\/\/i0.wp.com\/blogdalucianaoliveira.com.br\/blog\/wp-content\/uploads\/2017\/09\/mab.jpg?resize=450%2C300 450w\" sizes=\"auto, (max-width: 600px) 100vw, 600px\" \/><\/p>\n<p>O Movimento dos Atingidos por Barragens estima que o encontro reunir\u00e1 cerca de 4 mil pessoas de todas as regi\u00f5es do pa\u00eds<!--more--><\/p>\n<p>Mariana Pitasse<br \/>\nBrasil de Fato | Rio de Janeiro (RJ)<\/p>\n<p>Na pr\u00f3xima semana, o centro do Rio de Janeiro ser\u00e1 palco de uma s\u00e9rie de atividades e manifesta\u00e7\u00f5es. A partir deste domingo at\u00e9 a pr\u00f3xima quinta-feira, centenas de pessoas estar\u00e3o reunidas na cidade para o 8\u00ba Encontro Nacional do Movimento dos Atingidos por Barragens (MAB). Nesta edi\u00e7\u00e3o, o encontro vai debater \u201c\u00c1gua e energia com soberania, distribui\u00e7\u00e3o da riqueza e controle popular\u201d e a organiza\u00e7\u00e3o estima que reunir\u00e1 cerca de 4 mil pessoas de todas as regi\u00f5es do Brasil. <\/p>\n<p>De acordo com o coordenador geral do MAB, Rog\u00e9rio Paulo Hohn, a privatiza\u00e7\u00e3o dos recursos naturais e essenciais, como \u00e1gua e energia, tem se intensificado com o governo de Michel Temer.  <\/p>\n<p>\u202f\u201cN\u00f3s entendemos que \u00e1gua e a energia tem que ser do patrim\u00f4nio do povo e a servi\u00e7o do povo. Esse tema da soberania a gente tem discutido dentro do MAB, no sentido de defender os recurso naturais, sob controle popular. Esse \u00e9 o nosso grande norteador\u201d, explica. <\/p>\n<p>Al\u00e9m disso, Rog\u00e9rio explica que o encontro tamb\u00e9m vai discutir o caso de desastre socio ambiental mais significativo dos \u00faltimos tempos que afetou diferentes regi\u00f5es a partir rompimento da barragem de Fund\u00e3o, em Bento Rodrigues, Minas Gerais, em novembro de 2015.  <\/p>\n<p>\u201cO MAB \u00e9 um movimento social que tem 26 anos de hist\u00f3ria e sempre realiza seus encontros nacionais como espa\u00e7o deliberativos da pol\u00edtica da organiza\u00e7\u00e3o para os pr\u00f3ximos anos. Esse \u00e9 o 8\u00ba encontro nacional e busca reunir as fam\u00edlias dos diferentes estados para discutir, principalmente, a viola\u00e7\u00e3o de direitos humanos cometidos sobre popula\u00e7\u00f5es atingidas por barragens\u201d, acrescenta. <\/p>\n<p>Entre as atividades do encontro abertas ao p\u00fablico, est\u00e1 a cerim\u00f4nia de abertura, que vai acontecer no Terreir\u00e3o do Samba, a partir das seis da tarde, na segunda-feira (2). Tamb\u00e9m est\u00e3o sendo organizadas duas grandes manifesta\u00e7\u00f5es na ter\u00e7a-feira (3), ao lado de outras entidades e organiza\u00e7\u00f5es pol\u00edticas, como a Frente Brasil Popular. A primeira delas vai acontecer a partir das 11h, em frente \u00e0 Eletrobras, e a segunda, com a presen\u00e7a do ex-presidente Lula a partir das 14h, em frente ao pr\u00e9dio da Petrobras. <\/p>\n<p>Edi\u00e7\u00e3o: Vivian Virissimo<\/p>\n","protected":false},"excerpt":{"rendered":"<p>O Movimento dos Atingidos por Barragens estima que o encontro reunir\u00e1 cerca de 4 mil pessoas de todas as regi\u00f5es do pa\u00eds<\/p>\n","protected":false},"author":1,"featured_media":0,"comment_status":"closed","ping_status":"open","sticky":false,"template":"","format":"standard","meta":{"_exactmetrics_skip_tracking":false,"_exactmetrics_sitenote_active":false,"_exactmetrics_sitenote_note":"","_exactmetrics_sitenote_category":0,"jetpack_post_was_ever_published":false,"_jetpack_newsletter_access":"","_jetpack_dont_email_post_to_subs":false,"_jetpack_newsletter_tier_id":0,"_jetpack_memberships_contains_paywalled_content":false,"_jetpack_memberships_contains_paid_content":false,"footnotes":"","jetpack_publicize_message":"","jetpack_publicize_feature_enabled":true,"jetpack_social_post_already_shared":true,"jetpack_social_options":{"image_generator_settings":{"template":"highway","enabled":false},"version":2}},"categories":[1],"tags":[],"class_list":["post-13918","post","type-post","status-publish","format-standard","hentry","category-notas"],"jetpack_publicize_connections":[],"jetpack_sharing_enabled":true,"jetpack_featured_media_url":"","jetpack_shortlink":"https:\/\/wp.me\/p7wKYW-3Cu","jetpack-related-posts":[],"_links":{"self":[{"href":"http:\/\/blogdalucianaoliveira.com.br\/blog\/wp-json\/wp\/v2\/posts\/13918","targetHints":{"allow":["GET"]}}],"collection":[{"href":"http:\/\/blogdalucianaoliveira.com.br\/blog\/wp-json\/wp\/v2\/posts"}],"about":[{"href":"http:\/\/blogdalucianaoliveira.com.br\/blog\/wp-json\/wp\/v2\/types\/post"}],"author":[{"embeddable":true,"href":"http:\/\/blogdalucianaoliveira.com.br\/blog\/wp-json\/wp\/v2\/users\/1"}],"replies":[{"embeddable":true,"href":"http:\/\/blogdalucianaoliveira.com.br\/blog\/wp-json\/wp\/v2\/comments?post=13918"}],"version-history":[{"count":1,"href":"http:\/\/blogdalucianaoliveira.com.br\/blog\/wp-json\/wp\/v2\/posts\/13918\/revisions"}],"predecessor-version":[{"id":13920,"href":"http:\/\/blogdalucianaoliveira.com.br\/blog\/wp-json\/wp\/v2\/posts\/13918\/revisions\/13920"}],"wp:attachment":[{"href":"http:\/\/blogdalucianaoliveira.com.br\/blog\/wp-json\/wp\/v2\/media?parent=13918"}],"wp:term":[{"taxonomy":"category","embeddable":true,"href":"http:\/\/blogdalucianaoliveira.com.br\/blog\/wp-json\/wp\/v2\/categories?post=13918"},{"taxonomy":"post_tag","embeddable":true,"href":"http:\/\/blogdalucianaoliveira.com.br\/blog\/wp-json\/wp\/v2\/tags?post=13918"}],"curies":[{"name":"wp","href":"https:\/\/api.w.org\/{rel}","templated":true}]}}