{"id":1392,"date":"2016-06-01T11:16:36","date_gmt":"2016-06-01T15:16:36","guid":{"rendered":"http:\/\/blogdalucianaoliveira.com.br\/blog\/?p=1392"},"modified":"2016-06-01T11:16:36","modified_gmt":"2016-06-01T15:16:36","slug":"parafraseando-o-barao-ainda-bem-que-o-voto-e-secreto-so-assim-afinal-o-eleitor-nao-tera-vergonha-de-votar-no-seu-candidato","status":"publish","type":"post","link":"http:\/\/blogdalucianaoliveira.com.br\/blog\/2016\/06\/01\/parafraseando-o-barao-ainda-bem-que-o-voto-e-secreto-so-assim-afinal-o-eleitor-nao-tera-vergonha-de-votar-no-seu-candidato\/","title":{"rendered":"Parafraseando o Bar\u00e3o, &#8220;ainda bem que o voto \u00e9 secreto. S\u00f3 assim, afinal, o eleitor n\u00e3o ter\u00e1 vergonha de votar no seu candidato"},"content":{"rendered":"<p><img data-recalc-dims=\"1\" loading=\"lazy\" decoding=\"async\" data-attachment-id=\"1393\" data-permalink=\"http:\/\/blogdalucianaoliveira.com.br\/blog\/2016\/06\/01\/parafraseando-o-barao-ainda-bem-que-o-voto-e-secreto-so-assim-afinal-o-eleitor-nao-tera-vergonha-de-votar-no-seu-candidato\/bengala\/\" data-orig-file=\"https:\/\/i0.wp.com\/blogdalucianaoliveira.com.br\/blog\/wp-content\/uploads\/2016\/06\/BENGALA.jpg?fit=695%2C394\" data-orig-size=\"695,394\" data-comments-opened=\"0\" data-image-meta=\"{&quot;aperture&quot;:&quot;5.6&quot;,&quot;credit&quot;:&quot;&quot;,&quot;camera&quot;:&quot;NIKON D5000&quot;,&quot;caption&quot;:&quot;&quot;,&quot;created_timestamp&quot;:&quot;1428594145&quot;,&quot;copyright&quot;:&quot;&quot;,&quot;focal_length&quot;:&quot;55&quot;,&quot;iso&quot;:&quot;800&quot;,&quot;shutter_speed&quot;:&quot;0.0166666666667&quot;,&quot;title&quot;:&quot;&quot;,&quot;orientation&quot;:&quot;1&quot;}\" data-image-title=\"BENGALA\" data-image-description=\"\" data-image-caption=\"\" data-medium-file=\"https:\/\/i0.wp.com\/blogdalucianaoliveira.com.br\/blog\/wp-content\/uploads\/2016\/06\/BENGALA.jpg?fit=300%2C170\" data-large-file=\"https:\/\/i0.wp.com\/blogdalucianaoliveira.com.br\/blog\/wp-content\/uploads\/2016\/06\/BENGALA.jpg?fit=600%2C340\" src=\"https:\/\/i0.wp.com\/blogdalucianaoliveira.com.br\/blog\/wp-content\/uploads\/2016\/06\/BENGALA.jpg?resize=600%2C340\" alt=\"BENGALA\" width=\"600\" height=\"340\" class=\"alignnone size-full wp-image-1393\" srcset=\"https:\/\/i0.wp.com\/blogdalucianaoliveira.com.br\/blog\/wp-content\/uploads\/2016\/06\/BENGALA.jpg?w=695 695w, https:\/\/i0.wp.com\/blogdalucianaoliveira.com.br\/blog\/wp-content\/uploads\/2016\/06\/BENGALA.jpg?resize=300%2C170 300w\" sizes=\"auto, (max-width: 600px) 100vw, 600px\" \/><\/p>\n<p>Da reportagem do Tudo Rond\u00f4nia<\/p>\n<p>Porto Velho \u2013 Em duas reuni\u00f5es, realizadas na tarde desta segunda-feira (30\/5\/16), o Plen\u00e1rio da C\u00e2mara de Vereadores de Porto Velho aprovou, com 12 votos favor\u00e1veis e oito aus\u00eancias, o Projeto de Resolu\u00e7\u00e3o n\u00ba. 671\/2016, de autoria da mesa diretora, alterando a Resolu\u00e7\u00e3o n\u00ba. 560\/2012.<!--more--><\/p>\n<p>A Resolu\u00e7\u00e3o 560\/2012 fixou o subs\u00eddio do vereador no valor de R$ 12.025,20 mil. De acordo com o art. 2\u00ba, enquanto mantivesse no exerc\u00edcio da presid\u00eancia, o vereador perceberia, mensalmente, o subs\u00eddio de R$ 18.037,00 mil.<\/p>\n<p>Em 2015, o Tribunal de Justi\u00e7a de Rond\u00f4nia concedeu liminar ao Minist\u00e9rio P\u00fablico Estadual reduzindo o subs\u00eddio do presidente da C\u00e2mara Municipal de R$ 18.037,00 mil. R$ 12.025,00 mil. Agora, o plen\u00e1rio fez funcionar o velho e manjado jeitinho brasileiro, criando a gratifica\u00e7\u00e3o de representa\u00e7\u00e3o, no valor de R$ 6.012,00, que, somada aos 12.025,00, chega-se ao subs\u00eddio de R$ 18.037,00, salientando que ambos ser\u00e3o atualizados pelos mesmos \u00edndices.<\/p>\n","protected":false},"excerpt":{"rendered":"<p>Da reportagem do Tudo Rond\u00f4nia Porto Velho \u2013 Em duas reuni\u00f5es, realizadas na tarde desta segunda-feira (30\/5\/16), o Plen\u00e1rio da C\u00e2mara de Vereadores de Porto Velho aprovou, com 12 votos favor\u00e1veis e oito aus\u00eancias, o Projeto de Resolu\u00e7\u00e3o n\u00ba. 671\/2016, de autoria da mesa diretora, alterando a Resolu\u00e7\u00e3o n\u00ba. 560\/2012.<\/p>\n","protected":false},"author":1,"featured_media":0,"comment_status":"closed","ping_status":"open","sticky":false,"template":"","format":"standard","meta":{"_exactmetrics_skip_tracking":false,"_exactmetrics_sitenote_active":false,"_exactmetrics_sitenote_note":"","_exactmetrics_sitenote_category":0,"jetpack_post_was_ever_published":false,"_jetpack_newsletter_access":"","_jetpack_dont_email_post_to_subs":false,"_jetpack_newsletter_tier_id":0,"_jetpack_memberships_contains_paywalled_content":false,"_jetpack_memberships_contains_paid_content":false,"footnotes":"","jetpack_publicize_message":"","jetpack_publicize_feature_enabled":true,"jetpack_social_post_already_shared":true,"jetpack_social_options":{"image_generator_settings":{"template":"highway","enabled":false},"version":2}},"categories":[1],"tags":[],"class_list":["post-1392","post","type-post","status-publish","format-standard","hentry","category-notas"],"jetpack_publicize_connections":[],"jetpack_sharing_enabled":true,"jetpack_featured_media_url":"","jetpack_shortlink":"https:\/\/wp.me\/p7wKYW-ms","jetpack-related-posts":[],"_links":{"self":[{"href":"http:\/\/blogdalucianaoliveira.com.br\/blog\/wp-json\/wp\/v2\/posts\/1392","targetHints":{"allow":["GET"]}}],"collection":[{"href":"http:\/\/blogdalucianaoliveira.com.br\/blog\/wp-json\/wp\/v2\/posts"}],"about":[{"href":"http:\/\/blogdalucianaoliveira.com.br\/blog\/wp-json\/wp\/v2\/types\/post"}],"author":[{"embeddable":true,"href":"http:\/\/blogdalucianaoliveira.com.br\/blog\/wp-json\/wp\/v2\/users\/1"}],"replies":[{"embeddable":true,"href":"http:\/\/blogdalucianaoliveira.com.br\/blog\/wp-json\/wp\/v2\/comments?post=1392"}],"version-history":[{"count":1,"href":"http:\/\/blogdalucianaoliveira.com.br\/blog\/wp-json\/wp\/v2\/posts\/1392\/revisions"}],"predecessor-version":[{"id":1394,"href":"http:\/\/blogdalucianaoliveira.com.br\/blog\/wp-json\/wp\/v2\/posts\/1392\/revisions\/1394"}],"wp:attachment":[{"href":"http:\/\/blogdalucianaoliveira.com.br\/blog\/wp-json\/wp\/v2\/media?parent=1392"}],"wp:term":[{"taxonomy":"category","embeddable":true,"href":"http:\/\/blogdalucianaoliveira.com.br\/blog\/wp-json\/wp\/v2\/categories?post=1392"},{"taxonomy":"post_tag","embeddable":true,"href":"http:\/\/blogdalucianaoliveira.com.br\/blog\/wp-json\/wp\/v2\/tags?post=1392"}],"curies":[{"name":"wp","href":"https:\/\/api.w.org\/{rel}","templated":true}]}}