{"id":13921,"date":"2017-09-28T19:46:08","date_gmt":"2017-09-28T23:46:08","guid":{"rendered":"http:\/\/blogdalucianaoliveira.com.br\/blog\/?p=13921"},"modified":"2017-09-28T19:46:08","modified_gmt":"2017-09-28T23:46:08","slug":"em-palestra-general-mourao-propos-livrar-o-brasil-da-heranca-de-indigenas-e-negros-indolencia-e-malemolencia","status":"publish","type":"post","link":"http:\/\/blogdalucianaoliveira.com.br\/blog\/2017\/09\/28\/em-palestra-general-mourao-propos-livrar-o-brasil-da-heranca-de-indigenas-e-negros-indolencia-e-malemolencia\/","title":{"rendered":"Em palestra, general Mour\u00e3o prop\u00f4s livrar o Brasil da heran\u00e7a de ind\u00edgenas e negros: indol\u00eancia e malemol\u00eancia"},"content":{"rendered":"<p><img data-recalc-dims=\"1\" loading=\"lazy\" decoding=\"async\" data-attachment-id=\"13922\" data-permalink=\"http:\/\/blogdalucianaoliveira.com.br\/blog\/2017\/09\/28\/em-palestra-general-mourao-propos-livrar-o-brasil-da-heranca-de-indigenas-e-negros-indolencia-e-malemolencia\/gene\/\" data-orig-file=\"https:\/\/i0.wp.com\/blogdalucianaoliveira.com.br\/blog\/wp-content\/uploads\/2017\/09\/gene.jpg?fit=275%2C183\" data-orig-size=\"275,183\" data-comments-opened=\"0\" data-image-meta=\"{&quot;aperture&quot;:&quot;0&quot;,&quot;credit&quot;:&quot;&quot;,&quot;camera&quot;:&quot;&quot;,&quot;caption&quot;:&quot;&quot;,&quot;created_timestamp&quot;:&quot;0&quot;,&quot;copyright&quot;:&quot;&quot;,&quot;focal_length&quot;:&quot;0&quot;,&quot;iso&quot;:&quot;0&quot;,&quot;shutter_speed&quot;:&quot;0&quot;,&quot;title&quot;:&quot;&quot;,&quot;orientation&quot;:&quot;0&quot;}\" data-image-title=\"gene\" data-image-description=\"\" data-image-caption=\"\" data-medium-file=\"https:\/\/i0.wp.com\/blogdalucianaoliveira.com.br\/blog\/wp-content\/uploads\/2017\/09\/gene.jpg?fit=275%2C183\" data-large-file=\"https:\/\/i0.wp.com\/blogdalucianaoliveira.com.br\/blog\/wp-content\/uploads\/2017\/09\/gene.jpg?fit=275%2C183\" src=\"https:\/\/i0.wp.com\/blogdalucianaoliveira.com.br\/blog\/wp-content\/uploads\/2017\/09\/gene.jpg?resize=275%2C183\" alt=\"gene\" width=\"275\" height=\"183\" class=\"alignnone size-full wp-image-13922\" \/><\/p>\n<p>No Viomundo &#8211; Em sua p\u00e1gina no Facebook, o deputado federal Glauber Braga (PSOL-RJ) comentou trechos da \u00edntegra da palestra em que o general Ant\u00f4nio Hamilton Mour\u00e3o sugeriu que poderia haver uma interven\u00e7\u00e3o militar no Brasil.<!--more--><\/p>\n<p>Falando na Ma\u00e7onaria, em Bras\u00edlia, ele afirmou: \u201cOu as institui\u00e7\u00f5es solucionam o problema pol\u00edtico, pela a\u00e7\u00e3o do Judici\u00e1rio, retirando da vida p\u00fablica esses elementos envolvidos em todos os il\u00edcitos, ou ent\u00e3o n\u00f3s teremos que impor isso\u201d.<\/p>\n<p>O discurso causou grande pol\u00eamica. Mour\u00e3o recebeu apoio de outros militares, inclusive do ex-comandante das tropas de paz do Brasil no Haiti, general Augusto Heleno.<\/p>\n<p>O general Mour\u00e3o era comandante militar do Sul at\u00e9 outubro de 2015, quando foi transferido para a secretaria de Economia e Finan\u00e7as do Ex\u00e9rcito em Bras\u00edlia, por propor ent\u00e3o o \u201cdespertar de uma luta patri\u00f3tica\u201d contra o governo de Dilma Rousseff.<\/p>\n<p>Ao ver a \u00edntegra da palestra, o deputado Glauber chamou aten\u00e7\u00e3o para o fato de que o general defende um programa econ\u00f4mico ultraneoliberal e, no quesito \u201creforma cultural\u201d, com powerpoint e tudo, prop\u00f5e que o Brasil se livre das heran\u00e7as ib\u00e9rica, ind\u00edgena e africana.<\/p>\n<p>Ou\u00e7a o trecho em que ele apresenta a proposta:<\/p>\n<div class=\"jetpack-video-wrapper\"><iframe loading=\"lazy\" title=\"A fala do general Mour\u00e3o\" width=\"600\" height=\"338\" src=\"https:\/\/www.youtube.com\/embed\/2opfOue8cKg?feature=oembed\" frameborder=\"0\" allow=\"accelerometer; autoplay; clipboard-write; encrypted-media; gyroscope; picture-in-picture; web-share\" referrerpolicy=\"strict-origin-when-cross-origin\" allowfullscreen><\/iframe><\/div>\n","protected":false},"excerpt":{"rendered":"<p>No Viomundo &#8211; Em sua p\u00e1gina no Facebook, o deputado federal Glauber Braga (PSOL-RJ) comentou trechos da \u00edntegra da palestra em que o general Ant\u00f4nio Hamilton Mour\u00e3o sugeriu que poderia haver uma interven\u00e7\u00e3o militar no Brasil.<\/p>\n","protected":false},"author":1,"featured_media":0,"comment_status":"closed","ping_status":"open","sticky":false,"template":"","format":"standard","meta":{"_exactmetrics_skip_tracking":false,"_exactmetrics_sitenote_active":false,"_exactmetrics_sitenote_note":"","_exactmetrics_sitenote_category":0,"jetpack_post_was_ever_published":false,"_jetpack_newsletter_access":"","_jetpack_dont_email_post_to_subs":false,"_jetpack_newsletter_tier_id":0,"_jetpack_memberships_contains_paywalled_content":false,"_jetpack_memberships_contains_paid_content":false,"footnotes":"","jetpack_publicize_message":"","jetpack_publicize_feature_enabled":true,"jetpack_social_post_already_shared":true,"jetpack_social_options":{"image_generator_settings":{"template":"highway","enabled":false},"version":2}},"categories":[1],"tags":[],"class_list":["post-13921","post","type-post","status-publish","format-standard","hentry","category-notas"],"jetpack_publicize_connections":[],"jetpack_sharing_enabled":true,"jetpack_featured_media_url":"","jetpack_shortlink":"https:\/\/wp.me\/p7wKYW-3Cx","jetpack-related-posts":[],"_links":{"self":[{"href":"http:\/\/blogdalucianaoliveira.com.br\/blog\/wp-json\/wp\/v2\/posts\/13921","targetHints":{"allow":["GET"]}}],"collection":[{"href":"http:\/\/blogdalucianaoliveira.com.br\/blog\/wp-json\/wp\/v2\/posts"}],"about":[{"href":"http:\/\/blogdalucianaoliveira.com.br\/blog\/wp-json\/wp\/v2\/types\/post"}],"author":[{"embeddable":true,"href":"http:\/\/blogdalucianaoliveira.com.br\/blog\/wp-json\/wp\/v2\/users\/1"}],"replies":[{"embeddable":true,"href":"http:\/\/blogdalucianaoliveira.com.br\/blog\/wp-json\/wp\/v2\/comments?post=13921"}],"version-history":[{"count":1,"href":"http:\/\/blogdalucianaoliveira.com.br\/blog\/wp-json\/wp\/v2\/posts\/13921\/revisions"}],"predecessor-version":[{"id":13923,"href":"http:\/\/blogdalucianaoliveira.com.br\/blog\/wp-json\/wp\/v2\/posts\/13921\/revisions\/13923"}],"wp:attachment":[{"href":"http:\/\/blogdalucianaoliveira.com.br\/blog\/wp-json\/wp\/v2\/media?parent=13921"}],"wp:term":[{"taxonomy":"category","embeddable":true,"href":"http:\/\/blogdalucianaoliveira.com.br\/blog\/wp-json\/wp\/v2\/categories?post=13921"},{"taxonomy":"post_tag","embeddable":true,"href":"http:\/\/blogdalucianaoliveira.com.br\/blog\/wp-json\/wp\/v2\/tags?post=13921"}],"curies":[{"name":"wp","href":"https:\/\/api.w.org\/{rel}","templated":true}]}}