{"id":13924,"date":"2017-09-28T20:23:44","date_gmt":"2017-09-29T00:23:44","guid":{"rendered":"http:\/\/blogdalucianaoliveira.com.br\/blog\/?p=13924"},"modified":"2017-09-28T20:26:53","modified_gmt":"2017-09-29T00:26:53","slug":"por-que-balanca-mas-nao-cai","status":"publish","type":"post","link":"http:\/\/blogdalucianaoliveira.com.br\/blog\/2017\/09\/28\/por-que-balanca-mas-nao-cai\/","title":{"rendered":"Por que balan\u00e7a, mas n\u00e3o cai?"},"content":{"rendered":"<p><img data-recalc-dims=\"1\" loading=\"lazy\" decoding=\"async\" data-attachment-id=\"13925\" data-permalink=\"http:\/\/blogdalucianaoliveira.com.br\/blog\/2017\/09\/28\/por-que-balanca-mas-nao-cai\/img_6131\/\" data-orig-file=\"https:\/\/i0.wp.com\/blogdalucianaoliveira.com.br\/blog\/wp-content\/uploads\/2017\/09\/IMG_6131.jpg?fit=300%2C168\" data-orig-size=\"300,168\" data-comments-opened=\"0\" data-image-meta=\"{&quot;aperture&quot;:&quot;0&quot;,&quot;credit&quot;:&quot;&quot;,&quot;camera&quot;:&quot;&quot;,&quot;caption&quot;:&quot;&quot;,&quot;created_timestamp&quot;:&quot;0&quot;,&quot;copyright&quot;:&quot;&quot;,&quot;focal_length&quot;:&quot;0&quot;,&quot;iso&quot;:&quot;0&quot;,&quot;shutter_speed&quot;:&quot;0&quot;,&quot;title&quot;:&quot;&quot;,&quot;orientation&quot;:&quot;1&quot;}\" data-image-title=\"IMG_6131\" data-image-description=\"\" data-image-caption=\"\" data-medium-file=\"https:\/\/i0.wp.com\/blogdalucianaoliveira.com.br\/blog\/wp-content\/uploads\/2017\/09\/IMG_6131.jpg?fit=300%2C168\" data-large-file=\"https:\/\/i0.wp.com\/blogdalucianaoliveira.com.br\/blog\/wp-content\/uploads\/2017\/09\/IMG_6131.jpg?fit=300%2C168\" src=\"https:\/\/i0.wp.com\/blogdalucianaoliveira.com.br\/blog\/wp-content\/uploads\/2017\/09\/IMG_6131.jpg?resize=300%2C168\" alt=\"IMG_6131\" width=\"300\" height=\"168\" class=\"alignnone size-full wp-image-13925\" \/><\/p>\n<p>Segundo vozes das ruas captadas pelo Ibope, n\u00e3o h\u00e1 nada que justifique o Brasil seguir com um presidente incompetente e  acusado como chefe de quadrilha.<!--more--><\/p>\n<p>S\u00f3 3% aprovam seu governo;<br \/>\n77% desaprovam;<br \/>\n89% desaprovam maneira de Temer governar;<br \/>\nO \u00edndice de confian\u00e7a at\u00e9 o fim do governo \u00e9 de 6%;<br \/>\nPara 59%, Temer \u00e9 pior que Dilma;<br \/>\nPara 68% as not\u00edcias ruins marcam o governo ileg\u00edtimo<\/p>\n<p>Por nada derrubaram uma presidenta eleita.<br \/>\nTemer se equilibra na hipocrisia da sociedade. <\/p>\n","protected":false},"excerpt":{"rendered":"<p>Segundo vozes das ruas captadas pelo Ibope, n\u00e3o h\u00e1 nada que justifique o Brasil seguir com um presidente incompetente e acusado como chefe de quadrilha.<\/p>\n","protected":false},"author":1,"featured_media":13925,"comment_status":"closed","ping_status":"open","sticky":false,"template":"","format":"standard","meta":{"_exactmetrics_skip_tracking":false,"_exactmetrics_sitenote_active":false,"_exactmetrics_sitenote_note":"","_exactmetrics_sitenote_category":0,"jetpack_post_was_ever_published":false,"_jetpack_newsletter_access":"","_jetpack_dont_email_post_to_subs":false,"_jetpack_newsletter_tier_id":0,"_jetpack_memberships_contains_paywalled_content":false,"_jetpack_memberships_contains_paid_content":false,"footnotes":"","jetpack_publicize_message":"","jetpack_publicize_feature_enabled":true,"jetpack_social_post_already_shared":true,"jetpack_social_options":{"image_generator_settings":{"template":"highway","enabled":false},"version":2}},"categories":[1],"tags":[],"class_list":["post-13924","post","type-post","status-publish","format-standard","has-post-thumbnail","hentry","category-notas"],"jetpack_publicize_connections":[],"jetpack_sharing_enabled":true,"jetpack_featured_media_url":"https:\/\/i0.wp.com\/blogdalucianaoliveira.com.br\/blog\/wp-content\/uploads\/2017\/09\/IMG_6131.jpg?fit=300%2C168","jetpack_shortlink":"https:\/\/wp.me\/p7wKYW-3CA","jetpack-related-posts":[],"_links":{"self":[{"href":"http:\/\/blogdalucianaoliveira.com.br\/blog\/wp-json\/wp\/v2\/posts\/13924","targetHints":{"allow":["GET"]}}],"collection":[{"href":"http:\/\/blogdalucianaoliveira.com.br\/blog\/wp-json\/wp\/v2\/posts"}],"about":[{"href":"http:\/\/blogdalucianaoliveira.com.br\/blog\/wp-json\/wp\/v2\/types\/post"}],"author":[{"embeddable":true,"href":"http:\/\/blogdalucianaoliveira.com.br\/blog\/wp-json\/wp\/v2\/users\/1"}],"replies":[{"embeddable":true,"href":"http:\/\/blogdalucianaoliveira.com.br\/blog\/wp-json\/wp\/v2\/comments?post=13924"}],"version-history":[{"count":1,"href":"http:\/\/blogdalucianaoliveira.com.br\/blog\/wp-json\/wp\/v2\/posts\/13924\/revisions"}],"predecessor-version":[{"id":13926,"href":"http:\/\/blogdalucianaoliveira.com.br\/blog\/wp-json\/wp\/v2\/posts\/13924\/revisions\/13926"}],"wp:featuredmedia":[{"embeddable":true,"href":"http:\/\/blogdalucianaoliveira.com.br\/blog\/wp-json\/wp\/v2\/media\/13925"}],"wp:attachment":[{"href":"http:\/\/blogdalucianaoliveira.com.br\/blog\/wp-json\/wp\/v2\/media?parent=13924"}],"wp:term":[{"taxonomy":"category","embeddable":true,"href":"http:\/\/blogdalucianaoliveira.com.br\/blog\/wp-json\/wp\/v2\/categories?post=13924"},{"taxonomy":"post_tag","embeddable":true,"href":"http:\/\/blogdalucianaoliveira.com.br\/blog\/wp-json\/wp\/v2\/tags?post=13924"}],"curies":[{"name":"wp","href":"https:\/\/api.w.org\/{rel}","templated":true}]}}