{"id":13931,"date":"2017-09-29T08:36:12","date_gmt":"2017-09-29T12:36:12","guid":{"rendered":"http:\/\/blogdalucianaoliveira.com.br\/blog\/?p=13931"},"modified":"2017-09-29T10:51:12","modified_gmt":"2017-09-29T14:51:12","slug":"afinal-o-pt-e-um-partido-ou-uma-seita","status":"publish","type":"post","link":"http:\/\/blogdalucianaoliveira.com.br\/blog\/2017\/09\/29\/afinal-o-pt-e-um-partido-ou-uma-seita\/","title":{"rendered":"AFINAL, O PT \u00c9 UM PARTIDO OU UMA SEITA?"},"content":{"rendered":"<p><img data-recalc-dims=\"1\" loading=\"lazy\" decoding=\"async\" data-attachment-id=\"13932\" data-permalink=\"http:\/\/blogdalucianaoliveira.com.br\/blog\/2017\/09\/29\/afinal-o-pt-e-um-partido-ou-uma-seita\/img_6137\/\" data-orig-file=\"https:\/\/i0.wp.com\/blogdalucianaoliveira.com.br\/blog\/wp-content\/uploads\/2017\/09\/IMG_6137.jpg?fit=490%2C280\" data-orig-size=\"490,280\" data-comments-opened=\"0\" data-image-meta=\"{&quot;aperture&quot;:&quot;0&quot;,&quot;credit&quot;:&quot;&quot;,&quot;camera&quot;:&quot;&quot;,&quot;caption&quot;:&quot;&quot;,&quot;created_timestamp&quot;:&quot;0&quot;,&quot;copyright&quot;:&quot;&quot;,&quot;focal_length&quot;:&quot;0&quot;,&quot;iso&quot;:&quot;0&quot;,&quot;shutter_speed&quot;:&quot;0&quot;,&quot;title&quot;:&quot;&quot;,&quot;orientation&quot;:&quot;0&quot;}\" data-image-title=\"IMG_6137\" data-image-description=\"\" data-image-caption=\"\" data-medium-file=\"https:\/\/i0.wp.com\/blogdalucianaoliveira.com.br\/blog\/wp-content\/uploads\/2017\/09\/IMG_6137.jpg?fit=300%2C171\" data-large-file=\"https:\/\/i0.wp.com\/blogdalucianaoliveira.com.br\/blog\/wp-content\/uploads\/2017\/09\/IMG_6137.jpg?fit=490%2C280\" src=\"https:\/\/i0.wp.com\/blogdalucianaoliveira.com.br\/blog\/wp-content\/uploads\/2017\/09\/IMG_6137.jpg?resize=490%2C280\" alt=\"IMG_6137\" width=\"490\" height=\"280\" class=\"alignnone size-full wp-image-13932\" srcset=\"https:\/\/i0.wp.com\/blogdalucianaoliveira.com.br\/blog\/wp-content\/uploads\/2017\/09\/IMG_6137.jpg?w=490 490w, https:\/\/i0.wp.com\/blogdalucianaoliveira.com.br\/blog\/wp-content\/uploads\/2017\/09\/IMG_6137.jpg?resize=300%2C171 300w\" sizes=\"auto, (max-width: 490px) 100vw, 490px\" \/><\/p>\n<p>No 247, por Leonardo Attuch &#8211; &#8220;Somos um partido pol\u00edtico sob a lideran\u00e7a de pessoas de carne e osso ou somos uma seita guiada por uma pretensa divindade?&#8221;, questionou o ex-ministro Antonio Palocci, hoje delator na Opera\u00e7\u00e3o Lava Jato, na carta em que pede sua desfilia\u00e7\u00e3o do PT.<!--more--><\/p>\n<p>Palocci, todos sabem, sempre foi de carne e osso. J\u00e1 era quando, ainda ministro da Fazenda, foi flagrado numa mans\u00e3o de lobby em Bras\u00edlia, frequentada por garotas de programa. Continuou de carne e osso quando, eleito deputado, assumiu o risco de ser tamb\u00e9m consultor de empresas durante os governos do PT \u2013 o que fatalmente levantaria suspeitas sobre eventual tr\u00e1fico de influ\u00eancia. Afinal, por maior que fosse a experi\u00eancia de Palocci na economia, os empres\u00e1rios que o contrataram, muitas vezes, estavam mais interessados nas suas boas rela\u00e7\u00f5es do que nos seus conhecimentos.<\/p>\n<p>Se Palocci \u00e9 humano, demasiadamente humano, passemos \u00e0 segunda quest\u00e3o. O ex-presidente Luiz In\u00e1cio Lula da Silva, alvo principal de Palocci em sua dela\u00e7\u00e3o, seria ent\u00e3o uma divindade, acima do bem e do mal? Bobagem. O argumento do ex-ministro serve apenas \u00e0 constru\u00e7\u00e3o de um mito: o de que os eleitores de Lula, l\u00edder em todas as pesquisas sobre sucess\u00e3o presidencial, seriam cegos, fan\u00e1ticos ou ignorantes. <\/p>\n<p>A realidade, no entanto, \u00e9 outra. N\u00e3o h\u00e1, dentro ou fora do PT, quem considere Lula um santo. Aqueles que o apoiam simplesmente reconhecem que, apesar dos erros, seus governos promoveram crescimento, distribui\u00e7\u00e3o de renda, empregos e autoestima entre os brasileiros \u2013 mercadorias que desapareceram da prateleira nos \u00faltimos anos. N\u00e3o \u00e9 por outra raz\u00e3o que Lula deixou o governo com 80% de aprova\u00e7\u00e3o. Em contraposi\u00e7\u00e3o, o Brasil de hoje tem um &#8220;presidente&#8221; aprovado por 3% da popula\u00e7\u00e3o.<\/p>\n<p>Lula seria ent\u00e3o uma esp\u00e9cie de &#8220;rouba mas faz&#8221; ou um &#8220;bandido de estima\u00e7\u00e3o&#8221; dos fan\u00e1ticos da igrejinha petista? Outro argumento que n\u00e3o cola entre muitos brasileiros por uma raz\u00e3o simples. Basta compar\u00e1-lo com a concorr\u00eancia. Michel Temer, mantido no poder sob o sil\u00eancio c\u00famplice dos que atacam a &#8220;seita&#8221;, foi apontado como chefe de uma quadrilha que desviou R$ 567 milh\u00f5es nos \u00faltimos anos. A\u00e9cio Neves, respons\u00e1vel pelo golpe de 2016, foi flagrado num esquema de propinas de R$ 2 milh\u00f5es e tem sido bajulado pelos presidenci\u00e1veis tucanos \u2013 apesar disso, ningu\u00e9m questiona se o PSDB \u00e9 uma seita.<\/p>\n<p>Num mundo ideal, Lula talvez pudesse ser uma esp\u00e9cie de Jos\u00e9 Pepe Mujica. Mas o fato \u00e9 que ele foi presidente de um pa\u00eds que caminhava para ser a quinta economia do mundo, antes de desabar e cair pelas tabelas com o golpe de 2016, inserida numa cultura em que sempre foram prom\u00edscuas as rela\u00e7\u00f5es p\u00fablico-privadas. Evidente que, hoje, o pr\u00f3prio Lula h\u00e1 de questionar se n\u00e3o manteve rela\u00e7\u00f5es pr\u00f3ximas demais com determinadas empresas. Mas, novamente, a sociedade enxerga a hipocrisia quando observa a diferen\u00e7a de crit\u00e9rios que pauta o Poder Judici\u00e1rio. Afinal, por que as doa\u00e7\u00f5es da Odebrecht ao Instituto Lula s\u00e3o criminosas e ao Instituto Fernando Henrique Cardoso s\u00e3o contribui\u00e7\u00f5es para o debate democr\u00e1tico? Por que amigos n\u00e3o podem emprestar um s\u00edtio em Atibaia (SP) a Lula e FHC pode ter um apartamento \u00e0 sua disposi\u00e7\u00e3o em Paris?<\/p>\n<p>Esses s\u00e3o apenas alguns exemplos do duplo padr\u00e3o moral da elite brasileira, que ainda n\u00e3o compreendeu que uma elei\u00e7\u00e3o no Brasil n\u00e3o \u00e9 uma competi\u00e7\u00e3o entre santos \u2013 ou divindades, para usarmos a express\u00e3o de Palocci. Trata-se, t\u00e3o-somente, de uma disputa entre projetos de desenvolvimento para o Pa\u00eds. E aquilo que o eleitor maduro compara \u00e9 o resultado. Quem, afinal, \u00e9 capaz de promover maior bem-estar para a maioria da popula\u00e7\u00e3o? \u00c9 somente isso o que explica o desempenho de Lula nas pesquisas e tamb\u00e9m o fato de Palocci ainda ser a bala de prata contra Lula.<\/p>\n","protected":false},"excerpt":{"rendered":"<p>No 247, por Leonardo Attuch &#8211; &#8220;Somos um partido pol\u00edtico sob a lideran\u00e7a de pessoas de carne e osso ou somos uma seita guiada por uma pretensa divindade?&#8221;, questionou o ex-ministro Antonio Palocci, hoje delator na Opera\u00e7\u00e3o Lava Jato, na carta em que pede sua desfilia\u00e7\u00e3o do PT.<\/p>\n","protected":false},"author":1,"featured_media":0,"comment_status":"closed","ping_status":"open","sticky":false,"template":"","format":"standard","meta":{"_exactmetrics_skip_tracking":false,"_exactmetrics_sitenote_active":false,"_exactmetrics_sitenote_note":"","_exactmetrics_sitenote_category":0,"jetpack_post_was_ever_published":false,"_jetpack_newsletter_access":"","_jetpack_dont_email_post_to_subs":false,"_jetpack_newsletter_tier_id":0,"_jetpack_memberships_contains_paywalled_content":false,"_jetpack_memberships_contains_paid_content":false,"footnotes":"","jetpack_publicize_message":"","jetpack_publicize_feature_enabled":true,"jetpack_social_post_already_shared":true,"jetpack_social_options":{"image_generator_settings":{"template":"highway","enabled":false},"version":2}},"categories":[1],"tags":[],"class_list":["post-13931","post","type-post","status-publish","format-standard","hentry","category-notas"],"jetpack_publicize_connections":[],"jetpack_sharing_enabled":true,"jetpack_featured_media_url":"","jetpack_shortlink":"https:\/\/wp.me\/p7wKYW-3CH","jetpack-related-posts":[],"_links":{"self":[{"href":"http:\/\/blogdalucianaoliveira.com.br\/blog\/wp-json\/wp\/v2\/posts\/13931","targetHints":{"allow":["GET"]}}],"collection":[{"href":"http:\/\/blogdalucianaoliveira.com.br\/blog\/wp-json\/wp\/v2\/posts"}],"about":[{"href":"http:\/\/blogdalucianaoliveira.com.br\/blog\/wp-json\/wp\/v2\/types\/post"}],"author":[{"embeddable":true,"href":"http:\/\/blogdalucianaoliveira.com.br\/blog\/wp-json\/wp\/v2\/users\/1"}],"replies":[{"embeddable":true,"href":"http:\/\/blogdalucianaoliveira.com.br\/blog\/wp-json\/wp\/v2\/comments?post=13931"}],"version-history":[{"count":1,"href":"http:\/\/blogdalucianaoliveira.com.br\/blog\/wp-json\/wp\/v2\/posts\/13931\/revisions"}],"predecessor-version":[{"id":13933,"href":"http:\/\/blogdalucianaoliveira.com.br\/blog\/wp-json\/wp\/v2\/posts\/13931\/revisions\/13933"}],"wp:attachment":[{"href":"http:\/\/blogdalucianaoliveira.com.br\/blog\/wp-json\/wp\/v2\/media?parent=13931"}],"wp:term":[{"taxonomy":"category","embeddable":true,"href":"http:\/\/blogdalucianaoliveira.com.br\/blog\/wp-json\/wp\/v2\/categories?post=13931"},{"taxonomy":"post_tag","embeddable":true,"href":"http:\/\/blogdalucianaoliveira.com.br\/blog\/wp-json\/wp\/v2\/tags?post=13931"}],"curies":[{"name":"wp","href":"https:\/\/api.w.org\/{rel}","templated":true}]}}