{"id":13941,"date":"2017-09-29T15:49:46","date_gmt":"2017-09-29T19:49:46","guid":{"rendered":"http:\/\/blogdalucianaoliveira.com.br\/blog\/?p=13941"},"modified":"2017-09-29T15:49:46","modified_gmt":"2017-09-29T19:49:46","slug":"escola-sem-partido-ja-virou-lei-em-pelo-menos-quatro-cidades-brasileiras","status":"publish","type":"post","link":"http:\/\/blogdalucianaoliveira.com.br\/blog\/2017\/09\/29\/escola-sem-partido-ja-virou-lei-em-pelo-menos-quatro-cidades-brasileiras\/","title":{"rendered":"Escola Sem Partido j\u00e1 virou lei em pelo menos quatro cidades brasileiras"},"content":{"rendered":"<p><img data-recalc-dims=\"1\" loading=\"lazy\" decoding=\"async\" data-attachment-id=\"13943\" data-permalink=\"http:\/\/blogdalucianaoliveira.com.br\/blog\/2017\/09\/29\/escola-sem-partido-ja-virou-lei-em-pelo-menos-quatro-cidades-brasileiras\/politica-escola-810x446_c\/\" data-orig-file=\"https:\/\/i0.wp.com\/blogdalucianaoliveira.com.br\/blog\/wp-content\/uploads\/2017\/09\/pol%C3%ADtica-escola-810x446_c.jpg?fit=810%2C446\" data-orig-size=\"810,446\" data-comments-opened=\"0\" data-image-meta=\"{&quot;aperture&quot;:&quot;0&quot;,&quot;credit&quot;:&quot;&quot;,&quot;camera&quot;:&quot;&quot;,&quot;caption&quot;:&quot;&quot;,&quot;created_timestamp&quot;:&quot;0&quot;,&quot;copyright&quot;:&quot;&quot;,&quot;focal_length&quot;:&quot;0&quot;,&quot;iso&quot;:&quot;0&quot;,&quot;shutter_speed&quot;:&quot;0&quot;,&quot;title&quot;:&quot;&quot;,&quot;orientation&quot;:&quot;0&quot;}\" data-image-title=\"pol\u00edtica-escola-810x446_c\" data-image-description=\"\" data-image-caption=\"\" data-medium-file=\"https:\/\/i0.wp.com\/blogdalucianaoliveira.com.br\/blog\/wp-content\/uploads\/2017\/09\/pol%C3%ADtica-escola-810x446_c.jpg?fit=300%2C165\" data-large-file=\"https:\/\/i0.wp.com\/blogdalucianaoliveira.com.br\/blog\/wp-content\/uploads\/2017\/09\/pol%C3%ADtica-escola-810x446_c.jpg?fit=600%2C330\" src=\"https:\/\/i0.wp.com\/blogdalucianaoliveira.com.br\/blog\/wp-content\/uploads\/2017\/09\/pol%C3%ADtica-escola-810x446_c.jpg?resize=600%2C330\" alt=\"pol\u00edtica-escola-810x446_c\" width=\"600\" height=\"330\" class=\"alignnone size-full wp-image-13943\" srcset=\"https:\/\/i0.wp.com\/blogdalucianaoliveira.com.br\/blog\/wp-content\/uploads\/2017\/09\/pol%C3%ADtica-escola-810x446_c.jpg?w=810 810w, https:\/\/i0.wp.com\/blogdalucianaoliveira.com.br\/blog\/wp-content\/uploads\/2017\/09\/pol%C3%ADtica-escola-810x446_c.jpg?resize=300%2C165 300w, https:\/\/i0.wp.com\/blogdalucianaoliveira.com.br\/blog\/wp-content\/uploads\/2017\/09\/pol%C3%ADtica-escola-810x446_c.jpg?resize=768%2C423 768w, https:\/\/i0.wp.com\/blogdalucianaoliveira.com.br\/blog\/wp-content\/uploads\/2017\/09\/pol%C3%ADtica-escola-810x446_c.jpg?resize=545%2C300 545w\" sizes=\"auto, (max-width: 600px) 100vw, 600px\" \/><\/p>\n<p>O projeto foi aprovado pela C\u00e2mara de Vereadores de Jundia\u00ed na \u00faltima ter\u00e7a-feira (26)<!--more--><\/p>\n<p>J\u00falia Dolce<br \/>\nBrasil de Fato | S\u00e3o Paulo (SP)<\/p>\n<p>O Movimento Escola sem Partido j\u00e1 emplacou, pelo menos, 62 projetos de lei em Casas legislativas municipais por todo o pa\u00eds. Ao todo, quatro cidades j\u00e1 aprovaram o projeto.<\/p>\n<p>Idealizados em 2004 como uma suposta iniciativa para combater o que os idealizadores chamam de &#8216;doutrina\u00e7\u00e3o pol\u00edtico-partid\u00e1ria&#8217; na educa\u00e7\u00e3o, os projetos s\u00e3o apoiados por partidos como o PSDB, e organiza\u00e7\u00f5es como o Movimento Brasil Livre (MBL).<\/p>\n<p>O fatiamento \u00e0 n\u00edvel municipal \u00e9 uma estrat\u00e9gia dos defensores do Escola sem Partido diante da resist\u00eancia de setores progressistas da sociedade, que consideram o projeto um cerceamento da liberdade de express\u00e3o.<\/p>\n<p>\u00c9 o que explica Maria Izabel Azevedo, a Bebel, presidenta do Sindicato dos Professores do Ensino Oficial do Estado de S\u00e3o Paulo (Apeoesp).<\/p>\n<p>&#8220;Come\u00e7aram a &#8220;pegar&#8221; munic\u00edpios para chegar nos estados, com o objetivo de dificultar a mobiliza\u00e7\u00e3o, porque quando voc\u00ea coloca o projeto na Assembleia Legislativa do Estado faz mobiliza\u00e7\u00f5es muito maiores&#8221;, disse.<\/p>\n<p>Um exemplo desta mobiliza\u00e7\u00e3o \u00e9 a cidade de Jundia\u00ed, em S\u00e3o Paulo. Na \u00faltima ter\u00e7a-feira, a C\u00e2mara de Vereadores aprovou o Escola sem Partido, por meio do PL 12.346.<\/p>\n<p>Para a professora Luc\u00edlia Maria, integrante da organiza\u00e7\u00e3o Professores contra o Escola Sem Partido, o projeto j\u00e1 est\u00e1 censurando os professores nas escolas mesmo antes de sua aprova\u00e7\u00e3o.<\/p>\n<p>Luc\u00edlia leciona no ensino estadual do Rio de Janeiro, onde pelo menos quatro projetos inspirados no Escola sem Partido est\u00e3o em tramita\u00e7\u00e3o.<\/p>\n<p>&#8220;A gente teve ano passado uma professora denunciada por um aluno, e essa den\u00fancia caiu nas p\u00e1ginas do Escola Sem Partido. A escola sofreu san\u00e7\u00f5es e a professora est\u00e1 respondendo a um inqu\u00e9rito administrativo&#8221;, disse.<\/p>\n<p>Na opini\u00e3o de Luc\u00edlia, funcion\u00e1rios p\u00fablicos e movimentos populares t\u00eam que se unir aos professores na resist\u00eancia contra o projeto. &#8220;Ele \u00e9 um retrocesso absoluto do ponto de vista da educa\u00e7\u00e3o e da forma\u00e7\u00e3o de jovens e adultos que t\u00eam que ter acesso a um conhecimento produzido pela sociedade. A gente n\u00e3o pode deixa esse crime avan\u00e7ar&#8221;, pontuou.<\/p>\n<p>A Apeoesp tem participado de audi\u00eancias p\u00fablicas nas cidades onde os projetos est\u00e3o em tramita\u00e7\u00e3o. O objetivo \u00e9 enfrentar sua aprova\u00e7\u00e3o, segundo Bebel. &#8220;A gente v\u00ea claramente a discrimina\u00e7\u00e3o n\u00e3o \u00e9 contra partido, \u00e9 contra um determinado partido, ou os que tiverem ideias que n\u00e3o sejam conservadoras. 05:49 Onde n\u00e3o aconteceu [a aprova\u00e7\u00e3o] n\u00f3s vamos fazer o enfrentamento, onde aconteceu n\u00f3s vamos trabalhar na linha da desobedi\u00eancia civil&#8221;, disse.<\/p>\n<p>Ao todo, o Escola sem Partido j\u00e1 vigora em pelo menos outras tr\u00eas cidades brasileiras: Campo Grande, no Mato Grosso do Sul; Santa Cruz do Monte Castelo, no Paran\u00e1; e Picu\u00ed, na Para\u00edba. \u00c0 n\u00edvel nacional, tramitam no Congresso 10 diferentes programas que visam mudar a legisla\u00e7\u00e3o na Educa\u00e7\u00e3o.<\/p>\n<p><img data-recalc-dims=\"1\" loading=\"lazy\" decoding=\"async\" data-attachment-id=\"13942\" data-permalink=\"http:\/\/blogdalucianaoliveira.com.br\/blog\/2017\/09\/29\/escola-sem-partido-ja-virou-lei-em-pelo-menos-quatro-cidades-brasileiras\/lei\/\" data-orig-file=\"https:\/\/i0.wp.com\/blogdalucianaoliveira.com.br\/blog\/wp-content\/uploads\/2017\/09\/lei.png?fit=680%2C4900\" data-orig-size=\"680,4900\" data-comments-opened=\"0\" data-image-meta=\"{&quot;aperture&quot;:&quot;0&quot;,&quot;credit&quot;:&quot;&quot;,&quot;camera&quot;:&quot;&quot;,&quot;caption&quot;:&quot;&quot;,&quot;created_timestamp&quot;:&quot;0&quot;,&quot;copyright&quot;:&quot;&quot;,&quot;focal_length&quot;:&quot;0&quot;,&quot;iso&quot;:&quot;0&quot;,&quot;shutter_speed&quot;:&quot;0&quot;,&quot;title&quot;:&quot;&quot;,&quot;orientation&quot;:&quot;0&quot;}\" data-image-title=\"lei\" data-image-description=\"\" data-image-caption=\"\" data-medium-file=\"https:\/\/i0.wp.com\/blogdalucianaoliveira.com.br\/blog\/wp-content\/uploads\/2017\/09\/lei.png?fit=42%2C300\" data-large-file=\"https:\/\/i0.wp.com\/blogdalucianaoliveira.com.br\/blog\/wp-content\/uploads\/2017\/09\/lei.png?fit=142%2C1024\" src=\"https:\/\/i0.wp.com\/blogdalucianaoliveira.com.br\/blog\/wp-content\/uploads\/2017\/09\/lei.png?resize=600%2C4324\" alt=\"lei\" width=\"600\" height=\"4324\" class=\"alignnone size-full wp-image-13942\" srcset=\"https:\/\/i0.wp.com\/blogdalucianaoliveira.com.br\/blog\/wp-content\/uploads\/2017\/09\/lei.png?w=680 680w, https:\/\/i0.wp.com\/blogdalucianaoliveira.com.br\/blog\/wp-content\/uploads\/2017\/09\/lei.png?resize=142%2C1024 142w\" sizes=\"auto, (max-width: 600px) 100vw, 600px\" \/><\/p>\n","protected":false},"excerpt":{"rendered":"<p>O projeto foi aprovado pela C\u00e2mara de Vereadores de Jundia\u00ed na \u00faltima ter\u00e7a-feira (26)<\/p>\n","protected":false},"author":1,"featured_media":13943,"comment_status":"closed","ping_status":"open","sticky":false,"template":"","format":"standard","meta":{"_exactmetrics_skip_tracking":false,"_exactmetrics_sitenote_active":false,"_exactmetrics_sitenote_note":"","_exactmetrics_sitenote_category":0,"jetpack_post_was_ever_published":false,"_jetpack_newsletter_access":"","_jetpack_dont_email_post_to_subs":false,"_jetpack_newsletter_tier_id":0,"_jetpack_memberships_contains_paywalled_content":false,"_jetpack_memberships_contains_paid_content":false,"footnotes":"","jetpack_publicize_message":"","jetpack_publicize_feature_enabled":true,"jetpack_social_post_already_shared":true,"jetpack_social_options":{"image_generator_settings":{"template":"highway","enabled":false},"version":2}},"categories":[1],"tags":[],"class_list":["post-13941","post","type-post","status-publish","format-standard","has-post-thumbnail","hentry","category-notas"],"jetpack_publicize_connections":[],"jetpack_sharing_enabled":true,"jetpack_featured_media_url":"https:\/\/i0.wp.com\/blogdalucianaoliveira.com.br\/blog\/wp-content\/uploads\/2017\/09\/pol%C3%ADtica-escola-810x446_c.jpg?fit=810%2C446","jetpack_shortlink":"https:\/\/wp.me\/p7wKYW-3CR","jetpack-related-posts":[],"_links":{"self":[{"href":"http:\/\/blogdalucianaoliveira.com.br\/blog\/wp-json\/wp\/v2\/posts\/13941","targetHints":{"allow":["GET"]}}],"collection":[{"href":"http:\/\/blogdalucianaoliveira.com.br\/blog\/wp-json\/wp\/v2\/posts"}],"about":[{"href":"http:\/\/blogdalucianaoliveira.com.br\/blog\/wp-json\/wp\/v2\/types\/post"}],"author":[{"embeddable":true,"href":"http:\/\/blogdalucianaoliveira.com.br\/blog\/wp-json\/wp\/v2\/users\/1"}],"replies":[{"embeddable":true,"href":"http:\/\/blogdalucianaoliveira.com.br\/blog\/wp-json\/wp\/v2\/comments?post=13941"}],"version-history":[{"count":1,"href":"http:\/\/blogdalucianaoliveira.com.br\/blog\/wp-json\/wp\/v2\/posts\/13941\/revisions"}],"predecessor-version":[{"id":13944,"href":"http:\/\/blogdalucianaoliveira.com.br\/blog\/wp-json\/wp\/v2\/posts\/13941\/revisions\/13944"}],"wp:featuredmedia":[{"embeddable":true,"href":"http:\/\/blogdalucianaoliveira.com.br\/blog\/wp-json\/wp\/v2\/media\/13943"}],"wp:attachment":[{"href":"http:\/\/blogdalucianaoliveira.com.br\/blog\/wp-json\/wp\/v2\/media?parent=13941"}],"wp:term":[{"taxonomy":"category","embeddable":true,"href":"http:\/\/blogdalucianaoliveira.com.br\/blog\/wp-json\/wp\/v2\/categories?post=13941"},{"taxonomy":"post_tag","embeddable":true,"href":"http:\/\/blogdalucianaoliveira.com.br\/blog\/wp-json\/wp\/v2\/tags?post=13941"}],"curies":[{"name":"wp","href":"https:\/\/api.w.org\/{rel}","templated":true}]}}