{"id":13945,"date":"2017-09-29T18:27:48","date_gmt":"2017-09-29T22:27:48","guid":{"rendered":"http:\/\/blogdalucianaoliveira.com.br\/blog\/?p=13945"},"modified":"2017-09-29T18:46:03","modified_gmt":"2017-09-29T22:46:03","slug":"senadores-de-rondonia-esquecem-pais-em-frangalhos-por-disputa-politica","status":"publish","type":"post","link":"http:\/\/blogdalucianaoliveira.com.br\/blog\/2017\/09\/29\/senadores-de-rondonia-esquecem-pais-em-frangalhos-por-disputa-politica\/","title":{"rendered":"SENADORES DE ROND\u00d4NIA ESQUECEM PA\u00cdS EM FRANGALHOS POR DISPUTA POL\u00cdTICA"},"content":{"rendered":"<p><img data-recalc-dims=\"1\" loading=\"lazy\" decoding=\"async\" data-attachment-id=\"13947\" data-permalink=\"http:\/\/blogdalucianaoliveira.com.br\/blog\/2017\/09\/29\/senadores-de-rondonia-esquecem-pais-em-frangalhos-por-disputa-politica\/bate\/\" data-orig-file=\"https:\/\/i0.wp.com\/blogdalucianaoliveira.com.br\/blog\/wp-content\/uploads\/2017\/09\/BATE.jpg?fit=700%2C467\" data-orig-size=\"700,467\" data-comments-opened=\"0\" data-image-meta=\"{&quot;aperture&quot;:&quot;0&quot;,&quot;credit&quot;:&quot;&quot;,&quot;camera&quot;:&quot;&quot;,&quot;caption&quot;:&quot;&quot;,&quot;created_timestamp&quot;:&quot;0&quot;,&quot;copyright&quot;:&quot;&quot;,&quot;focal_length&quot;:&quot;0&quot;,&quot;iso&quot;:&quot;0&quot;,&quot;shutter_speed&quot;:&quot;0&quot;,&quot;title&quot;:&quot;&quot;,&quot;orientation&quot;:&quot;1&quot;}\" data-image-title=\"BATE\" data-image-description=\"\" data-image-caption=\"\" data-medium-file=\"https:\/\/i0.wp.com\/blogdalucianaoliveira.com.br\/blog\/wp-content\/uploads\/2017\/09\/BATE.jpg?fit=300%2C200\" data-large-file=\"https:\/\/i0.wp.com\/blogdalucianaoliveira.com.br\/blog\/wp-content\/uploads\/2017\/09\/BATE.jpg?fit=600%2C400\" src=\"https:\/\/i0.wp.com\/blogdalucianaoliveira.com.br\/blog\/wp-content\/uploads\/2017\/09\/BATE.jpg?resize=600%2C400\" alt=\"BATE\" width=\"600\" height=\"400\" class=\"alignnone size-full wp-image-13947\" srcset=\"https:\/\/i0.wp.com\/blogdalucianaoliveira.com.br\/blog\/wp-content\/uploads\/2017\/09\/BATE.jpg?w=700 700w, https:\/\/i0.wp.com\/blogdalucianaoliveira.com.br\/blog\/wp-content\/uploads\/2017\/09\/BATE.jpg?resize=300%2C200 300w, https:\/\/i0.wp.com\/blogdalucianaoliveira.com.br\/blog\/wp-content\/uploads\/2017\/09\/BATE.jpg?resize=450%2C300 450w\" sizes=\"auto, (max-width: 600px) 100vw, 600px\" \/><\/p>\n<p>A convuls\u00e3o entre o Supremo Tribunal Federal e o Senado provocada pela determina\u00e7\u00e3o do afastamento do senador A\u00e9cio Neves (PSDB), com recolhimento noturno, deveria ser a principal preocupa\u00e7\u00e3o dos senadores Acir Gurgacz (PDT) e Ivo Cassol (PP) neste momento.<\/p>\n<p>Mas, n\u00e3o. Eles deixaram de lado a inquieta\u00e7\u00e3o com a amea\u00e7a de uma crise institucional para cuidar dos pr\u00f3prios interesses em torno da disputa pol\u00edtica em 2018.<!--more--><\/p>\n<p>Os senadores trocaram acusa\u00e7\u00f5es pesadas de crimes, sem nenhum farelo de compostura.<\/p>\n<p>A cr\u00edtica de Cassol a um projeto de Acir, que pune taxistas que fazem transporte intermunicipal de passageiros, descambou num debate ordin\u00e1rio nas redes sociais e na imprensa.<\/p>\n<div class=\"jetpack-video-wrapper\"><iframe loading=\"lazy\" title=\"\ud83d\udd34 Cassol critica projeto de Gurgacz  que pro\u00edbe corrida de t\u00e1xi entre munic\u00edpios\" width=\"600\" height=\"338\" src=\"https:\/\/www.youtube.com\/embed\/ENrwu28FMJU?feature=oembed\" frameborder=\"0\" allow=\"accelerometer; autoplay; clipboard-write; encrypted-media; gyroscope; picture-in-picture; web-share\" referrerpolicy=\"strict-origin-when-cross-origin\" allowfullscreen><\/iframe><\/div>\n<p>Por ter insinuado oportunismo do autor do projeto, j\u00e1 que a fam\u00edlia Gurgacz \u00e9 quem domina o setor de transporte de passageiros e cargas no estado, Cassol foi chamado de in\u00fatil e ladr\u00e3o.<\/p>\n<p>\u201cEle n\u00e3o faz nada aqui em Bras\u00edlia, a n\u00e3o ser se defender nos seus processos. Gasta milh\u00f5es de reais, dinheiro que roubou, desviou das compensa\u00e7\u00f5es das usinas de Rond\u00f4nia, gasta aqui em Bras\u00edlia contratando advogados pra n\u00e3o ser preso. J\u00e1 tinha que estar na cadeia! Foi condenado \u00e0 pris\u00e3o por desvio de dinheiro p\u00fablico&#8221;, disse o senador Acir Gurgacz visivelmente irritado.<\/p>\n<div class=\"jetpack-video-wrapper\"><iframe loading=\"lazy\" title=\"Senador Acir Gurgacz diz que  Cassol gasta milh\u00f5es que roubou com advogados em Bras\u00edlia\" width=\"600\" height=\"338\" src=\"https:\/\/www.youtube.com\/embed\/TEFrZ0dGK-E?feature=oembed\" frameborder=\"0\" allow=\"accelerometer; autoplay; clipboard-write; encrypted-media; gyroscope; picture-in-picture; web-share\" referrerpolicy=\"strict-origin-when-cross-origin\" allowfullscreen><\/iframe><\/div>\n<p>Como Cassol adora explorar uma pol\u00eamica com muita pavulagem, no dia seguinte foi \u00e0 uma r\u00e1dio em seu reduto eleitoral e domic\u00edlio para responder ao \u2018colega\u2019 de parlamento.<\/p>\n<p>Ivo reclamou falta de \u00e9tica, respeito a seus familiares, declarou que vai processar Acir nas esferas c\u00edvel e criminal por ofensas que \u2018engra\u00e7adamente\u2019 respondeu no mesmo tom, inclusive confessando que \u00e9 um pol\u00edtico do tipo \u2018mal lavado\u2019.<\/p>\n<p>\u201cO sujo vem querer falar do mal lavado? Ah, Acir&#8230;Toma vergonha na tua cara! Vai pedir perd\u00e3o pro povo! Voc\u00ea n\u00e3o tem moral pra isso? \u201d<\/p>\n<p>https:\/\/soundcloud.com\/painelpolitico\/ivo-cassol-rebate-acir-gurgacz-vou-processar<\/p>\n<p>Se esperavam aplausos com essa discuss\u00e3o indigna de senadores da rep\u00fablica, o resultado foi outro.<\/p>\n<p>Embora muitos se divirtam com a baixaria protagonizada por dois representantes de Rond\u00f4nia no Senado, o senso comum \u00e9 de que ambos deveriam estar preocupados com o desmantelo econ\u00f4mico e pol\u00edtico que parou o pa\u00eds e com a imin\u00eancia de agravamento caso se aprofunde a crise entre os poderes.<\/p>\n<p>Este epis\u00f3dio s\u00f3 aumentou a catinga de corrup\u00e7\u00e3o que \u00e9 sentida quando grupos poderosos se engalfinham.<\/p>\n<p>Acir \u00e9 forte concorrente ao governo do estado, mas Cassol foi condenado \u00e0 unanimidade no STF a quase 5 anos de pris\u00e3o por fraude em licita\u00e7\u00f5es quando foi prefeito de Rolim de moura. O julgamento foi suspenso por pedido de vistas que vai definir s\u00f3 sobre redu\u00e7\u00e3o da pena.<\/p>\n<p>Em dezembro de 2016, o Minist\u00e9rio P\u00fablico Federal em Rond\u00f4nia ingressou com oito novas a\u00e7\u00f5es tamb\u00e9m por fraude em licita\u00e7\u00f5es relativas ao per\u00edodo em que Cassol foi governador.<\/p>\n<p>Isso coloca Cassol mais para o sujo que ao mal lavado no debate com Acir.<\/p>\n<p>Nas redes sociais a compreens\u00e3o \u00e9 de que um tenta denegrir a imagem do outro visando a disputa eleitoral que se aproxima e j\u00e1 tem torcida para que ambos consigam \u00eaxito.<\/p>\n","protected":false},"excerpt":{"rendered":"<p>A convuls\u00e3o entre o Supremo Tribunal Federal e o Senado provocada pela determina\u00e7\u00e3o do afastamento do senador A\u00e9cio Neves (PSDB), com recolhimento noturno, deveria ser a principal preocupa\u00e7\u00e3o dos senadores Acir Gurgacz (PDT) e Ivo Cassol (PP) neste momento. Mas, n\u00e3o. Eles deixaram de lado a inquieta\u00e7\u00e3o com a amea\u00e7a de uma crise institucional para&#8230;<a class=\"more-link\" href=\"http:\/\/blogdalucianaoliveira.com.br\/blog\/2017\/09\/29\/senadores-de-rondonia-esquecem-pais-em-frangalhos-por-disputa-politica\/\">Continue a leitura <span class=\"meta-nav\">&raquo;<\/span><\/a><\/p>\n","protected":false},"author":1,"featured_media":13947,"comment_status":"closed","ping_status":"open","sticky":false,"template":"","format":"standard","meta":{"_exactmetrics_skip_tracking":false,"_exactmetrics_sitenote_active":false,"_exactmetrics_sitenote_note":"","_exactmetrics_sitenote_category":0,"jetpack_post_was_ever_published":false,"_jetpack_newsletter_access":"","_jetpack_dont_email_post_to_subs":false,"_jetpack_newsletter_tier_id":0,"_jetpack_memberships_contains_paywalled_content":false,"_jetpack_memberships_contains_paid_content":false,"footnotes":"","jetpack_publicize_message":"","jetpack_publicize_feature_enabled":true,"jetpack_social_post_already_shared":true,"jetpack_social_options":{"image_generator_settings":{"template":"highway","enabled":false},"version":2}},"categories":[1],"tags":[],"class_list":["post-13945","post","type-post","status-publish","format-standard","has-post-thumbnail","hentry","category-notas"],"jetpack_publicize_connections":[],"jetpack_sharing_enabled":true,"jetpack_featured_media_url":"https:\/\/i0.wp.com\/blogdalucianaoliveira.com.br\/blog\/wp-content\/uploads\/2017\/09\/BATE.jpg?fit=700%2C467","jetpack_shortlink":"https:\/\/wp.me\/p7wKYW-3CV","jetpack-related-posts":[],"_links":{"self":[{"href":"http:\/\/blogdalucianaoliveira.com.br\/blog\/wp-json\/wp\/v2\/posts\/13945","targetHints":{"allow":["GET"]}}],"collection":[{"href":"http:\/\/blogdalucianaoliveira.com.br\/blog\/wp-json\/wp\/v2\/posts"}],"about":[{"href":"http:\/\/blogdalucianaoliveira.com.br\/blog\/wp-json\/wp\/v2\/types\/post"}],"author":[{"embeddable":true,"href":"http:\/\/blogdalucianaoliveira.com.br\/blog\/wp-json\/wp\/v2\/users\/1"}],"replies":[{"embeddable":true,"href":"http:\/\/blogdalucianaoliveira.com.br\/blog\/wp-json\/wp\/v2\/comments?post=13945"}],"version-history":[{"count":6,"href":"http:\/\/blogdalucianaoliveira.com.br\/blog\/wp-json\/wp\/v2\/posts\/13945\/revisions"}],"predecessor-version":[{"id":13952,"href":"http:\/\/blogdalucianaoliveira.com.br\/blog\/wp-json\/wp\/v2\/posts\/13945\/revisions\/13952"}],"wp:featuredmedia":[{"embeddable":true,"href":"http:\/\/blogdalucianaoliveira.com.br\/blog\/wp-json\/wp\/v2\/media\/13947"}],"wp:attachment":[{"href":"http:\/\/blogdalucianaoliveira.com.br\/blog\/wp-json\/wp\/v2\/media?parent=13945"}],"wp:term":[{"taxonomy":"category","embeddable":true,"href":"http:\/\/blogdalucianaoliveira.com.br\/blog\/wp-json\/wp\/v2\/categories?post=13945"},{"taxonomy":"post_tag","embeddable":true,"href":"http:\/\/blogdalucianaoliveira.com.br\/blog\/wp-json\/wp\/v2\/tags?post=13945"}],"curies":[{"name":"wp","href":"https:\/\/api.w.org\/{rel}","templated":true}]}}