{"id":13955,"date":"2017-09-30T10:22:41","date_gmt":"2017-09-30T14:22:41","guid":{"rendered":"http:\/\/blogdalucianaoliveira.com.br\/blog\/?p=13955"},"modified":"2017-09-30T10:22:41","modified_gmt":"2017-09-30T14:22:41","slug":"nova-humilhacao-23-premios-nobel-dizem-que-temer-ameaca-o-brasil","status":"publish","type":"post","link":"http:\/\/blogdalucianaoliveira.com.br\/blog\/2017\/09\/30\/nova-humilhacao-23-premios-nobel-dizem-que-temer-ameaca-o-brasil\/","title":{"rendered":"NOVA HUMILHA\u00c7\u00c3O: 23 PR\u00caMIOS NOBEL DIZEM QUE TEMER AMEA\u00c7A O BRASIL"},"content":{"rendered":"<p><img data-recalc-dims=\"1\" loading=\"lazy\" decoding=\"async\" data-attachment-id=\"13956\" data-permalink=\"http:\/\/blogdalucianaoliveira.com.br\/blog\/2017\/09\/30\/nova-humilhacao-23-premios-nobel-dizem-que-temer-ameaca-o-brasil\/img_6179\/\" data-orig-file=\"https:\/\/i0.wp.com\/blogdalucianaoliveira.com.br\/blog\/wp-content\/uploads\/2017\/09\/IMG_6179.jpg?fit=480%2C240\" data-orig-size=\"480,240\" data-comments-opened=\"0\" data-image-meta=\"{&quot;aperture&quot;:&quot;0&quot;,&quot;credit&quot;:&quot;&quot;,&quot;camera&quot;:&quot;&quot;,&quot;caption&quot;:&quot;&quot;,&quot;created_timestamp&quot;:&quot;0&quot;,&quot;copyright&quot;:&quot;&quot;,&quot;focal_length&quot;:&quot;0&quot;,&quot;iso&quot;:&quot;0&quot;,&quot;shutter_speed&quot;:&quot;0&quot;,&quot;title&quot;:&quot;&quot;,&quot;orientation&quot;:&quot;0&quot;}\" data-image-title=\"IMG_6179\" data-image-description=\"\" data-image-caption=\"\" data-medium-file=\"https:\/\/i0.wp.com\/blogdalucianaoliveira.com.br\/blog\/wp-content\/uploads\/2017\/09\/IMG_6179.jpg?fit=300%2C150\" data-large-file=\"https:\/\/i0.wp.com\/blogdalucianaoliveira.com.br\/blog\/wp-content\/uploads\/2017\/09\/IMG_6179.jpg?fit=480%2C240\" src=\"https:\/\/i0.wp.com\/blogdalucianaoliveira.com.br\/blog\/wp-content\/uploads\/2017\/09\/IMG_6179.jpg?resize=480%2C240\" alt=\"IMG_6179\" width=\"480\" height=\"240\" class=\"alignnone size-full wp-image-13956\" srcset=\"https:\/\/i0.wp.com\/blogdalucianaoliveira.com.br\/blog\/wp-content\/uploads\/2017\/09\/IMG_6179.jpg?w=480 480w, https:\/\/i0.wp.com\/blogdalucianaoliveira.com.br\/blog\/wp-content\/uploads\/2017\/09\/IMG_6179.jpg?resize=300%2C150 300w\" sizes=\"auto, (max-width: 480px) 100vw, 480px\" \/><\/p>\n<p>247 &#8211; Mais uma humilha\u00e7\u00e3o internacional para o Brasil.<!--more--><\/p>\n<p>Os cortes or\u00e7ament\u00e1rios em Ci\u00eancia e Tecnologia \u201ccomprometem seriamente o futuro do Brasil\u201d e precisam ser revistos \u201cantes que seja tarde demais\u201d, segundo um grupo de 23 ganhadores do Pr\u00eamio Nobel, que enviou nesta sexta-feira, 29, uma carta a Michel Temer, recomendando mudan\u00e7as na postura do governo com rela\u00e7\u00e3o ao setor.<\/p>\n<p>O documento, enviado por e-mail ao gabinete da Presid\u00eancia, faz refer\u00eancia ao corte de 44% no Or\u00e7amento deste ano do Minist\u00e9rio da Ci\u00eancia, Tecnologia, Inova\u00e7\u00f5es e Comunica\u00e7\u00f5es (MCTIC), assim como \u00e0 perspectiva de um novo corte em 2018 &#8211; que dever\u00e1 ser da ordem de 15%, caso o Projeto de Lei Or\u00e7ament\u00e1ria Anual enviado pelo governo ao Congresso seja aprovado como est\u00e1.<\/p>\n<p>\u201cIsso danificar\u00e1 o Brasil por muitos anos, com o desmantelamento de grupos de pesquisa internacionalmente reconhecidos e uma fuga de c\u00e9rebros que afetar\u00e1 os melhores jovens cientistas\u201d do Pa\u00eds, escrevem os pesquisadores.<\/p>\n<p>A carta \u00e9 assinada pelo f\u00edsico franc\u00eas Claude Cohen-Tannoudji e outros 22 laureados com o Pr\u00eamio Nobel nas \u00e1reas de F\u00edsica, Qu\u00edmica e Medicina. \u201cSabemos que a situa\u00e7\u00e3o econ\u00f4mica do Brasil \u00e9 muito dif\u00edcil, mas urgimos o senhor a reconsiderar sua decis\u00e3o antes que seja tarde demais\u201d, conclui a carta.<\/p>\n<p>\u201cA situa\u00e7\u00e3o \u00e9 tr\u00e1gica, n\u00e3o h\u00e1 outra palavra para descrev\u00ea-la\u201d, disse ao Estado o pesquisador David Gross, da Universidade da Calif\u00f3rnia em Santa B\u00e1rbara, vencedor do Nobel de F\u00edsica em 2004 e tamb\u00e9m signat\u00e1rio da carta. Ele prev\u00ea que muitos jovens pesquisadores brasileiros v\u00e3o desistir da carreira cient\u00edfica ou migrar para outros pa\u00edses, mais favor\u00e1veis \u00e0 ci\u00eancia.<\/p>\n","protected":false},"excerpt":{"rendered":"<p>247 &#8211; Mais uma humilha\u00e7\u00e3o internacional para o Brasil.<\/p>\n","protected":false},"author":1,"featured_media":0,"comment_status":"closed","ping_status":"open","sticky":false,"template":"","format":"standard","meta":{"_exactmetrics_skip_tracking":false,"_exactmetrics_sitenote_active":false,"_exactmetrics_sitenote_note":"","_exactmetrics_sitenote_category":0,"jetpack_post_was_ever_published":false,"_jetpack_newsletter_access":"","_jetpack_dont_email_post_to_subs":false,"_jetpack_newsletter_tier_id":0,"_jetpack_memberships_contains_paywalled_content":false,"_jetpack_memberships_contains_paid_content":false,"footnotes":"","jetpack_publicize_message":"","jetpack_publicize_feature_enabled":true,"jetpack_social_post_already_shared":true,"jetpack_social_options":{"image_generator_settings":{"template":"highway","enabled":false},"version":2}},"categories":[1],"tags":[],"class_list":["post-13955","post","type-post","status-publish","format-standard","hentry","category-notas"],"jetpack_publicize_connections":[],"jetpack_sharing_enabled":true,"jetpack_featured_media_url":"","jetpack_shortlink":"https:\/\/wp.me\/p7wKYW-3D5","jetpack-related-posts":[],"_links":{"self":[{"href":"http:\/\/blogdalucianaoliveira.com.br\/blog\/wp-json\/wp\/v2\/posts\/13955","targetHints":{"allow":["GET"]}}],"collection":[{"href":"http:\/\/blogdalucianaoliveira.com.br\/blog\/wp-json\/wp\/v2\/posts"}],"about":[{"href":"http:\/\/blogdalucianaoliveira.com.br\/blog\/wp-json\/wp\/v2\/types\/post"}],"author":[{"embeddable":true,"href":"http:\/\/blogdalucianaoliveira.com.br\/blog\/wp-json\/wp\/v2\/users\/1"}],"replies":[{"embeddable":true,"href":"http:\/\/blogdalucianaoliveira.com.br\/blog\/wp-json\/wp\/v2\/comments?post=13955"}],"version-history":[{"count":1,"href":"http:\/\/blogdalucianaoliveira.com.br\/blog\/wp-json\/wp\/v2\/posts\/13955\/revisions"}],"predecessor-version":[{"id":13959,"href":"http:\/\/blogdalucianaoliveira.com.br\/blog\/wp-json\/wp\/v2\/posts\/13955\/revisions\/13959"}],"wp:attachment":[{"href":"http:\/\/blogdalucianaoliveira.com.br\/blog\/wp-json\/wp\/v2\/media?parent=13955"}],"wp:term":[{"taxonomy":"category","embeddable":true,"href":"http:\/\/blogdalucianaoliveira.com.br\/blog\/wp-json\/wp\/v2\/categories?post=13955"},{"taxonomy":"post_tag","embeddable":true,"href":"http:\/\/blogdalucianaoliveira.com.br\/blog\/wp-json\/wp\/v2\/tags?post=13955"}],"curies":[{"name":"wp","href":"https:\/\/api.w.org\/{rel}","templated":true}]}}