{"id":13979,"date":"2017-10-02T19:10:09","date_gmt":"2017-10-02T23:10:09","guid":{"rendered":"http:\/\/blogdalucianaoliveira.com.br\/blog\/?p=13979"},"modified":"2017-10-02T19:10:09","modified_gmt":"2017-10-02T23:10:09","slug":"antes-de-se-matar-reitor-deixou-carta-sobre-vexame-a-que-foi-submetido","status":"publish","type":"post","link":"http:\/\/blogdalucianaoliveira.com.br\/blog\/2017\/10\/02\/antes-de-se-matar-reitor-deixou-carta-sobre-vexame-a-que-foi-submetido\/","title":{"rendered":"ANTES DE SE MATAR, REITOR DEIXOU CARTA SOBRE VEXAME A QUE FOI SUBMETIDO"},"content":{"rendered":"<p><img data-recalc-dims=\"1\" loading=\"lazy\" decoding=\"async\" data-attachment-id=\"13980\" data-permalink=\"http:\/\/blogdalucianaoliveira.com.br\/blog\/2017\/10\/02\/antes-de-se-matar-reitor-deixou-carta-sobre-vexame-a-que-foi-submetido\/mou\/\" data-orig-file=\"https:\/\/i0.wp.com\/blogdalucianaoliveira.com.br\/blog\/wp-content\/uploads\/2017\/10\/mou.jpg?fit=1000%2C357\" data-orig-size=\"1000,357\" data-comments-opened=\"0\" data-image-meta=\"{&quot;aperture&quot;:&quot;0&quot;,&quot;credit&quot;:&quot;&quot;,&quot;camera&quot;:&quot;&quot;,&quot;caption&quot;:&quot;&quot;,&quot;created_timestamp&quot;:&quot;0&quot;,&quot;copyright&quot;:&quot;&quot;,&quot;focal_length&quot;:&quot;0&quot;,&quot;iso&quot;:&quot;0&quot;,&quot;shutter_speed&quot;:&quot;0&quot;,&quot;title&quot;:&quot;&quot;,&quot;orientation&quot;:&quot;0&quot;}\" data-image-title=\"mou\" data-image-description=\"\" data-image-caption=\"\" data-medium-file=\"https:\/\/i0.wp.com\/blogdalucianaoliveira.com.br\/blog\/wp-content\/uploads\/2017\/10\/mou.jpg?fit=300%2C107\" data-large-file=\"https:\/\/i0.wp.com\/blogdalucianaoliveira.com.br\/blog\/wp-content\/uploads\/2017\/10\/mou.jpg?fit=600%2C214\" src=\"https:\/\/i0.wp.com\/blogdalucianaoliveira.com.br\/blog\/wp-content\/uploads\/2017\/10\/mou.jpg?resize=600%2C214\" alt=\"mou\" width=\"600\" height=\"214\" class=\"alignnone size-full wp-image-13980\" srcset=\"https:\/\/i0.wp.com\/blogdalucianaoliveira.com.br\/blog\/wp-content\/uploads\/2017\/10\/mou.jpg?w=1000 1000w, https:\/\/i0.wp.com\/blogdalucianaoliveira.com.br\/blog\/wp-content\/uploads\/2017\/10\/mou.jpg?resize=300%2C107 300w, https:\/\/i0.wp.com\/blogdalucianaoliveira.com.br\/blog\/wp-content\/uploads\/2017\/10\/mou.jpg?resize=768%2C274 768w, https:\/\/i0.wp.com\/blogdalucianaoliveira.com.br\/blog\/wp-content\/uploads\/2017\/10\/mou.jpg?resize=800%2C286 800w\" sizes=\"auto, (max-width: 600px) 100vw, 600px\" \/><\/p>\n<p>247 &#8211; Encontrado morto nesta segunda-feira 2 no Beiramar Shopping, em Florian\u00f3polis, o reitor afastado da Universidade Federal de Santa Catarina (UFSC), Luiz Carlos Cancellier, denunciou na semana passada o que chamou de &#8220;humilha\u00e7\u00e3o e vexame&#8221; a que foi submetido.<!--more--><\/p>\n<p>Por meio de nota, a assessoria do shopping informou que um homem teria cometido suic\u00eddio nesta manh\u00e3, se jogando do v\u00e3o central do empreendimento. Cancellier era alvo da Opera\u00e7\u00e3o Ouvidos Moucos, que apura desvios de recursos e irregularidades em cursos de ensino \u00e0 dist\u00e2ncia no programa Universidade Aberta do Brasil (UAB).<\/p>\n<p>Ele foi preso pela Pol\u00edcia Federal no dia 14 de setembro, junto com mais seis suspeitos, sendo liberado no dia seguinte, mas ainda proibido de entrar na universidade. Em um artigo publicado h\u00e1 quatro dias no jornal O Globo, ele nega com veem\u00eancia ter obstru\u00eddo a Justi\u00e7a, conforme apontava a acusa\u00e7\u00e3o contra ele.<\/p>\n<p>Tamb\u00e9m em nota, a Associa\u00e7\u00e3o Nacional dos Dirigentes das Institui\u00e7\u00f5es Federais de Ensino Superior (Andifes) afirma ser &#8220;inadmiss\u00edvel que o pa\u00eds continue tolerando pr\u00e1ticas de um Estado policial&#8221; e o N\u00facleo da Uni\u00e3o da Juventude Socialista na UFSC fala em &#8220;persegui\u00e7\u00e3o pol\u00edtica&#8221;. Confira abaixo a carta de Cancellier e as duas notas:<\/p>\n<p>&#8220;Reitor exilado&#8221;<\/p>\n<p>&#8220;N\u00e3o adotamos qualquer atitude para obstruir apura\u00e7\u00e3o da den\u00fancia<\/p>\n<p>A humilha\u00e7\u00e3o e o vexame a que fomos submetidos \u2014 eu e outros colegas da Universidade Federal de Santa Catarina (UFSC) \u2014 h\u00e1 uma semana n\u00e3o tem precedentes na hist\u00f3ria da institui\u00e7\u00e3o. No mesmo per\u00edodo em que fomos presos, levados ao complexo penitenci\u00e1rio, despidos de nossas vestes e encarcerados, paradoxalmente a universidade que comando desde maio de 2016 foi reconhecida como a sexta melhor institui\u00e7\u00e3o federal de ensino superior brasileira; avaliada com v\u00e1rios cursos de excel\u00eancia em p\u00f3s-gradua\u00e7\u00e3o pela Capes e homenageada pela Assembleia Legislativa de Santa Catarina. Nos \u00faltimos dias tivemos nossas vidas devassadas e nossa honra associada a uma &#8220;quadrilha&#8221;, acusada de desviar R$ 80 milh\u00f5es. E impedidos, mesmo ap\u00f3s libertados, de entrar na universidade.<\/p>\n<p>Quando assumimos, em maio de 2016, para mandato de quatro anos, uma de nossas mensagens mais marcantes sempre foi a da harmonia, do di\u00e1logo, do reconhecimento das diferen\u00e7as. Diz\u00edamos a quem quisesse ouvir que, &#8220;na UFSC, tem diversidade!&#8221;. A primeira rea\u00e7\u00e3o, portanto, ao ser conduzido de minha casa para a Pol\u00edcia Federal, acusado de obstru\u00e7\u00e3o de uma investiga\u00e7\u00e3o, foi de surpresa.<\/p>\n<p>Ao longo de minha trajet\u00f3ria como estudante de Direito (gradua\u00e7\u00e3o, mestrado e doutorado), depois docente, chefe do departamento, diretor do Centro de Ci\u00eancias Jur\u00eddicas e, afortunadamente, reitor, sempre exerci minhas atividades tendo como princ\u00edpio a media\u00e7\u00e3o e a resolu\u00e7\u00e3o de conflitos com respeito ao outro, levando a empatia ao limite extremo da compreens\u00e3o e da toler\u00e2ncia. Portanto, ser conduzido nas condi\u00e7\u00f5es em que ocorreu a pris\u00e3o deixou-me ainda perplexo e amedrontado.<\/p>\n<p>Para al\u00e9m das incont\u00e1veis manifesta\u00e7\u00f5es de apoio, de amigos e de desconhecidos, e da uni\u00e3o indissol\u00favel de uma equipe absolutamente solid\u00e1ria, conforta-me saber que a fragilidade das acusa\u00e7\u00f5es que sobre mim pesam n\u00e3o subsiste \u00e0 m\u00ednima capacidade de enxergar o que est\u00e1 por tr\u00e1s do equivocado processo que nos levou ao c\u00e1rcere. Uma investiga\u00e7\u00e3o interna que n\u00e3o nos ouviu; um processo baseado em depoimentos que n\u00e3o permitiram o contradit\u00f3rio e a ampla defesa; informa\u00e7\u00f5es seletivas repassadas \u00e0 PF; sonega\u00e7\u00e3o de informa\u00e7\u00f5es fundamentais ao pleno entendimento do que se passava; e a atribui\u00e7\u00e3o, a uma gest\u00e3o que rec\u00e9m completou um ano, de den\u00fancias relativas a per\u00edodo anterior.<\/p>\n<p>N\u00e3o adotamos qualquer atitude para abafar ou obstruir a apura\u00e7\u00e3o da den\u00fancia. Agimos, isso sim, como gestores respons\u00e1veis, sempre acompanhados pela Procuradoria da UFSC. Mantivemos, com frequ\u00eancia, contatos com representantes da Controladoria-Geral da Uni\u00e3o e do Tribunal de Contas da Uni\u00e3o. Est\u00e1vamos no caminho certo, com orienta\u00e7\u00e3o jur\u00eddica e administrativa. O reitor n\u00e3o toma nenhuma decis\u00e3o de maneira isolada. Tudo \u00e9 colegiado, ou seja, tem a participa\u00e7\u00e3o de outros organismos. E reitero: a universidade sempre teve e vai continuar tendo todo interesse em esclarecer a quest\u00e3o.<\/p>\n<p>De todo este epis\u00f3dio que ganhou repercuss\u00e3o nacional, a principal li\u00e7\u00e3o \u00e9 que devemos ter mais orgulho ainda da UFSC. Ela \u00e9 respons\u00e1vel por quase 100% do aprimoramento da ind\u00fastria, dos servi\u00e7os e do desenvolvimento do estado, em todas as regi\u00f5es. Faz pesquisa de ponta, ensino de qualidade e extens\u00e3o comprometida com a sociedade. \u00c9, tenho certeza, muito mais forte do qualquer outro acontecimento&#8221;.<\/p>\n","protected":false},"excerpt":{"rendered":"<p>247 &#8211; Encontrado morto nesta segunda-feira 2 no Beiramar Shopping, em Florian\u00f3polis, o reitor afastado da Universidade Federal de Santa Catarina (UFSC), Luiz Carlos Cancellier, denunciou na semana passada o que chamou de &#8220;humilha\u00e7\u00e3o e vexame&#8221; a que foi submetido.<\/p>\n","protected":false},"author":1,"featured_media":0,"comment_status":"closed","ping_status":"open","sticky":false,"template":"","format":"standard","meta":{"_exactmetrics_skip_tracking":false,"_exactmetrics_sitenote_active":false,"_exactmetrics_sitenote_note":"","_exactmetrics_sitenote_category":0,"jetpack_post_was_ever_published":false,"_jetpack_newsletter_access":"","_jetpack_dont_email_post_to_subs":false,"_jetpack_newsletter_tier_id":0,"_jetpack_memberships_contains_paywalled_content":false,"_jetpack_memberships_contains_paid_content":false,"footnotes":"","jetpack_publicize_message":"","jetpack_publicize_feature_enabled":true,"jetpack_social_post_already_shared":true,"jetpack_social_options":{"image_generator_settings":{"template":"highway","enabled":false},"version":2}},"categories":[1],"tags":[],"class_list":["post-13979","post","type-post","status-publish","format-standard","hentry","category-notas"],"jetpack_publicize_connections":[],"jetpack_sharing_enabled":true,"jetpack_featured_media_url":"","jetpack_shortlink":"https:\/\/wp.me\/p7wKYW-3Dt","jetpack-related-posts":[],"_links":{"self":[{"href":"http:\/\/blogdalucianaoliveira.com.br\/blog\/wp-json\/wp\/v2\/posts\/13979","targetHints":{"allow":["GET"]}}],"collection":[{"href":"http:\/\/blogdalucianaoliveira.com.br\/blog\/wp-json\/wp\/v2\/posts"}],"about":[{"href":"http:\/\/blogdalucianaoliveira.com.br\/blog\/wp-json\/wp\/v2\/types\/post"}],"author":[{"embeddable":true,"href":"http:\/\/blogdalucianaoliveira.com.br\/blog\/wp-json\/wp\/v2\/users\/1"}],"replies":[{"embeddable":true,"href":"http:\/\/blogdalucianaoliveira.com.br\/blog\/wp-json\/wp\/v2\/comments?post=13979"}],"version-history":[{"count":1,"href":"http:\/\/blogdalucianaoliveira.com.br\/blog\/wp-json\/wp\/v2\/posts\/13979\/revisions"}],"predecessor-version":[{"id":13981,"href":"http:\/\/blogdalucianaoliveira.com.br\/blog\/wp-json\/wp\/v2\/posts\/13979\/revisions\/13981"}],"wp:attachment":[{"href":"http:\/\/blogdalucianaoliveira.com.br\/blog\/wp-json\/wp\/v2\/media?parent=13979"}],"wp:term":[{"taxonomy":"category","embeddable":true,"href":"http:\/\/blogdalucianaoliveira.com.br\/blog\/wp-json\/wp\/v2\/categories?post=13979"},{"taxonomy":"post_tag","embeddable":true,"href":"http:\/\/blogdalucianaoliveira.com.br\/blog\/wp-json\/wp\/v2\/tags?post=13979"}],"curies":[{"name":"wp","href":"https:\/\/api.w.org\/{rel}","templated":true}]}}