{"id":13982,"date":"2017-10-02T19:15:03","date_gmt":"2017-10-02T23:15:03","guid":{"rendered":"http:\/\/blogdalucianaoliveira.com.br\/blog\/?p=13982"},"modified":"2017-10-02T19:15:54","modified_gmt":"2017-10-02T23:15:54","slug":"istvan-meszaros-capitalismo-ameaca-o-futuro-da-humanidade","status":"publish","type":"post","link":"http:\/\/blogdalucianaoliveira.com.br\/blog\/2017\/10\/02\/istvan-meszaros-capitalismo-ameaca-o-futuro-da-humanidade\/","title":{"rendered":"Istv\u00e1n M\u00e9sz\u00e1ros: \u201cCapitalismo amea\u00e7a o futuro da humanidade\u201d"},"content":{"rendered":"<p><img data-recalc-dims=\"1\" loading=\"lazy\" decoding=\"async\" data-attachment-id=\"13983\" data-permalink=\"http:\/\/blogdalucianaoliveira.com.br\/blog\/2017\/10\/02\/istvan-meszaros-capitalismo-ameaca-o-futuro-da-humanidade\/is\/\" data-orig-file=\"https:\/\/i0.wp.com\/blogdalucianaoliveira.com.br\/blog\/wp-content\/uploads\/2017\/10\/is.jpg?fit=614%2C321\" data-orig-size=\"614,321\" data-comments-opened=\"0\" data-image-meta=\"{&quot;aperture&quot;:&quot;0&quot;,&quot;credit&quot;:&quot;&quot;,&quot;camera&quot;:&quot;&quot;,&quot;caption&quot;:&quot;&quot;,&quot;created_timestamp&quot;:&quot;0&quot;,&quot;copyright&quot;:&quot;&quot;,&quot;focal_length&quot;:&quot;0&quot;,&quot;iso&quot;:&quot;0&quot;,&quot;shutter_speed&quot;:&quot;0&quot;,&quot;title&quot;:&quot;&quot;,&quot;orientation&quot;:&quot;0&quot;}\" data-image-title=\"is\" data-image-description=\"\" data-image-caption=\"\" data-medium-file=\"https:\/\/i0.wp.com\/blogdalucianaoliveira.com.br\/blog\/wp-content\/uploads\/2017\/10\/is.jpg?fit=300%2C157\" data-large-file=\"https:\/\/i0.wp.com\/blogdalucianaoliveira.com.br\/blog\/wp-content\/uploads\/2017\/10\/is.jpg?fit=600%2C314\" class=\"alignnone size-full wp-image-13983\" src=\"https:\/\/i0.wp.com\/blogdalucianaoliveira.com.br\/blog\/wp-content\/uploads\/2017\/10\/is.jpg?resize=600%2C314\" alt=\"is\" width=\"600\" height=\"314\" srcset=\"https:\/\/i0.wp.com\/blogdalucianaoliveira.com.br\/blog\/wp-content\/uploads\/2017\/10\/is.jpg?w=614 614w, https:\/\/i0.wp.com\/blogdalucianaoliveira.com.br\/blog\/wp-content\/uploads\/2017\/10\/is.jpg?resize=300%2C157 300w, https:\/\/i0.wp.com\/blogdalucianaoliveira.com.br\/blog\/wp-content\/uploads\/2017\/10\/is.jpg?resize=574%2C300 574w\" sizes=\"auto, (max-width: 600px) 100vw, 600px\" \/><\/p>\n<p>Um dos principais intelectuais marxistas, M\u00e9sz\u00e1rios faleceu neste domingo (1) aos 86 anos ; confira entrevista com ele<!--more--><\/p>\n<p>Igor Felippe e Miguel Stedile<br \/>\nRevista Sem Terra<\/p>\n<p>Em entrevista exclusiva concedida no ano de 2007, Istv\u00e1n M\u00e9sz\u00e1ros ataca capital financeiro e governos, e enfatiza papel da educa\u00e7\u00e3o rumo ao socialismo.<\/p>\n<p>A articula\u00e7\u00e3o do capital financeiro com os pa\u00edses mais poderosos de toda a hist\u00f3ria da civiliza\u00e7\u00e3o ocidental amea\u00e7a o futuro da humanidade pelo n\u00edvel de explora\u00e7\u00e3o da natureza. O motor do desenvolvimento que sustentava a superioridade do capitalismo sobre os outros modos de produ\u00e7\u00e3o, o conceito de \u201cdestrui\u00e7\u00e3o produtiva\u201d criado pelos economistas neoliberais, sofreu uma mudan\u00e7a estrutural que o deixou do avesso. Atualmente, o sistema capitalista avan\u00e7a por meio de uma \u201cprodu\u00e7\u00e3o destrutiva\u201d.<\/p>\n<p>\u201cA maneira como o sistema capitalista opera hoje, sob o dom\u00ednio do capital financeiro destrutivo e com apoio de poderosos governos, est\u00e1 nos levando \u00e0 destrui\u00e7\u00e3o. Temos que nos opor fundamentalmente a isso\u201d, defende o pensador h\u00fangaro Istv\u00e1n M\u00e9sz\u00e1ros, professor em\u00e9rito da universidade de Sussex, na Inglaterra, designado o principal intelectual marxista da atualidade.<\/p>\n<p>Nascido em Budapeste, em 1930, o autor de \u201cA teoria da aliena\u00e7\u00e3o em Marx\u201d (1970), \u201cO poder da ideologia\u201d (1989) e de \u201cPara al\u00e9m do capital &#8211; Rumo a uma teoria da transi\u00e7\u00e3o\u201d (1995), publicados no Brasil pela editora Boitempo, visitou a Escola Nacional Florestan Fernandes (ENFF), na cidade de Guararema (SP), em novembro de 2007.<\/p>\n<p>M\u00e9sz\u00e1ros recebeu uma homenagem do MST (Movimento dos Trabalhadores Rurais Sem Terra) pela import\u00e2ncia da sua obra para a compreens\u00e3o da sociedade contempor\u00e2nea e pela contribui\u00e7\u00e3o na luta socialista. Na escola, ele plantou uma \u00e1rvore de mogno para deixar a marca da sua visita.<\/p>\n<p>\u201cConsidero o Movimento Sem Terra muito importante para o futuro por uma caracter\u00edstica particular. Eu escrevo muito sobre a necessidade de uma alian\u00e7a substantiva, n\u00e3o formal, e o movimento \u00e9 uma manifesta\u00e7\u00e3o muito clara e importante dessa alian\u00e7a, que \u00e9 o futuro\u201d, declarou o pensador na cerim\u00f4nia.<\/p>\n<p>A seguir, trechos de seu depoimento. <a href=\"http:\/\/www.reformaagrariaemdados.org.br\/biblioteca\/revista-sem-terra\">Leia <\/a>a vers\u00e3o integral da entrevista exclusiva de Istv\u00e1n M\u00e9sz\u00e1ros na Revista Sem Terra.<\/p>\n<p>Capital e governos<\/p>\n<p>O capital financeiro tem o poder de governos e os governos poderosos ap\u00f3iam o grande capital. Se voc\u00ea olhar ao redor do mundo, todos os governos neoliberais est\u00e3o do lado do grande capital. A \u00fanica sa\u00edda \u00e9 resistir por meio de um modelo que garanta o futuro, preserve o meio ambiente e a terra, em vez da destrui\u00e7\u00e3o do planeta onde vivemos. Temos que nos opor fundamentalmente a isso. O MST \u00e9 diferente disso, n\u00e3o causa destrui\u00e7\u00e3o e est\u00e1 construindo. N\u00e3o envenena a terra e respeita o ciclo de produ\u00e7\u00e3o natural.<\/p>\n<p>Agricultura<\/p>\n<p>\u201cO grande capital domina o agroneg\u00f3cio e produz destrui\u00e7\u00e3o, porque a sua \u00fanica raz\u00e3o \u00e9 o lucro. Destr\u00f3i florestas e tantas outras coisas, inclusive com o uso de venenos qu\u00edmicos que se coloca na terra. O futuro e a sobreviv\u00eancia humana dependem da resist\u00eancia ao poder financeiro do grande capital nesse campo\u201d.<\/p>\n<p>Circulo vicioso<\/p>\n<p>\u201cNunca houve um sistema de produ\u00e7\u00e3o na hist\u00f3ria da terra que possa remotamente ser comparado ao desperd\u00edcio da economia capitalista. N\u00e3o h\u00e1 futuro nisso, que s\u00f3 pode durar por um curto per\u00edodo\u201d.<\/p>\n<p>Movimento de massa<\/p>\n<p>\u201cPrecisamos de um grande movimento de massa. N\u00e3o pequenos movimentos e movimentos que brigam entre si, por pequenas divis\u00f5es sect\u00e1rias que n\u00e3o conseguem nada. \u00c9 preciso um grande movimento de massa, educa\u00e7\u00e3o e modelo vi\u00e1vel de produ\u00e7\u00e3o, uma forma de vida sustent\u00e1vel\u201d.<\/p>\n","protected":false},"excerpt":{"rendered":"<p>Um dos principais intelectuais marxistas, M\u00e9sz\u00e1rios faleceu neste domingo (1) aos 86 anos ; confira entrevista com ele<\/p>\n","protected":false},"author":1,"featured_media":0,"comment_status":"closed","ping_status":"open","sticky":false,"template":"","format":"standard","meta":{"_exactmetrics_skip_tracking":false,"_exactmetrics_sitenote_active":false,"_exactmetrics_sitenote_note":"","_exactmetrics_sitenote_category":0,"jetpack_post_was_ever_published":false,"_jetpack_newsletter_access":"","_jetpack_dont_email_post_to_subs":false,"_jetpack_newsletter_tier_id":0,"_jetpack_memberships_contains_paywalled_content":false,"_jetpack_memberships_contains_paid_content":false,"footnotes":"","jetpack_publicize_message":"","jetpack_publicize_feature_enabled":true,"jetpack_social_post_already_shared":true,"jetpack_social_options":{"image_generator_settings":{"template":"highway","enabled":false},"version":2}},"categories":[1],"tags":[],"class_list":["post-13982","post","type-post","status-publish","format-standard","hentry","category-notas"],"jetpack_publicize_connections":[],"jetpack_sharing_enabled":true,"jetpack_featured_media_url":"","jetpack_shortlink":"https:\/\/wp.me\/p7wKYW-3Dw","jetpack-related-posts":[],"_links":{"self":[{"href":"http:\/\/blogdalucianaoliveira.com.br\/blog\/wp-json\/wp\/v2\/posts\/13982","targetHints":{"allow":["GET"]}}],"collection":[{"href":"http:\/\/blogdalucianaoliveira.com.br\/blog\/wp-json\/wp\/v2\/posts"}],"about":[{"href":"http:\/\/blogdalucianaoliveira.com.br\/blog\/wp-json\/wp\/v2\/types\/post"}],"author":[{"embeddable":true,"href":"http:\/\/blogdalucianaoliveira.com.br\/blog\/wp-json\/wp\/v2\/users\/1"}],"replies":[{"embeddable":true,"href":"http:\/\/blogdalucianaoliveira.com.br\/blog\/wp-json\/wp\/v2\/comments?post=13982"}],"version-history":[{"count":2,"href":"http:\/\/blogdalucianaoliveira.com.br\/blog\/wp-json\/wp\/v2\/posts\/13982\/revisions"}],"predecessor-version":[{"id":13985,"href":"http:\/\/blogdalucianaoliveira.com.br\/blog\/wp-json\/wp\/v2\/posts\/13982\/revisions\/13985"}],"wp:attachment":[{"href":"http:\/\/blogdalucianaoliveira.com.br\/blog\/wp-json\/wp\/v2\/media?parent=13982"}],"wp:term":[{"taxonomy":"category","embeddable":true,"href":"http:\/\/blogdalucianaoliveira.com.br\/blog\/wp-json\/wp\/v2\/categories?post=13982"},{"taxonomy":"post_tag","embeddable":true,"href":"http:\/\/blogdalucianaoliveira.com.br\/blog\/wp-json\/wp\/v2\/tags?post=13982"}],"curies":[{"name":"wp","href":"https:\/\/api.w.org\/{rel}","templated":true}]}}