{"id":1400,"date":"2016-06-01T13:38:36","date_gmt":"2016-06-01T17:38:36","guid":{"rendered":"http:\/\/blogdalucianaoliveira.com.br\/blog\/?p=1400"},"modified":"2016-06-01T13:38:36","modified_gmt":"2016-06-01T17:38:36","slug":"dw-eurodeputados-querem-bloquear-negociacoes-da-ue-com-governo-temer","status":"publish","type":"post","link":"http:\/\/blogdalucianaoliveira.com.br\/blog\/2016\/06\/01\/dw-eurodeputados-querem-bloquear-negociacoes-da-ue-com-governo-temer\/","title":{"rendered":"&#8216;DW&#8217;: Eurodeputados querem bloquear negocia\u00e7\u00f5es da UE com governo Temer"},"content":{"rendered":"<p><img data-recalc-dims=\"1\" loading=\"lazy\" decoding=\"async\" data-attachment-id=\"1401\" data-permalink=\"http:\/\/blogdalucianaoliveira.com.br\/blog\/2016\/06\/01\/dw-eurodeputados-querem-bloquear-negociacoes-da-ue-com-governo-temer\/image-305\/\" data-orig-file=\"https:\/\/i0.wp.com\/blogdalucianaoliveira.com.br\/blog\/wp-content\/uploads\/2016\/06\/image-1.jpeg?fit=627%2C417\" data-orig-size=\"627,417\" data-comments-opened=\"0\" data-image-meta=\"{&quot;aperture&quot;:&quot;0&quot;,&quot;credit&quot;:&quot;&quot;,&quot;camera&quot;:&quot;&quot;,&quot;caption&quot;:&quot;&quot;,&quot;created_timestamp&quot;:&quot;0&quot;,&quot;copyright&quot;:&quot;&quot;,&quot;focal_length&quot;:&quot;0&quot;,&quot;iso&quot;:&quot;0&quot;,&quot;shutter_speed&quot;:&quot;0&quot;,&quot;title&quot;:&quot;&quot;,&quot;orientation&quot;:&quot;0&quot;}\" data-image-title=\"image\" data-image-description=\"\" data-image-caption=\"\" data-medium-file=\"https:\/\/i0.wp.com\/blogdalucianaoliveira.com.br\/blog\/wp-content\/uploads\/2016\/06\/image-1.jpeg?fit=300%2C200\" data-large-file=\"https:\/\/i0.wp.com\/blogdalucianaoliveira.com.br\/blog\/wp-content\/uploads\/2016\/06\/image-1.jpeg?fit=600%2C399\" src=\"https:\/\/i0.wp.com\/blogdalucianaoliveira.com.br\/blog\/wp-content\/uploads\/2016\/06\/image-1.jpeg?resize=600%2C399\" alt=\"image\" width=\"600\" height=\"399\" class=\"alignnone size-full wp-image-1401\" srcset=\"https:\/\/i0.wp.com\/blogdalucianaoliveira.com.br\/blog\/wp-content\/uploads\/2016\/06\/image-1.jpeg?w=627 627w, https:\/\/i0.wp.com\/blogdalucianaoliveira.com.br\/blog\/wp-content\/uploads\/2016\/06\/image-1.jpeg?resize=300%2C200 300w, https:\/\/i0.wp.com\/blogdalucianaoliveira.com.br\/blog\/wp-content\/uploads\/2016\/06\/image-1.jpeg?resize=451%2C300 451w\" sizes=\"auto, (max-width: 600px) 100vw, 600px\" \/><\/p>\n<p>Mat\u00e9ria publicada nesta quarta-feira (1) pelo jornal alem\u00e3o Deutsche Welle comenta que um bloco de parlamentares de esquerda quer suspender negocia\u00e7\u00e3o com Mercosul em resposta ao afastamento de Dilma. <!--more--><\/p>\n<p>Segundo a reportagem, 34 deputados formado por partidos de esquerda de Espanha, It\u00e1lia, Portugal, Alemanha, Irlanda e Gr\u00e9cia encaminharam uma carta a Federica Mogherini, chefe da diplomacia da UE, afirmando que o governo Michel Temer carece de legitimidade. De acordo com o documento, a presidente afastada Dilma Rousseff foi v\u00edtima de um \u201cgolpe branco\u201d e a UE deve se posicionar sobre o assunto suspendendo as negocia\u00e7\u00f5es de um acordo de livre-com\u00e9rcio entre o bloco e o Mercosul, que vinham se arrastando h\u00e1 d\u00e9cadas e recentemente voltaram \u00e0 mesa no ano passado.<\/p>\n<p>Em entrevista \u00e0 DW, o eurodeputado Xabier Benito, do espanhol Podemos, que liderou a iniciativa, disse esperar que a carta inicie um debate sobre a situa\u00e7\u00e3o pol\u00edtica do Brasil. At\u00e9 l\u00e1, segundo ele, o melhor \u00e9 que as negocia\u00e7\u00f5es sejam suspensas.<\/p>\n<p>\u201cNossa postura \u00e9 defender acordos que n\u00e3o levem apenas ganhos financeiros, mas tamb\u00e9m direitos humanos e a discuss\u00e3o com atores leg\u00edtimos. E nesse momento estamos vendo surgirem d\u00favidas sobre a legitimidade do governo interino e sua legitimidade em negociar um acordo t\u00e3o amplo\u201d, disse o deputado, que \u00e9 vice-presidente da delega\u00e7\u00e3o do Parlamento Europeu para as rela\u00e7\u00f5es com o Mercosul.<\/p>\n<p>O deputado Benito afirma que n\u00e3o quer parar na carta, mas que ele seus colegas pretendem convidar a embaixadora brasileira na Uni\u00e3o Europeia para conversar. \u201cQueremos discutir o que est\u00e1 acontecendo no pa\u00eds. Estamos preocupados.\u201d<\/p>\n<p>Ele admite, no entanto, que a decis\u00e3o sobre as negocia\u00e7\u00f5es depende de Mogherini e de outros altos-representantes da UE. Ele afirma que a pr\u00f3pria posi\u00e7\u00e3o da delega\u00e7\u00e3o para rela\u00e7\u00f5es com o Mercosul, da qual faz parte, \u00e9 mais de observa\u00e7\u00e3o e sugest\u00e3o. \u201cAs negocia\u00e7\u00f5es est\u00e3o mesmo nas m\u00e3os dos comiss\u00e1rios, eles s\u00e3o o poder Executivo\u201d, diz.<\/p>\n","protected":false},"excerpt":{"rendered":"<p>Mat\u00e9ria publicada nesta quarta-feira (1) pelo jornal alem\u00e3o Deutsche Welle comenta que um bloco de parlamentares de esquerda quer suspender negocia\u00e7\u00e3o com Mercosul em resposta ao afastamento de Dilma.<\/p>\n","protected":false},"author":1,"featured_media":0,"comment_status":"closed","ping_status":"open","sticky":false,"template":"","format":"standard","meta":{"_exactmetrics_skip_tracking":false,"_exactmetrics_sitenote_active":false,"_exactmetrics_sitenote_note":"","_exactmetrics_sitenote_category":0,"jetpack_post_was_ever_published":false,"_jetpack_newsletter_access":"","_jetpack_dont_email_post_to_subs":false,"_jetpack_newsletter_tier_id":0,"_jetpack_memberships_contains_paywalled_content":false,"_jetpack_memberships_contains_paid_content":false,"footnotes":"","jetpack_publicize_message":"","jetpack_publicize_feature_enabled":true,"jetpack_social_post_already_shared":true,"jetpack_social_options":{"image_generator_settings":{"template":"highway","enabled":false},"version":2}},"categories":[1],"tags":[],"class_list":["post-1400","post","type-post","status-publish","format-standard","hentry","category-notas"],"jetpack_publicize_connections":[],"jetpack_sharing_enabled":true,"jetpack_featured_media_url":"","jetpack_shortlink":"https:\/\/wp.me\/p7wKYW-mA","jetpack-related-posts":[],"_links":{"self":[{"href":"http:\/\/blogdalucianaoliveira.com.br\/blog\/wp-json\/wp\/v2\/posts\/1400","targetHints":{"allow":["GET"]}}],"collection":[{"href":"http:\/\/blogdalucianaoliveira.com.br\/blog\/wp-json\/wp\/v2\/posts"}],"about":[{"href":"http:\/\/blogdalucianaoliveira.com.br\/blog\/wp-json\/wp\/v2\/types\/post"}],"author":[{"embeddable":true,"href":"http:\/\/blogdalucianaoliveira.com.br\/blog\/wp-json\/wp\/v2\/users\/1"}],"replies":[{"embeddable":true,"href":"http:\/\/blogdalucianaoliveira.com.br\/blog\/wp-json\/wp\/v2\/comments?post=1400"}],"version-history":[{"count":1,"href":"http:\/\/blogdalucianaoliveira.com.br\/blog\/wp-json\/wp\/v2\/posts\/1400\/revisions"}],"predecessor-version":[{"id":1402,"href":"http:\/\/blogdalucianaoliveira.com.br\/blog\/wp-json\/wp\/v2\/posts\/1400\/revisions\/1402"}],"wp:attachment":[{"href":"http:\/\/blogdalucianaoliveira.com.br\/blog\/wp-json\/wp\/v2\/media?parent=1400"}],"wp:term":[{"taxonomy":"category","embeddable":true,"href":"http:\/\/blogdalucianaoliveira.com.br\/blog\/wp-json\/wp\/v2\/categories?post=1400"},{"taxonomy":"post_tag","embeddable":true,"href":"http:\/\/blogdalucianaoliveira.com.br\/blog\/wp-json\/wp\/v2\/tags?post=1400"}],"curies":[{"name":"wp","href":"https:\/\/api.w.org\/{rel}","templated":true}]}}