{"id":1411,"date":"2016-06-02T09:03:42","date_gmt":"2016-06-02T13:03:42","guid":{"rendered":"http:\/\/blogdalucianaoliveira.com.br\/blog\/?p=1411"},"modified":"2016-06-02T09:03:42","modified_gmt":"2016-06-02T13:03:42","slug":"na-vida-a-gente-tem-que-entender-que-um-nasce-pra-sofrer-enquanto-o-outro-ri","status":"publish","type":"post","link":"http:\/\/blogdalucianaoliveira.com.br\/blog\/2016\/06\/02\/na-vida-a-gente-tem-que-entender-que-um-nasce-pra-sofrer-enquanto-o-outro-ri\/","title":{"rendered":"Na vida a gente tem que entender que um nasce pra sofrer, enquanto o outro ri"},"content":{"rendered":"<p><img data-recalc-dims=\"1\" loading=\"lazy\" decoding=\"async\" data-attachment-id=\"1412\" data-permalink=\"http:\/\/blogdalucianaoliveira.com.br\/blog\/2016\/06\/02\/na-vida-a-gente-tem-que-entender-que-um-nasce-pra-sofrer-enquanto-o-outro-ri\/img_7537\/\" data-orig-file=\"https:\/\/i0.wp.com\/blogdalucianaoliveira.com.br\/blog\/wp-content\/uploads\/2016\/06\/IMG_7537.jpg?fit=2400%2C2400\" data-orig-size=\"2400,2400\" data-comments-opened=\"0\" data-image-meta=\"{&quot;aperture&quot;:&quot;0&quot;,&quot;credit&quot;:&quot;&quot;,&quot;camera&quot;:&quot;&quot;,&quot;caption&quot;:&quot;&quot;,&quot;created_timestamp&quot;:&quot;0&quot;,&quot;copyright&quot;:&quot;&quot;,&quot;focal_length&quot;:&quot;0&quot;,&quot;iso&quot;:&quot;0&quot;,&quot;shutter_speed&quot;:&quot;0&quot;,&quot;title&quot;:&quot;&quot;,&quot;orientation&quot;:&quot;1&quot;}\" data-image-title=\"IMG_7537\" data-image-description=\"\" data-image-caption=\"\" data-medium-file=\"https:\/\/i0.wp.com\/blogdalucianaoliveira.com.br\/blog\/wp-content\/uploads\/2016\/06\/IMG_7537.jpg?fit=300%2C300\" data-large-file=\"https:\/\/i0.wp.com\/blogdalucianaoliveira.com.br\/blog\/wp-content\/uploads\/2016\/06\/IMG_7537.jpg?fit=600%2C600\" src=\"https:\/\/i0.wp.com\/blogdalucianaoliveira.com.br\/blog\/wp-content\/uploads\/2016\/06\/IMG_7537.jpg?resize=600%2C600\" alt=\"IMG_7537\" width=\"600\" height=\"600\" class=\"alignnone size-full wp-image-1412\" srcset=\"https:\/\/i0.wp.com\/blogdalucianaoliveira.com.br\/blog\/wp-content\/uploads\/2016\/06\/IMG_7537.jpg?w=2400 2400w, https:\/\/i0.wp.com\/blogdalucianaoliveira.com.br\/blog\/wp-content\/uploads\/2016\/06\/IMG_7537.jpg?resize=150%2C150 150w, https:\/\/i0.wp.com\/blogdalucianaoliveira.com.br\/blog\/wp-content\/uploads\/2016\/06\/IMG_7537.jpg?resize=300%2C300 300w, https:\/\/i0.wp.com\/blogdalucianaoliveira.com.br\/blog\/wp-content\/uploads\/2016\/06\/IMG_7537.jpg?resize=768%2C768 768w, https:\/\/i0.wp.com\/blogdalucianaoliveira.com.br\/blog\/wp-content\/uploads\/2016\/06\/IMG_7537.jpg?w=1200 1200w, https:\/\/i0.wp.com\/blogdalucianaoliveira.com.br\/blog\/wp-content\/uploads\/2016\/06\/IMG_7537.jpg?w=1800 1800w\" sizes=\"auto, (max-width: 600px) 100vw, 600px\" \/><\/p>\n<p>O que combinaram no breu das tocas foi aprovado no primeiro de junho, na calada da noite. <!--more--><\/p>\n<p>Em plena recess\u00e3o como aterroriza a grande m\u00eddia diariamente, a C\u00e2mara aprovou 14 projetos de reajustes salariais para servidores dos poderes Executivo, Legislativo, Judici\u00e1rio e para a Procuradoria-Geral da Rep\u00fablica, al\u00e9m de militares.<\/p>\n<p>E isso, dez dias ap\u00f3s o governo provis\u00f3rio anunciar um d\u00e9ficit de R$ 170,5 bilh\u00f5es para este ano. O impacto ser\u00e1 de mais de R$ 50 bilh\u00f5es em quatro anos nas contas p\u00fablicas.<\/p>\n<p>Os servidores do Judici\u00e1rio ganharam um reajuste que vai variar entre 16,5% e 41,47% e os Ministros do Supremo Tribunal Federal ter\u00e3o aumento de 16,38%, com o sal\u00e1rio passando dos atuais R$ 33.763 para R$ 39.293,38. <\/p>\n<p>H\u00e1 um ano, a presidente Dilma vetou o reajuste alegando que &#8220;um impacto dessa magnitude \u00e9 contr\u00e1rio aos esfor\u00e7os necess\u00e1rios para o equil\u00edbrio fiscal na gest\u00e3o de recursos p\u00fablicos&#8221;.<\/p>\n<p>Mas, isso num cen\u00e1rio de distribui\u00e7\u00e3o. De privil\u00e9gios, d\u00e1 pra fazer, porque uns v\u00e3o se submeter aos &#8216;sacrif\u00edcios&#8217; que Temer disse que seriam inevit\u00e1veis.<\/p>\n<p>Not\u00edcia pior que essa nesta ter\u00e7a-feira, s\u00f3 a da aprova\u00e7\u00e3oda proposta de emenda \u00e0 Constitui\u00e7\u00e3o (PEC) que prorroga at\u00e9 2023 a permiss\u00e3o para que a Uni\u00e3o use como bem entender parte da arrecada\u00e7\u00e3o, a chamada Desvincula\u00e7\u00e3o de Receitas da Uni\u00e3o (DRU). A aprova\u00e7\u00e3o do texto-base se deu por 334 votos a favor e 90, contra.<\/p>\n<p>D\u00e1 pra confiar na palavra de Temer que prometeu n\u00e3o reduzir o percentual aplicado na sa\u00fade e educa\u00e7\u00e3o? Palavra, Temer, confiar. <\/p>\n<p>N\u00e3o parece l\u00f3gico construir uma frase considerando que Temer assumiu o governo, ap\u00f3s intensa conspira\u00e7\u00e3o como vice-presidente, divulgada descaradamente e amplamente na imprensa.<\/p>\n<p>Pelo olhar privilegiado que lan\u00e7ou aos mais abastados ao avalizar esse aumento salarial em plena crise econ\u00f4mica, n\u00e3o h\u00e1 d\u00favidas sobre o lombo de quem ir\u00e1 bater o chicote pra bancar a despesa.<\/p>\n","protected":false},"excerpt":{"rendered":"<p>O que combinaram no breu das tocas foi aprovado no primeiro de junho, na calada da noite.<\/p>\n","protected":false},"author":1,"featured_media":0,"comment_status":"closed","ping_status":"open","sticky":false,"template":"","format":"standard","meta":{"_exactmetrics_skip_tracking":false,"_exactmetrics_sitenote_active":false,"_exactmetrics_sitenote_note":"","_exactmetrics_sitenote_category":0,"jetpack_post_was_ever_published":false,"_jetpack_newsletter_access":"","_jetpack_dont_email_post_to_subs":false,"_jetpack_newsletter_tier_id":0,"_jetpack_memberships_contains_paywalled_content":false,"_jetpack_memberships_contains_paid_content":false,"footnotes":"","jetpack_publicize_message":"","jetpack_publicize_feature_enabled":true,"jetpack_social_post_already_shared":true,"jetpack_social_options":{"image_generator_settings":{"template":"highway","enabled":false},"version":2}},"categories":[1],"tags":[],"class_list":["post-1411","post","type-post","status-publish","format-standard","hentry","category-notas"],"jetpack_publicize_connections":[],"jetpack_sharing_enabled":true,"jetpack_featured_media_url":"","jetpack_shortlink":"https:\/\/wp.me\/p7wKYW-mL","jetpack-related-posts":[],"_links":{"self":[{"href":"http:\/\/blogdalucianaoliveira.com.br\/blog\/wp-json\/wp\/v2\/posts\/1411","targetHints":{"allow":["GET"]}}],"collection":[{"href":"http:\/\/blogdalucianaoliveira.com.br\/blog\/wp-json\/wp\/v2\/posts"}],"about":[{"href":"http:\/\/blogdalucianaoliveira.com.br\/blog\/wp-json\/wp\/v2\/types\/post"}],"author":[{"embeddable":true,"href":"http:\/\/blogdalucianaoliveira.com.br\/blog\/wp-json\/wp\/v2\/users\/1"}],"replies":[{"embeddable":true,"href":"http:\/\/blogdalucianaoliveira.com.br\/blog\/wp-json\/wp\/v2\/comments?post=1411"}],"version-history":[{"count":1,"href":"http:\/\/blogdalucianaoliveira.com.br\/blog\/wp-json\/wp\/v2\/posts\/1411\/revisions"}],"predecessor-version":[{"id":1413,"href":"http:\/\/blogdalucianaoliveira.com.br\/blog\/wp-json\/wp\/v2\/posts\/1411\/revisions\/1413"}],"wp:attachment":[{"href":"http:\/\/blogdalucianaoliveira.com.br\/blog\/wp-json\/wp\/v2\/media?parent=1411"}],"wp:term":[{"taxonomy":"category","embeddable":true,"href":"http:\/\/blogdalucianaoliveira.com.br\/blog\/wp-json\/wp\/v2\/categories?post=1411"},{"taxonomy":"post_tag","embeddable":true,"href":"http:\/\/blogdalucianaoliveira.com.br\/blog\/wp-json\/wp\/v2\/tags?post=1411"}],"curies":[{"name":"wp","href":"https:\/\/api.w.org\/{rel}","templated":true}]}}