{"id":1418,"date":"2016-06-02T10:14:18","date_gmt":"2016-06-02T14:14:18","guid":{"rendered":"http:\/\/blogdalucianaoliveira.com.br\/blog\/?p=1418"},"modified":"2016-06-02T10:14:53","modified_gmt":"2016-06-02T14:14:53","slug":"fatima-pelaes-e-a-mulher-errada-no-governo-mais-errado-ainda","status":"publish","type":"post","link":"http:\/\/blogdalucianaoliveira.com.br\/blog\/2016\/06\/02\/fatima-pelaes-e-a-mulher-errada-no-governo-mais-errado-ainda\/","title":{"rendered":"F\u00e1tima Pelaes \u00e9 a mulher errada no governo mais errado ainda"},"content":{"rendered":"<p><img data-recalc-dims=\"1\" loading=\"lazy\" decoding=\"async\" data-attachment-id=\"1419\" data-permalink=\"http:\/\/blogdalucianaoliveira.com.br\/blog\/2016\/06\/02\/fatima-pelaes-e-a-mulher-errada-no-governo-mais-errado-ainda\/fatima\/\" data-orig-file=\"https:\/\/i0.wp.com\/blogdalucianaoliveira.com.br\/blog\/wp-content\/uploads\/2016\/06\/fatima.jpeg?fit=470%2C313\" data-orig-size=\"470,313\" data-comments-opened=\"0\" data-image-meta=\"{&quot;aperture&quot;:&quot;0&quot;,&quot;credit&quot;:&quot;&quot;,&quot;camera&quot;:&quot;&quot;,&quot;caption&quot;:&quot;&quot;,&quot;created_timestamp&quot;:&quot;0&quot;,&quot;copyright&quot;:&quot;&quot;,&quot;focal_length&quot;:&quot;0&quot;,&quot;iso&quot;:&quot;0&quot;,&quot;shutter_speed&quot;:&quot;0&quot;,&quot;title&quot;:&quot;&quot;,&quot;orientation&quot;:&quot;0&quot;}\" data-image-title=\"fatima\" data-image-description=\"\" data-image-caption=\"\" data-medium-file=\"https:\/\/i0.wp.com\/blogdalucianaoliveira.com.br\/blog\/wp-content\/uploads\/2016\/06\/fatima.jpeg?fit=300%2C200\" data-large-file=\"https:\/\/i0.wp.com\/blogdalucianaoliveira.com.br\/blog\/wp-content\/uploads\/2016\/06\/fatima.jpeg?fit=470%2C313\" src=\"https:\/\/i0.wp.com\/blogdalucianaoliveira.com.br\/blog\/wp-content\/uploads\/2016\/06\/fatima.jpeg?resize=470%2C313\" alt=\"fatima\" width=\"470\" height=\"313\" class=\"alignnone size-full wp-image-1419\" srcset=\"https:\/\/i0.wp.com\/blogdalucianaoliveira.com.br\/blog\/wp-content\/uploads\/2016\/06\/fatima.jpeg?w=470 470w, https:\/\/i0.wp.com\/blogdalucianaoliveira.com.br\/blog\/wp-content\/uploads\/2016\/06\/fatima.jpeg?resize=300%2C200 300w, https:\/\/i0.wp.com\/blogdalucianaoliveira.com.br\/blog\/wp-content\/uploads\/2016\/06\/fatima.jpeg?resize=450%2C300 450w\" sizes=\"auto, (max-width: 470px) 100vw, 470px\" \/><\/p>\n<p>Por Nathali Macedo<\/p>\n<p>A nova secret\u00e1ria de Pol\u00edticas para Mulheres, F\u00e1tima Pelaes, representa o exato avesso de todas as bandeiras feministas.<!--more--><\/p>\n<p>Em entrevista \u00e0 editora Casa Publicadora das Assembleias de Deus, h\u00e1 tr\u00eas anos, ela afirma que at\u00e9 2002 defendia a descriminaliza\u00e7\u00e3o do aborto, mas, depois de \u201cconhecer jesus\u201d, entendeu que \u201co direito de viver tem que ser dado para todos\u201d.<\/p>\n<p>A nomea\u00e7\u00e3o de uma Secret\u00e1ria de Mulheres evang\u00e9lica e que \u201cn\u00e3o levanta bandeiras contr\u00e1rias \u00e0 b\u00edblia\u201d caiu como uma bomba num Brasil inflamado e politicamente deprimido.<\/p>\n<p>Com o claro intuito de minimizar a pol\u00eamica, Pelaes publicou uma nota segundo a qual seu posicionamento sobre a descriminaliza\u00e7\u00e3o do aborto n\u00e3o vai afetar o debate de qualquer quest\u00e3o \u00e0 frente da secretaria, e que a mulher v\u00edtima de estupro deve receber total apoio do Estado.<\/p>\n<p>Um discurso bem diferente daquele proferido durante uma sess\u00e3o na c\u00e2mara sobre o Estatuto do Nascituro: \u201cN\u00f3s enquanto representantes do povo brasileiro temos que pensar: que direito n\u00f3s mulheres temos de tirar uma vida?\u201d<\/p>\n<p>Na terra de onde venho, chamamos isso de tapea\u00e7\u00e3o.<\/p>\n<p>O governo interino ali\u00e1s, \u00e9 muito bom em tapear: justificou o seu Minist\u00e9rio s\u00f3 de homens brancos com a \u201cdificuldade de encontrar mulheres\u201d e agora tenta criar uma imagem libert\u00e1ria sobre uma mulher notadamente conservadora e fundamentalista, para nos convencer do imposs\u00edvel: de que F\u00e1tima Pelaes tem alguma condi\u00e7\u00e3o de nos representar.<\/p>\n<p>Ela n\u00e3o tem.<\/p>\n<p>N\u00e3o importa quantas notas publique. N\u00f3s sabemos que o fundamentalismo religioso \u00e9 um c\u00e2ncer moderno e sabemos, sobretudo, o qu\u00e3o incapaz algu\u00e9m pode ser de lutar por pautas nas quais n\u00e3o acredita.<\/p>\n<p>Isto \u00e9 t\u00e3o \u00f3bvio que, na mesma nota, Paeles afirma que trabalhar\u00e1 incansavelmente para combater \u201cqualquer tipo de viol\u00eancia contra a mulher\u201d, mas para mulheres verdadeiramente preocupadas com o combate ao machismo \u2013 e n\u00e3o com o que a b\u00edblia manda que fa\u00e7amos \u2013 esta \u00e9 uma vis\u00e3o superficial e rasa da quest\u00e3o.<\/p>\n<p>Viol\u00eancia contra a mulher n\u00e3o pode se limitar \u00e0 Lei Maria da Penha e \u00e0s campanhas antiass\u00e9dio no carnaval. O problema \u00e9 estrutural e infinitamente maior que isso, e algu\u00e9m que ainda baseia as pr\u00f3prias opini\u00f5es na b\u00edblia n\u00e3o ser\u00e1 capaz de solucion\u00e1-lo (para in\u00edcio de conversa, n\u00e3o ser\u00e1 capaz sequer de tentar).<\/p>\n<p>\u00c9 dif\u00edcil para n\u00f3s conceber um trabalho engajado partindo de quem sequer compreende a nossa luta. E algu\u00e9m que discursa baseada na b\u00edblia em plena C\u00e2mara, algu\u00e9m que fala de aborto como quem fala de alicer\u00e7ada no clich\u00ea do \u201cdireito \u00e0 vida\u201d definitivamente n\u00e3o compreende a nossa luta.<\/p>\n<p>Convenhamos, o governo interino j\u00e1 foi suficientemente claro quanto ao \u00fanico lugar que acredita estar reservado para as mulheres: o lugar decorativo (curiosamente, o mesmo lugar que o mordomo sempre detestou). \u201cBela, recatada e do lar\u201d \u00e9 o novo modelo de mulher que a extrema direita quer nos empurrar goela abaixo.<\/p>\n<p>O governo p\u00f3s-golpe est\u00e1 sendo articulado, em todos os detalhes, a nosso desfavor, e isso n\u00e3o \u00e9 nenhuma surpresa: um golpe nitidamente machista e mis\u00f3gino precisa respeitar as pr\u00f3prias origens, precisa ser fiel \u00e0 proposta inicial. E a proposta inicial \u00e9 um pa\u00eds feito por homens e para homens, onde a mulher funcione exatamente como aquela que nos foi apresentada como modelo de primeira dama.<\/p>\n<p>N\u00e3o houve \u201capenas\u201d fascismo e machismo no golpe. Houve tamb\u00e9m o \u00f3dio megaloman\u00edaco por ver minorias em um lugar de poder, por ver uma mulher em um lugar de poder, e \u00e9 natural, embora n\u00e3o menos s\u00f3rdido, que a direita inflamada nos queira retaliar. Foi assim com os artistas e assim est\u00e1 sendo com as mulheres \u2013 e continuar\u00e1 sendo assim, cada vez mais ostensivamente, at\u00e9 o t\u00e3o esperado dia da queda do governo golpista.<\/p>\n<p>Diria Foucault que n\u00e3o h\u00e1 poder fora da fala. Toda rela\u00e7\u00e3o de poder envolve um discurso e demanda necessariamente, portanto, um lugar de fala. E o governo interino \u00e9 t\u00e3o genial no of\u00edcio de dizimar nossas conquistas e nossa liberdade, que puxa o nosso tapete da maneira mais eficiente poss\u00edvel: nos calando.<\/p>\n<p>Retirar mulheres dos Minist\u00e9rios \u00e9 silenciamento. Entregar uma secretaria de mulheres a uma mulher que n\u00e3o dialoga com nossas pautas tamb\u00e9m \u00e9 silenciamento. Este \u00e9 o governo do silenciamento ardiloso e da viol\u00eancia institucionalizada.<\/p>\n<p>Somos violentadas quando a mulher que dizem nos representar numa secretaria n\u00e3o sabe que o machismo est\u00e1 em todas as coisas, inclusive na b\u00edblia. Somos violentadas quando uma mulher \u00e9 arrancada do poder. Somos violentadas quando temos um governo que n\u00e3o apenas \u00e9 insens\u00edvel \u00e0s nossas quest\u00f5es: ele conhece todas elas e se empenha no objetivo de agrav\u00e1-las.<\/p>\n<p>Contagiados pela atmosfera antidemocr\u00e1tica e pela sensa\u00e7\u00e3o de que podem absolutamente tudo, os golpistas passam dos limites. Atrevem-se a um Minist\u00e9rio s\u00f3 de homens brancos e indicam uma Secret\u00e1ria de Mulheres que n\u00e3o contempla nenhuma de nossas pautas.<\/p>\n<p>N\u00e3o podo o meu pr\u00f3prio otimismo (por vezes ing\u00eanuo, \u00e9 verdade) ao dizer que mesmo com um Minist\u00e9rio s\u00f3 de homens, e mesmo com uma Secret\u00e1ria de mulheres fundamentalista, n\u00f3s n\u00f3s n\u00e3o perdemos tudo.<\/p>\n<p>Somos muitas. E precisamos ocupar os partidos, ocupar os espa\u00e7os p\u00fablicos, fortalecer o nosso discurso nas ruas, em nossas casas, em nossos c\u00edrculos.<\/p>\n<p>Parafraseando: cad\u00ea as mulheres de grelo duro desse pa\u00eds?<\/p>\n","protected":false},"excerpt":{"rendered":"<p>Por Nathali Macedo A nova secret\u00e1ria de Pol\u00edticas para Mulheres, F\u00e1tima Pelaes, representa o exato avesso de todas as bandeiras feministas.<\/p>\n","protected":false},"author":1,"featured_media":0,"comment_status":"closed","ping_status":"open","sticky":false,"template":"","format":"standard","meta":{"_exactmetrics_skip_tracking":false,"_exactmetrics_sitenote_active":false,"_exactmetrics_sitenote_note":"","_exactmetrics_sitenote_category":0,"jetpack_post_was_ever_published":false,"_jetpack_newsletter_access":"","_jetpack_dont_email_post_to_subs":false,"_jetpack_newsletter_tier_id":0,"_jetpack_memberships_contains_paywalled_content":false,"_jetpack_memberships_contains_paid_content":false,"footnotes":"","jetpack_publicize_message":"","jetpack_publicize_feature_enabled":true,"jetpack_social_post_already_shared":true,"jetpack_social_options":{"image_generator_settings":{"template":"highway","enabled":false},"version":2}},"categories":[1],"tags":[96,98,46],"class_list":["post-1418","post","type-post","status-publish","format-standard","hentry","category-notas","tag-aborto","tag-fatima-pelaes","tag-mulheres"],"jetpack_publicize_connections":[],"jetpack_sharing_enabled":true,"jetpack_featured_media_url":"","jetpack_shortlink":"https:\/\/wp.me\/p7wKYW-mS","jetpack-related-posts":[],"_links":{"self":[{"href":"http:\/\/blogdalucianaoliveira.com.br\/blog\/wp-json\/wp\/v2\/posts\/1418","targetHints":{"allow":["GET"]}}],"collection":[{"href":"http:\/\/blogdalucianaoliveira.com.br\/blog\/wp-json\/wp\/v2\/posts"}],"about":[{"href":"http:\/\/blogdalucianaoliveira.com.br\/blog\/wp-json\/wp\/v2\/types\/post"}],"author":[{"embeddable":true,"href":"http:\/\/blogdalucianaoliveira.com.br\/blog\/wp-json\/wp\/v2\/users\/1"}],"replies":[{"embeddable":true,"href":"http:\/\/blogdalucianaoliveira.com.br\/blog\/wp-json\/wp\/v2\/comments?post=1418"}],"version-history":[{"count":1,"href":"http:\/\/blogdalucianaoliveira.com.br\/blog\/wp-json\/wp\/v2\/posts\/1418\/revisions"}],"predecessor-version":[{"id":1420,"href":"http:\/\/blogdalucianaoliveira.com.br\/blog\/wp-json\/wp\/v2\/posts\/1418\/revisions\/1420"}],"wp:attachment":[{"href":"http:\/\/blogdalucianaoliveira.com.br\/blog\/wp-json\/wp\/v2\/media?parent=1418"}],"wp:term":[{"taxonomy":"category","embeddable":true,"href":"http:\/\/blogdalucianaoliveira.com.br\/blog\/wp-json\/wp\/v2\/categories?post=1418"},{"taxonomy":"post_tag","embeddable":true,"href":"http:\/\/blogdalucianaoliveira.com.br\/blog\/wp-json\/wp\/v2\/tags?post=1418"}],"curies":[{"name":"wp","href":"https:\/\/api.w.org\/{rel}","templated":true}]}}