{"id":14401,"date":"2017-10-18T10:43:09","date_gmt":"2017-10-18T14:43:09","guid":{"rendered":"http:\/\/blogdalucianaoliveira.com.br\/blog\/?p=14401"},"modified":"2017-10-18T10:47:24","modified_gmt":"2017-10-18T14:47:24","slug":"uma-coisa-e-um-pais-outra-uma-cicatriz-2","status":"publish","type":"post","link":"http:\/\/blogdalucianaoliveira.com.br\/blog\/2017\/10\/18\/uma-coisa-e-um-pais-outra-uma-cicatriz-2\/","title":{"rendered":"&#8220;Uma coisa \u00e9 um pa\u00eds, outra uma cicatriz.&#8221;"},"content":{"rendered":"<p><img data-recalc-dims=\"1\" loading=\"lazy\" decoding=\"async\" data-attachment-id=\"14402\" data-permalink=\"http:\/\/blogdalucianaoliveira.com.br\/blog\/2017\/10\/18\/uma-coisa-e-um-pais-outra-uma-cicatriz-2\/aecio-neves-02\/\" data-orig-file=\"https:\/\/i0.wp.com\/blogdalucianaoliveira.com.br\/blog\/wp-content\/uploads\/2017\/10\/aecio-neves-02.jpg?fit=1000%2C666\" data-orig-size=\"1000,666\" data-comments-opened=\"0\" data-image-meta=\"{&quot;aperture&quot;:&quot;0&quot;,&quot;credit&quot;:&quot;&quot;,&quot;camera&quot;:&quot;&quot;,&quot;caption&quot;:&quot;&quot;,&quot;created_timestamp&quot;:&quot;0&quot;,&quot;copyright&quot;:&quot;&quot;,&quot;focal_length&quot;:&quot;0&quot;,&quot;iso&quot;:&quot;0&quot;,&quot;shutter_speed&quot;:&quot;0&quot;,&quot;title&quot;:&quot;&quot;,&quot;orientation&quot;:&quot;0&quot;}\" data-image-title=\"aecio-neves-02\" data-image-description=\"\" data-image-caption=\"\" data-medium-file=\"https:\/\/i0.wp.com\/blogdalucianaoliveira.com.br\/blog\/wp-content\/uploads\/2017\/10\/aecio-neves-02.jpg?fit=300%2C200\" data-large-file=\"https:\/\/i0.wp.com\/blogdalucianaoliveira.com.br\/blog\/wp-content\/uploads\/2017\/10\/aecio-neves-02.jpg?fit=600%2C400\" src=\"https:\/\/i0.wp.com\/blogdalucianaoliveira.com.br\/blog\/wp-content\/uploads\/2017\/10\/aecio-neves-02.jpg?resize=600%2C400\" alt=\"aecio-neves-02\" width=\"600\" height=\"400\" class=\"alignnone size-full wp-image-14402\" srcset=\"https:\/\/i0.wp.com\/blogdalucianaoliveira.com.br\/blog\/wp-content\/uploads\/2017\/10\/aecio-neves-02.jpg?w=1000 1000w, https:\/\/i0.wp.com\/blogdalucianaoliveira.com.br\/blog\/wp-content\/uploads\/2017\/10\/aecio-neves-02.jpg?resize=300%2C200 300w, https:\/\/i0.wp.com\/blogdalucianaoliveira.com.br\/blog\/wp-content\/uploads\/2017\/10\/aecio-neves-02.jpg?resize=768%2C511 768w, https:\/\/i0.wp.com\/blogdalucianaoliveira.com.br\/blog\/wp-content\/uploads\/2017\/10\/aecio-neves-02.jpg?resize=450%2C300 450w\" sizes=\"auto, (max-width: 600px) 100vw, 600px\" \/><\/p>\n<p>O que dizer ap\u00f3s o Senado garantir que A\u00e9cio Neves siga praticando corrup\u00e7\u00e3o e obstru\u00e7\u00e3o de justi\u00e7a e na imin\u00eancia da C\u00e2mara assegurar o mesmo a Michel Temer?<\/p>\n<p>Os dias t\u00eam sido assim: o poder que emana do povo \u00e9 exercido por corruptos para privilegiar e proteger corruptos.<br \/>\nAt\u00e9 quando vamos repetir a frase com que Affonso Romano de Sant\u2019Anna intitulou o poema publicado no Jornal do Brasil, em 06 de janeiro de 1980 e que se revela absolutamente atual?<!--more--><\/p>\n<p>Que Pa\u00eds \u00c9 Este?<\/p>\n<p>A pergunta sintetiza todas as interroga\u00e7\u00f5es para o entulho de imoralidades na pol\u00edtica brasileira acumulado nos \u00faltimos tr\u00eas anos.<\/p>\n<p>Em um dos fragmentos do poema, a s\u00faplica que cabe em todas as gargantas hoje, as roucas e as moucas:<\/p>\n<p>\u201cUma coisa \u00e9 um pa\u00eds,<br \/>\noutra uma cicatriz.<br \/>\nUma coisa \u00e9 um pa\u00eds,<br \/>\noutra \u00e9 abatida cerviz.<br \/>\nUma coisa \u00e9 um pa\u00eds,<br \/>\noutra esses duros perfis.<br \/>\nDeveria eu catar os que sobraram<br \/>\nos que se arrependeram,<br \/>\nos que sobreviveram em suas tocas<br \/>\ne num semin\u00e1rio de erradios ratos<br \/>\nsuplicar:<br \/>\n\u2013 expliquem-me a mim<br \/>\ne ao meu pa\u00eds?<\/p>\n<p>\u00c9 f\u00e1cil explicar como A\u00e9cio Neves conseguiu \u2018convencer\u2019 44 senadores de que no \u00e1udio em que pede 2 milh\u00f5es de reais a um empres\u00e1rio corrupto, o neg\u00f3cio tratado era um empr\u00e9stimo em troca de um apartamento.<\/p>\n<p>\u00c9 moleza entender por que os senadores acreditaram ser um neg\u00f3cio l\u00edcito, mesmo com a amea\u00e7a de A\u00e9cio de mandar matar o encarregado de receber a grana.<\/p>\n<p>Dos 44 senadores que autorizaram a revoga\u00e7\u00e3o das medidas cautelares impostas pelo Supremo Tribunal Federal, 19 s\u00e3o investigados na Opera\u00e7\u00e3o Lava Jato.<\/p>\n<p>A troca de interesses em desfrutar da mesma impunidade \u00e9 inequ\u00edvoca e passa pelo Planalto, C\u00e2mara e Senado.<br \/>\nSe Michel Temer articulou pessoalmente a salva\u00e7\u00e3o de A\u00e9cio, distribuindo 200 milh\u00f5es em emendas or\u00e7ament\u00e1rias, \u00e9 previs\u00edvel que tamb\u00e9m tenha a segunda den\u00fancia por corrup\u00e7\u00e3o barrada.<\/p>\n<p>Que Pa\u00eds \u00c9 este, n\u00e3o sei.<\/p>\n<p>Mas, de que o povo \u00e9 covarde, n\u00e3o tenho d\u00favida.<\/p>\n<p>A imoralidade descomunal \u00e9 fruto da pusilanimidade geral.<\/p>\n<p>Est\u00e1 claro em outro fragmento do poema de Sant\u2019Anna:<\/p>\n<p>&#8220;H\u00e1 500 anos<br \/>\nsomos raposas verdes<br \/>\ncolhendo uvas com os olhos, semeamos promessa e vento<br \/>\ncom tempestades na boca, sonhamos a paz na Su\u00e9cia<br \/>\ncom su\u00ed\u00e7as militares, vendemos siris na estrada<br \/>\ne papagaios em Haia, senzalamos casas-grandes<br \/>\ne sobradamos mocambos, bebemos cacha\u00e7a e brahma<br \/>\nJoaquim Silv\u00e9rio e derrama, a pol\u00edcia nos dispersa<br \/>\ne o futebol nos conclama, cantamos salve-rainhas<br \/>\ne salve-se quem puder, pois Jesus Cristo nos mata<br \/>\nnum carnaval de mulatas.&#8221;<\/p>\n<p>Porque uma coisa \u00e9 um pa\u00eds, outra uma cicatriz.<br \/>\nHoje n\u00e3o temos presidente, n\u00e3o temos Congresso, STF, nada! <\/p>\n","protected":false},"excerpt":{"rendered":"<p>O que dizer ap\u00f3s o Senado garantir que A\u00e9cio Neves siga praticando corrup\u00e7\u00e3o e obstru\u00e7\u00e3o de justi\u00e7a e na imin\u00eancia da C\u00e2mara assegurar o mesmo a Michel Temer? Os dias t\u00eam sido assim: o poder que emana do povo \u00e9 exercido por corruptos para privilegiar e proteger corruptos. At\u00e9 quando vamos repetir a frase com&#8230;<a class=\"more-link\" href=\"http:\/\/blogdalucianaoliveira.com.br\/blog\/2017\/10\/18\/uma-coisa-e-um-pais-outra-uma-cicatriz-2\/\">Continue a leitura <span class=\"meta-nav\">&raquo;<\/span><\/a><\/p>\n","protected":false},"author":1,"featured_media":0,"comment_status":"closed","ping_status":"open","sticky":false,"template":"","format":"standard","meta":{"_exactmetrics_skip_tracking":false,"_exactmetrics_sitenote_active":false,"_exactmetrics_sitenote_note":"","_exactmetrics_sitenote_category":0,"jetpack_post_was_ever_published":false,"_jetpack_newsletter_access":"","_jetpack_dont_email_post_to_subs":false,"_jetpack_newsletter_tier_id":0,"_jetpack_memberships_contains_paywalled_content":false,"_jetpack_memberships_contains_paid_content":false,"footnotes":"","jetpack_publicize_message":"","jetpack_publicize_feature_enabled":true,"jetpack_social_post_already_shared":true,"jetpack_social_options":{"image_generator_settings":{"template":"highway","enabled":false},"version":2}},"categories":[1],"tags":[],"class_list":["post-14401","post","type-post","status-publish","format-standard","hentry","category-notas"],"jetpack_publicize_connections":[],"jetpack_sharing_enabled":true,"jetpack_featured_media_url":"","jetpack_shortlink":"https:\/\/wp.me\/p7wKYW-3Kh","jetpack-related-posts":[],"_links":{"self":[{"href":"http:\/\/blogdalucianaoliveira.com.br\/blog\/wp-json\/wp\/v2\/posts\/14401","targetHints":{"allow":["GET"]}}],"collection":[{"href":"http:\/\/blogdalucianaoliveira.com.br\/blog\/wp-json\/wp\/v2\/posts"}],"about":[{"href":"http:\/\/blogdalucianaoliveira.com.br\/blog\/wp-json\/wp\/v2\/types\/post"}],"author":[{"embeddable":true,"href":"http:\/\/blogdalucianaoliveira.com.br\/blog\/wp-json\/wp\/v2\/users\/1"}],"replies":[{"embeddable":true,"href":"http:\/\/blogdalucianaoliveira.com.br\/blog\/wp-json\/wp\/v2\/comments?post=14401"}],"version-history":[{"count":3,"href":"http:\/\/blogdalucianaoliveira.com.br\/blog\/wp-json\/wp\/v2\/posts\/14401\/revisions"}],"predecessor-version":[{"id":14405,"href":"http:\/\/blogdalucianaoliveira.com.br\/blog\/wp-json\/wp\/v2\/posts\/14401\/revisions\/14405"}],"wp:attachment":[{"href":"http:\/\/blogdalucianaoliveira.com.br\/blog\/wp-json\/wp\/v2\/media?parent=14401"}],"wp:term":[{"taxonomy":"category","embeddable":true,"href":"http:\/\/blogdalucianaoliveira.com.br\/blog\/wp-json\/wp\/v2\/categories?post=14401"},{"taxonomy":"post_tag","embeddable":true,"href":"http:\/\/blogdalucianaoliveira.com.br\/blog\/wp-json\/wp\/v2\/tags?post=14401"}],"curies":[{"name":"wp","href":"https:\/\/api.w.org\/{rel}","templated":true}]}}