{"id":14406,"date":"2017-10-18T12:02:34","date_gmt":"2017-10-18T16:02:34","guid":{"rendered":"http:\/\/blogdalucianaoliveira.com.br\/blog\/?p=14406"},"modified":"2017-10-18T12:02:34","modified_gmt":"2017-10-18T16:02:34","slug":"fiscais-param-contra-liberacao-do-trabalho-escravo-por-temer","status":"publish","type":"post","link":"http:\/\/blogdalucianaoliveira.com.br\/blog\/2017\/10\/18\/fiscais-param-contra-liberacao-do-trabalho-escravo-por-temer\/","title":{"rendered":"FISCAIS PARAM CONTRA LIBERA\u00c7\u00c3O DO TRABALHO ESCRAVO POR TEMER"},"content":{"rendered":"<p><img data-recalc-dims=\"1\" loading=\"lazy\" decoding=\"async\" data-attachment-id=\"14407\" data-permalink=\"http:\/\/blogdalucianaoliveira.com.br\/blog\/2017\/10\/18\/fiscais-param-contra-liberacao-do-trabalho-escravo-por-temer\/fifi\/\" data-orig-file=\"https:\/\/i0.wp.com\/blogdalucianaoliveira.com.br\/blog\/wp-content\/uploads\/2017\/10\/fifi.jpg?fit=1000%2C357\" data-orig-size=\"1000,357\" data-comments-opened=\"0\" data-image-meta=\"{&quot;aperture&quot;:&quot;0&quot;,&quot;credit&quot;:&quot;&quot;,&quot;camera&quot;:&quot;&quot;,&quot;caption&quot;:&quot;&quot;,&quot;created_timestamp&quot;:&quot;0&quot;,&quot;copyright&quot;:&quot;&quot;,&quot;focal_length&quot;:&quot;0&quot;,&quot;iso&quot;:&quot;0&quot;,&quot;shutter_speed&quot;:&quot;0&quot;,&quot;title&quot;:&quot;&quot;,&quot;orientation&quot;:&quot;0&quot;}\" data-image-title=\"fifi\" data-image-description=\"\" data-image-caption=\"\" data-medium-file=\"https:\/\/i0.wp.com\/blogdalucianaoliveira.com.br\/blog\/wp-content\/uploads\/2017\/10\/fifi.jpg?fit=300%2C107\" data-large-file=\"https:\/\/i0.wp.com\/blogdalucianaoliveira.com.br\/blog\/wp-content\/uploads\/2017\/10\/fifi.jpg?fit=600%2C214\" src=\"https:\/\/i0.wp.com\/blogdalucianaoliveira.com.br\/blog\/wp-content\/uploads\/2017\/10\/fifi.jpg?resize=600%2C214\" alt=\"fifi\" width=\"600\" height=\"214\" class=\"alignnone size-full wp-image-14407\" srcset=\"https:\/\/i0.wp.com\/blogdalucianaoliveira.com.br\/blog\/wp-content\/uploads\/2017\/10\/fifi.jpg?w=1000 1000w, https:\/\/i0.wp.com\/blogdalucianaoliveira.com.br\/blog\/wp-content\/uploads\/2017\/10\/fifi.jpg?resize=300%2C107 300w, https:\/\/i0.wp.com\/blogdalucianaoliveira.com.br\/blog\/wp-content\/uploads\/2017\/10\/fifi.jpg?resize=768%2C274 768w, https:\/\/i0.wp.com\/blogdalucianaoliveira.com.br\/blog\/wp-content\/uploads\/2017\/10\/fifi.jpg?resize=800%2C286 800w\" sizes=\"auto, (max-width: 600px) 100vw, 600px\" \/><\/p>\n<p>247 &#8211; Os auditores respons\u00e1veis pela fiscaliza\u00e7\u00e3o e combate ao trabalho escravo no Brasil paralisaram suas atividades em 15 estados nesta quarta-feira 18 em protesto contra as mudan\u00e7as feitas pelo governo Michel Temer nas regras de enfrentamento ao problema.<!--more--><\/p>\n<p>Segundo portaria de n\u00famero 1.129\/2017, publicada no Di\u00e1rio Oficial da Uni\u00e3o (DOU) na \u00faltima segunda-feira (16), jornadas extenuantes e degradantes somente ser\u00e3o consideradas an\u00e1logas \u00e0 escravid\u00e3o caso seja comprovado que a liberdade do trabalhador tenha sofrido restri\u00e7\u00f5es.<\/p>\n<p>A divulga\u00e7\u00e3o do nome das empresas que fazem uso deste tipo de m\u00e3o-de-obra, por meio da chamada &#8220;lista suja&#8221;, ser\u00e1 agora divulgada somente por decis\u00e3o do ministro do Trabalho e as a\u00e7\u00f5es de fiscaliza\u00e7\u00e3o somente ter\u00e3o validade caso acompanhadas por agentes da Pol\u00edcia Federal.<\/p>\n<p>O sindicato da categoria diz que a iniciativa de paralisar as atividades foi feita de forma independente pelos fiscais, mas afirma apoiar o movimento. J\u00e1 o Minist\u00e9rio do Trabalho afirma que n\u00e3o foi informado oficialmente da mobiliza\u00e7\u00e3o.<\/p>\n<p>Os auditores do trabalho encaminharam um documento \u00e0 Secretaria de Inspe\u00e7\u00e3o do Trabalho, departamento vinculado ao Minist\u00e9rio do Trabalho, informando a &#8220;moment\u00e2nea paralisa\u00e7\u00e3o das a\u00e7\u00f5es fiscais&#8221; at\u00e9 a completa revoga\u00e7\u00e3o da portaria.<\/p>\n<p>Segundo o documento, a ades\u00e3o envolve os fiscais nos estados do Acre, Bahia, Esp\u00edrito Santo, Mato Grosso, Mato Grosso do Sul, Minas Gerais, Par\u00e1, Pernambuco, Rio de Janeiro, Rio Grande do Norte, Rio Grande do Sul, Rond\u00f4nia, Santa Catarina, S\u00e3o Paulo e Sergipe.<\/p>\n<p>A OIT (Organiza\u00e7\u00e3o Internacional do Trabalho) condenou a mudan\u00e7a nas regras, afirmando que o Brasil n\u00e3o \u00e9 mais uma refer\u00eancia mundial nesse assunto.<\/p>\n<p>Temer decidiu liberar o trabalho escravo nas fazendas para comprar votos da bancada ruralista e se salvar das acusa\u00e7\u00f5es de corrup\u00e7\u00e3o, obstru\u00e7\u00e3o judicial e comando de organiza\u00e7\u00e3o criminosa. Com ele, o Brasil se consolida como vergonha internacional e chega ao fundo do po\u00e7o da degrada\u00e7\u00e3o.<\/p>\n","protected":false},"excerpt":{"rendered":"<p>247 &#8211; Os auditores respons\u00e1veis pela fiscaliza\u00e7\u00e3o e combate ao trabalho escravo no Brasil paralisaram suas atividades em 15 estados nesta quarta-feira 18 em protesto contra as mudan\u00e7as feitas pelo governo Michel Temer nas regras de enfrentamento ao problema.<\/p>\n","protected":false},"author":1,"featured_media":0,"comment_status":"closed","ping_status":"open","sticky":false,"template":"","format":"standard","meta":{"_exactmetrics_skip_tracking":false,"_exactmetrics_sitenote_active":false,"_exactmetrics_sitenote_note":"","_exactmetrics_sitenote_category":0,"jetpack_post_was_ever_published":false,"_jetpack_newsletter_access":"","_jetpack_dont_email_post_to_subs":false,"_jetpack_newsletter_tier_id":0,"_jetpack_memberships_contains_paywalled_content":false,"_jetpack_memberships_contains_paid_content":false,"footnotes":"","jetpack_publicize_message":"","jetpack_publicize_feature_enabled":true,"jetpack_social_post_already_shared":true,"jetpack_social_options":{"image_generator_settings":{"template":"highway","enabled":false},"version":2}},"categories":[1],"tags":[],"class_list":["post-14406","post","type-post","status-publish","format-standard","hentry","category-notas"],"jetpack_publicize_connections":[],"jetpack_sharing_enabled":true,"jetpack_featured_media_url":"","jetpack_shortlink":"https:\/\/wp.me\/p7wKYW-3Km","jetpack-related-posts":[],"_links":{"self":[{"href":"http:\/\/blogdalucianaoliveira.com.br\/blog\/wp-json\/wp\/v2\/posts\/14406","targetHints":{"allow":["GET"]}}],"collection":[{"href":"http:\/\/blogdalucianaoliveira.com.br\/blog\/wp-json\/wp\/v2\/posts"}],"about":[{"href":"http:\/\/blogdalucianaoliveira.com.br\/blog\/wp-json\/wp\/v2\/types\/post"}],"author":[{"embeddable":true,"href":"http:\/\/blogdalucianaoliveira.com.br\/blog\/wp-json\/wp\/v2\/users\/1"}],"replies":[{"embeddable":true,"href":"http:\/\/blogdalucianaoliveira.com.br\/blog\/wp-json\/wp\/v2\/comments?post=14406"}],"version-history":[{"count":1,"href":"http:\/\/blogdalucianaoliveira.com.br\/blog\/wp-json\/wp\/v2\/posts\/14406\/revisions"}],"predecessor-version":[{"id":14408,"href":"http:\/\/blogdalucianaoliveira.com.br\/blog\/wp-json\/wp\/v2\/posts\/14406\/revisions\/14408"}],"wp:attachment":[{"href":"http:\/\/blogdalucianaoliveira.com.br\/blog\/wp-json\/wp\/v2\/media?parent=14406"}],"wp:term":[{"taxonomy":"category","embeddable":true,"href":"http:\/\/blogdalucianaoliveira.com.br\/blog\/wp-json\/wp\/v2\/categories?post=14406"},{"taxonomy":"post_tag","embeddable":true,"href":"http:\/\/blogdalucianaoliveira.com.br\/blog\/wp-json\/wp\/v2\/tags?post=14406"}],"curies":[{"name":"wp","href":"https:\/\/api.w.org\/{rel}","templated":true}]}}