{"id":14409,"date":"2017-10-18T12:09:32","date_gmt":"2017-10-18T16:09:32","guid":{"rendered":"http:\/\/blogdalucianaoliveira.com.br\/blog\/?p=14409"},"modified":"2017-10-18T12:09:32","modified_gmt":"2017-10-18T16:09:32","slug":"juizo-politico-ou-juridico-de-delcidio-a-aecio-senadores-mudam-de-posicao","status":"publish","type":"post","link":"http:\/\/blogdalucianaoliveira.com.br\/blog\/2017\/10\/18\/juizo-politico-ou-juridico-de-delcidio-a-aecio-senadores-mudam-de-posicao\/","title":{"rendered":"Ju\u00edzo pol\u00edtico ou jur\u00eddico? De Delc\u00eddio a A\u00e9cio, senadores mudam de posi\u00e7\u00e3o"},"content":{"rendered":"<p><img data-recalc-dims=\"1\" loading=\"lazy\" decoding=\"async\" data-attachment-id=\"14412\" data-permalink=\"http:\/\/blogdalucianaoliveira.com.br\/blog\/2017\/10\/18\/juizo-politico-ou-juridico-de-delcidio-a-aecio-senadores-mudam-de-posicao\/se-3\/\" data-orig-file=\"https:\/\/i0.wp.com\/blogdalucianaoliveira.com.br\/blog\/wp-content\/uploads\/2017\/10\/se.jpg?fit=660%2C371\" data-orig-size=\"660,371\" data-comments-opened=\"0\" data-image-meta=\"{&quot;aperture&quot;:&quot;0&quot;,&quot;credit&quot;:&quot;&quot;,&quot;camera&quot;:&quot;&quot;,&quot;caption&quot;:&quot;&quot;,&quot;created_timestamp&quot;:&quot;0&quot;,&quot;copyright&quot;:&quot;&quot;,&quot;focal_length&quot;:&quot;0&quot;,&quot;iso&quot;:&quot;0&quot;,&quot;shutter_speed&quot;:&quot;0&quot;,&quot;title&quot;:&quot;&quot;,&quot;orientation&quot;:&quot;0&quot;}\" data-image-title=\"se\" data-image-description=\"\" data-image-caption=\"\" data-medium-file=\"https:\/\/i0.wp.com\/blogdalucianaoliveira.com.br\/blog\/wp-content\/uploads\/2017\/10\/se.jpg?fit=300%2C169\" data-large-file=\"https:\/\/i0.wp.com\/blogdalucianaoliveira.com.br\/blog\/wp-content\/uploads\/2017\/10\/se.jpg?fit=600%2C337\" src=\"https:\/\/i0.wp.com\/blogdalucianaoliveira.com.br\/blog\/wp-content\/uploads\/2017\/10\/se.jpg?resize=600%2C337\" alt=\"se\" width=\"600\" height=\"337\" class=\"alignnone size-full wp-image-14412\" srcset=\"https:\/\/i0.wp.com\/blogdalucianaoliveira.com.br\/blog\/wp-content\/uploads\/2017\/10\/se.jpg?w=660 660w, https:\/\/i0.wp.com\/blogdalucianaoliveira.com.br\/blog\/wp-content\/uploads\/2017\/10\/se.jpg?resize=300%2C169 300w, https:\/\/i0.wp.com\/blogdalucianaoliveira.com.br\/blog\/wp-content\/uploads\/2017\/10\/se.jpg?resize=534%2C300 534w\" sizes=\"auto, (max-width: 600px) 100vw, 600px\" \/><\/p>\n<p>Da BBC Brasil em S\u00e3o Paulo, por Andr\u00e9 Shalders &#8211; Passava pouco das 6h da manh\u00e3 quando o ex-senador Delc\u00eddio do Amaral (ent\u00e3o filiado ao PT) foi preso em um quarto do hotel Golden Tulip em Bras\u00edlia, a poucos quil\u00f4metros do Pal\u00e1cio da Alvorada. Na tarde do mesmo dia, em novembro de 2015, os colegas do ex-petista no Senado decidiram mant\u00ea-lo preso.<!--more--><\/p>\n<p>O placar foi motivo de frustra\u00e7\u00e3o para o futuro delator da Lava Jato. S\u00f3 13 senadores votaram por tir\u00e1-lo da cadeia, e 59 decidiram mant\u00ea-lo preso na superintend\u00eancia da Pol\u00edcia Federal. At\u00e9 alguns colegas do PT votaram contra ele.<\/p>\n<p>A BBC Brasil comparou a vota\u00e7\u00e3o que manteve Delc\u00eddio preso com a que anulou as medidas tomadas pela 1\u00aa Turma do Supremo Tribunal Federal (STF) contra o senador A\u00e9cio Neves (PSDB-MG), na noite de ter\u00e7a-feira. Ao todo, 55 senadores participaram de ambas as decis\u00f5es.<br \/>\nA maioria mudou conforme as cores partid\u00e1rias do colega em apuros: 35 senadores mudaram de voto. Integrantes de legendas como o PSDB, PMDB e DEM votaram contra Delc\u00eddio do Amaral e a favor de A\u00e9cio Neves, enquanto senadores do PT fizeram o caminho inverso.<br \/>\nUm dos que mudou de posi\u00e7\u00e3o foi o tucano Paulo Bauer (SC). Ele se sentiu mal durante um almo\u00e7o da bancada de seu partido, e foi hospitalizado no come\u00e7o da tarde. Mas voltou ao Senado no come\u00e7o da noite desta ter\u00e7a-feira para votar a favor de A\u00e9cio. Em 2015, o tucano votou por manter o petista Delc\u00eddio na cadeia.<br \/>\nJu\u00edzo pol\u00edtico ou jur\u00eddico?<br \/>\nIronicamente, petistas que defenderam Delc\u00eddio do Amaral, em 2015, bradaram contra o &#8220;corporativismo&#8221; ao votar pelo afastamento de A\u00e9cio. Enquanto isso, tucanos que votaram pela manuten\u00e7\u00e3o da pris\u00e3o do petista enxergaram &#8220;exageros&#8221; nas medidas tomadas contra o senador do PSDB.<br \/>\nO ju\u00edzo sobre a &#8220;gravidade&#8221; dos feitos de Delc\u00eddio e A\u00e9cio tamb\u00e9m variou conforme o partido de quem fazia a avalia\u00e7\u00e3o. Para o senador petista Humberto Costa (PT-PE), por exemplo, as acusa\u00e7\u00f5es contra o tucano s\u00e3o &#8220;mais graves&#8221;.<\/p>\n<p><img data-recalc-dims=\"1\" loading=\"lazy\" decoding=\"async\" data-attachment-id=\"14410\" data-permalink=\"http:\/\/blogdalucianaoliveira.com.br\/blog\/2017\/10\/18\/juizo-politico-ou-juridico-de-delcidio-a-aecio-senadores-mudam-de-posicao\/lin\/\" data-orig-file=\"https:\/\/i0.wp.com\/blogdalucianaoliveira.com.br\/blog\/wp-content\/uploads\/2017\/10\/lin.jpg?fit=624%2C351\" data-orig-size=\"624,351\" data-comments-opened=\"0\" data-image-meta=\"{&quot;aperture&quot;:&quot;0&quot;,&quot;credit&quot;:&quot;&quot;,&quot;camera&quot;:&quot;&quot;,&quot;caption&quot;:&quot;&quot;,&quot;created_timestamp&quot;:&quot;0&quot;,&quot;copyright&quot;:&quot;&quot;,&quot;focal_length&quot;:&quot;0&quot;,&quot;iso&quot;:&quot;0&quot;,&quot;shutter_speed&quot;:&quot;0&quot;,&quot;title&quot;:&quot;&quot;,&quot;orientation&quot;:&quot;0&quot;}\" data-image-title=\"lin\" data-image-description=\"\" data-image-caption=\"\" data-medium-file=\"https:\/\/i0.wp.com\/blogdalucianaoliveira.com.br\/blog\/wp-content\/uploads\/2017\/10\/lin.jpg?fit=300%2C169\" data-large-file=\"https:\/\/i0.wp.com\/blogdalucianaoliveira.com.br\/blog\/wp-content\/uploads\/2017\/10\/lin.jpg?fit=600%2C338\" src=\"https:\/\/i0.wp.com\/blogdalucianaoliveira.com.br\/blog\/wp-content\/uploads\/2017\/10\/lin.jpg?resize=600%2C338\" alt=\"lin\" width=\"600\" height=\"338\" class=\"alignnone size-full wp-image-14410\" srcset=\"https:\/\/i0.wp.com\/blogdalucianaoliveira.com.br\/blog\/wp-content\/uploads\/2017\/10\/lin.jpg?w=624 624w, https:\/\/i0.wp.com\/blogdalucianaoliveira.com.br\/blog\/wp-content\/uploads\/2017\/10\/lin.jpg?resize=300%2C169 300w, https:\/\/i0.wp.com\/blogdalucianaoliveira.com.br\/blog\/wp-content\/uploads\/2017\/10\/lin.jpg?resize=533%2C300 533w\" sizes=\"auto, (max-width: 600px) 100vw, 600px\" \/><\/p>\n<p>&#8220;N\u00f3s n\u00e3o estamos aqui movidos pelo \u00f3dio (ao votar contra A\u00e9cio), mas n\u00e3o podemos estar tamb\u00e9m movidos pelo corporativismo ou pelo partidarismo. E falamos isso com a coragem de quem &#8211; n\u00f3s, a bancada do PT e mais alguns companheiros, Jo\u00e3o Alberto (Souza), Roberto (Rocha, do PSB-MA) &#8211; votou contra a pris\u00e3o de Delc\u00eddio&#8221;, disse ele ao votar pelo afastamento do senador do PSDB.<br \/>\nJ\u00e1 o senador Romero Juc\u00e1 (PMDB-RR), que votou pela pris\u00e3o de Delc\u00eddio do Amaral, n\u00e3o viu necessidade de afastar A\u00e9cio Neves.<br \/>\n&#8220;O Senado precisa ficar de p\u00e9, o Senado tem de ter a grandeza de entender este momento. Quero dizer aos senhores e \u00e0s senhoras: eu vou votar &#8216;n\u00e3o&#8217;. Dizer &#8216;n\u00e3o&#8217; hoje \u00e9 a responsabilidade de quem tem um mandato popular, para fazer justi\u00e7a&#8221;, disse.<br \/>\nDelc\u00eddio do Amaral foi preso preventivamente em 2015 acusado de atrapalhar as investiga\u00e7\u00f5es da Opera\u00e7\u00e3o Lava Jato. Em uma grava\u00e7\u00e3o, ele apareceu oferecendo R$ 50 mil mensais \u00e0 fam\u00edlia de Nestor Cerver\u00f3 para tentar convencer o ex-diretor da \u00e1rea internacional da Petrobras a n\u00e3o fechar um acordo de dela\u00e7\u00e3o premiada com o Minist\u00e9rio P\u00fablico Federal (MPF).<br \/>\nNa \u00e9poca, Delc\u00eddio ainda n\u00e3o havia sido denunciado. Por sua vez, A\u00e9cio foi denunciado pela Procuradoria-Geral da Rep\u00fablica (PGR) pelos crimes de obstru\u00e7\u00e3o de Justi\u00e7a e organiza\u00e7\u00e3o criminosa.<br \/>\nSegundo a PGR, o tucano pediu e recebeu R$ 2 milh\u00f5es da JBS como propina e atuou em conjunto com o presidente Michel Temer para obstruir as investiga\u00e7\u00f5es da Lava Jato. Os dois negam as acusa\u00e7\u00f5es.<br \/>\nPau que d\u00e1 em Chico, d\u00e1 em Francisco&#8230;<br \/>\nAo mesmo tempo, 20 senadores votaram da mesma forma tanto no caso de Delc\u00eddio quanto no de A\u00e9cio. Destes, 16 defenderam a pris\u00e3o de Delc\u00eddio e o afastamento de A\u00e9cio.<br \/>\nFoi o que fez outro senador com problemas de sa\u00fade, Ronaldo Caiado (DEM-GO). Fazendeiro, Caiado estava afastado do Senado desde a \u00faltima sexta-feira (13).<br \/>\nEle se acidentou enquanto tentava amansar uma mula em sua fazenda, no munic\u00edpio de Mara Rosa, em Goi\u00e1s. Fraturou o ombro. Em uma cadeira de rodas e usando tipoia, Caiado apareceu no Senado para votar contra A\u00e9cio.<\/p>\n<p><img data-recalc-dims=\"1\" loading=\"lazy\" decoding=\"async\" data-attachment-id=\"14411\" data-permalink=\"http:\/\/blogdalucianaoliveira.com.br\/blog\/2017\/10\/18\/juizo-politico-ou-juridico-de-delcidio-a-aecio-senadores-mudam-de-posicao\/pm-2\/\" data-orig-file=\"https:\/\/i0.wp.com\/blogdalucianaoliveira.com.br\/blog\/wp-content\/uploads\/2017\/10\/pm.jpg?fit=624%2C351\" data-orig-size=\"624,351\" data-comments-opened=\"0\" data-image-meta=\"{&quot;aperture&quot;:&quot;0&quot;,&quot;credit&quot;:&quot;&quot;,&quot;camera&quot;:&quot;&quot;,&quot;caption&quot;:&quot;&quot;,&quot;created_timestamp&quot;:&quot;0&quot;,&quot;copyright&quot;:&quot;&quot;,&quot;focal_length&quot;:&quot;0&quot;,&quot;iso&quot;:&quot;0&quot;,&quot;shutter_speed&quot;:&quot;0&quot;,&quot;title&quot;:&quot;&quot;,&quot;orientation&quot;:&quot;0&quot;}\" data-image-title=\"pm\" data-image-description=\"\" data-image-caption=\"\" data-medium-file=\"https:\/\/i0.wp.com\/blogdalucianaoliveira.com.br\/blog\/wp-content\/uploads\/2017\/10\/pm.jpg?fit=300%2C169\" data-large-file=\"https:\/\/i0.wp.com\/blogdalucianaoliveira.com.br\/blog\/wp-content\/uploads\/2017\/10\/pm.jpg?fit=600%2C338\" src=\"https:\/\/i0.wp.com\/blogdalucianaoliveira.com.br\/blog\/wp-content\/uploads\/2017\/10\/pm.jpg?resize=600%2C338\" alt=\"pm\" width=\"600\" height=\"338\" class=\"alignnone size-full wp-image-14411\" srcset=\"https:\/\/i0.wp.com\/blogdalucianaoliveira.com.br\/blog\/wp-content\/uploads\/2017\/10\/pm.jpg?w=624 624w, https:\/\/i0.wp.com\/blogdalucianaoliveira.com.br\/blog\/wp-content\/uploads\/2017\/10\/pm.jpg?resize=300%2C169 300w, https:\/\/i0.wp.com\/blogdalucianaoliveira.com.br\/blog\/wp-content\/uploads\/2017\/10\/pm.jpg?resize=533%2C300 533w\" sizes=\"auto, (max-width: 600px) 100vw, 600px\" \/><\/p>\n<p>Tamb\u00e9m votaram contra o ex-petista e o tucano os senadores Acir Gurgacz (PDT-RO); Ana Am\u00e9lia (PP-RS); Lasier Martins (PSD-RS); L\u00eddice da Mata (PSB-BA); Paulo Paim (PT-RS); Randolfe Rodrigues (Rede-AP), Roberto Requi\u00e3o (PMDB-PR), Rom\u00e1rio (PSB-RJ) e outros.<br \/>\nSalve geral<br \/>\nAo mesmo tempo, h\u00e1 um grupo de quatro senadores que votou contra a pris\u00e3o de Delc\u00eddio em 2015 e contra o afastamento de A\u00e9cio imposto pelo STF, nesta ter\u00e7a.<br \/>\nUm deles \u00e9 o presidente do Conselho de \u00c9tica do Senado, Jo\u00e3o Alberto Souza (PMDB-MA). Cabe ao peemedebista dar andamento \u00e0s investiga\u00e7\u00f5es contra colegas acusados de quebrar o decoro parlamentar, e analisar representa\u00e7\u00f5es contra senadores.<br \/>\nAl\u00e9m de Jo\u00e3o Alberto e Roberto Rocha, tamb\u00e9m votaram a favor de Delc\u00eddio e de A\u00e9cio os senadores Telm\u00e1rio Mota (PTB-RR) e Fernando Collor de Mello (PTC-AL), ex-presidente da Rep\u00fablica.<br \/>\nPartidos<br \/>\nAssim como aconteceu com os senadores individualmente, a maior parte das siglas mudou de orienta\u00e7\u00e3o nos dois casos. De dez legendas que participaram das duas vota\u00e7\u00f5es, s\u00f3 tr\u00eas orientaram os parlamentares da mesma forma nos dois casos. As outras sete mudaram de posicionamento.<br \/>\nFoi o caso do PT e do PSDB: tucanos e petistas defenderam os respectivos filiados, e pediram a cabe\u00e7a do senador da sigla advers\u00e1ria. O PRB orientou da mesma forma que os tucanos nas duas ocasi\u00f5es.<br \/>\nJ\u00e1 o PMDB, maior partido do Senado (com 22 representantes), orientou seus senadores a votar a favor do tucano de <\/p>\n<p>DEM e PSD, que tinham pedido expressamente a cabe\u00e7a de Delc\u00eddio, fizeram o caminho contr\u00e1rio e liberaram seus congressistas para votar como quisessem no caso de A\u00e9cio.<br \/>\nSomente PSB, Rede e PSC orientaram seus parlamentares a votar contra os colegas em 2015 e nesta ter\u00e7a-feira.<\/p>\n<p>*Colaborou Nathalia Passarinho, da BBC Brasil em Londres<\/p>\n","protected":false},"excerpt":{"rendered":"<p>Da BBC Brasil em S\u00e3o Paulo, por Andr\u00e9 Shalders &#8211; Passava pouco das 6h da manh\u00e3 quando o ex-senador Delc\u00eddio do Amaral (ent\u00e3o filiado ao PT) foi preso em um quarto do hotel Golden Tulip em Bras\u00edlia, a poucos quil\u00f4metros do Pal\u00e1cio da Alvorada. Na tarde do mesmo dia, em novembro de 2015, os colegas&#8230;<a class=\"more-link\" href=\"http:\/\/blogdalucianaoliveira.com.br\/blog\/2017\/10\/18\/juizo-politico-ou-juridico-de-delcidio-a-aecio-senadores-mudam-de-posicao\/\">Continue a leitura <span class=\"meta-nav\">&raquo;<\/span><\/a><\/p>\n","protected":false},"author":1,"featured_media":0,"comment_status":"closed","ping_status":"open","sticky":false,"template":"","format":"standard","meta":{"_exactmetrics_skip_tracking":false,"_exactmetrics_sitenote_active":false,"_exactmetrics_sitenote_note":"","_exactmetrics_sitenote_category":0,"jetpack_post_was_ever_published":false,"_jetpack_newsletter_access":"","_jetpack_dont_email_post_to_subs":false,"_jetpack_newsletter_tier_id":0,"_jetpack_memberships_contains_paywalled_content":false,"_jetpack_memberships_contains_paid_content":false,"footnotes":"","jetpack_publicize_message":"","jetpack_publicize_feature_enabled":true,"jetpack_social_post_already_shared":true,"jetpack_social_options":{"image_generator_settings":{"template":"highway","enabled":false},"version":2}},"categories":[1],"tags":[],"class_list":["post-14409","post","type-post","status-publish","format-standard","hentry","category-notas"],"jetpack_publicize_connections":[],"jetpack_sharing_enabled":true,"jetpack_featured_media_url":"","jetpack_shortlink":"https:\/\/wp.me\/p7wKYW-3Kp","jetpack-related-posts":[],"_links":{"self":[{"href":"http:\/\/blogdalucianaoliveira.com.br\/blog\/wp-json\/wp\/v2\/posts\/14409","targetHints":{"allow":["GET"]}}],"collection":[{"href":"http:\/\/blogdalucianaoliveira.com.br\/blog\/wp-json\/wp\/v2\/posts"}],"about":[{"href":"http:\/\/blogdalucianaoliveira.com.br\/blog\/wp-json\/wp\/v2\/types\/post"}],"author":[{"embeddable":true,"href":"http:\/\/blogdalucianaoliveira.com.br\/blog\/wp-json\/wp\/v2\/users\/1"}],"replies":[{"embeddable":true,"href":"http:\/\/blogdalucianaoliveira.com.br\/blog\/wp-json\/wp\/v2\/comments?post=14409"}],"version-history":[{"count":1,"href":"http:\/\/blogdalucianaoliveira.com.br\/blog\/wp-json\/wp\/v2\/posts\/14409\/revisions"}],"predecessor-version":[{"id":14413,"href":"http:\/\/blogdalucianaoliveira.com.br\/blog\/wp-json\/wp\/v2\/posts\/14409\/revisions\/14413"}],"wp:attachment":[{"href":"http:\/\/blogdalucianaoliveira.com.br\/blog\/wp-json\/wp\/v2\/media?parent=14409"}],"wp:term":[{"taxonomy":"category","embeddable":true,"href":"http:\/\/blogdalucianaoliveira.com.br\/blog\/wp-json\/wp\/v2\/categories?post=14409"},{"taxonomy":"post_tag","embeddable":true,"href":"http:\/\/blogdalucianaoliveira.com.br\/blog\/wp-json\/wp\/v2\/tags?post=14409"}],"curies":[{"name":"wp","href":"https:\/\/api.w.org\/{rel}","templated":true}]}}