{"id":14428,"date":"2017-10-19T09:52:03","date_gmt":"2017-10-19T13:52:03","guid":{"rendered":"http:\/\/blogdalucianaoliveira.com.br\/blog\/?p=14428"},"modified":"2017-10-19T09:52:03","modified_gmt":"2017-10-19T13:52:03","slug":"ataque-na-somalia-seis-perguntas-e-respostas-para-entender-o-atentado-em-mogadiscio","status":"publish","type":"post","link":"http:\/\/blogdalucianaoliveira.com.br\/blog\/2017\/10\/19\/ataque-na-somalia-seis-perguntas-e-respostas-para-entender-o-atentado-em-mogadiscio\/","title":{"rendered":"Ataque na Som\u00e1lia: seis perguntas e respostas para entender o atentado em Mogad\u00edscio"},"content":{"rendered":"<p><img data-recalc-dims=\"1\" loading=\"lazy\" decoding=\"async\" data-attachment-id=\"14429\" data-permalink=\"http:\/\/blogdalucianaoliveira.com.br\/blog\/2017\/10\/19\/ataque-na-somalia-seis-perguntas-e-respostas-para-entender-o-atentado-em-mogadiscio\/moga\/\" data-orig-file=\"https:\/\/i0.wp.com\/blogdalucianaoliveira.com.br\/blog\/wp-content\/uploads\/2017\/10\/moga.jpg?fit=640%2C426\" data-orig-size=\"640,426\" data-comments-opened=\"0\" data-image-meta=\"{&quot;aperture&quot;:&quot;0&quot;,&quot;credit&quot;:&quot;&quot;,&quot;camera&quot;:&quot;&quot;,&quot;caption&quot;:&quot;&quot;,&quot;created_timestamp&quot;:&quot;0&quot;,&quot;copyright&quot;:&quot;&quot;,&quot;focal_length&quot;:&quot;0&quot;,&quot;iso&quot;:&quot;0&quot;,&quot;shutter_speed&quot;:&quot;0&quot;,&quot;title&quot;:&quot;&quot;,&quot;orientation&quot;:&quot;0&quot;}\" data-image-title=\"moga\" data-image-description=\"\" data-image-caption=\"\" data-medium-file=\"https:\/\/i0.wp.com\/blogdalucianaoliveira.com.br\/blog\/wp-content\/uploads\/2017\/10\/moga.jpg?fit=300%2C200\" data-large-file=\"https:\/\/i0.wp.com\/blogdalucianaoliveira.com.br\/blog\/wp-content\/uploads\/2017\/10\/moga.jpg?fit=600%2C399\" src=\"https:\/\/i0.wp.com\/blogdalucianaoliveira.com.br\/blog\/wp-content\/uploads\/2017\/10\/moga.jpg?resize=600%2C399\" alt=\"moga\" width=\"600\" height=\"399\" class=\"alignnone size-full wp-image-14429\" srcset=\"https:\/\/i0.wp.com\/blogdalucianaoliveira.com.br\/blog\/wp-content\/uploads\/2017\/10\/moga.jpg?w=640 640w, https:\/\/i0.wp.com\/blogdalucianaoliveira.com.br\/blog\/wp-content\/uploads\/2017\/10\/moga.jpg?resize=300%2C200 300w, https:\/\/i0.wp.com\/blogdalucianaoliveira.com.br\/blog\/wp-content\/uploads\/2017\/10\/moga.jpg?resize=451%2C300 451w\" sizes=\"auto, (max-width: 600px) 100vw, 600px\" \/><\/p>\n<p>Maior atentado na hist\u00f3ria do pa\u00eds vem no contexto de v\u00e1cuo governamental e ascens\u00e3o de grupo terrorista<!--more--><\/p>\n<p>Tiago Angelo<br \/>\nOpera Mundi<\/p>\n<p>O recente ataque na capital da Som\u00e1lia, que aconteceu neste \u00faltimo s\u00e1bado (14), n\u00e3o \u00e9 um fato isolado na regi\u00e3o. O pa\u00eds se encontra em uma guerra civil h\u00e1 mais de 20 anos, desde a queda do ditador Mohammed Siad Barre, em 1991, e est\u00e1 em situa\u00e7\u00e3o de caos pol\u00edtico com o conflito entre o grupo terrorista Al Shabaad e o governo transit\u00f3rio.<\/p>\n<p>Ao menos 315 pessoas morreram no atentado  &#8211; que j\u00e1 \u00e9 considerado o maior na hist\u00f3ria da Som\u00e1lia \u2013, quantidade que ainda deve aumentar, j\u00e1 que o n\u00famero de feridos ultrapassa os 500. Opera Mundi preparou seis perguntas e respostas para mostrar que o atentado mais recente \u00e9 a ponta de um conflito que destr\u00f3i o pa\u00eds h\u00e1 mais de duas d\u00e9cadas. Leia:<\/p>\n<p>1. O que aconteceu na Som\u00e1lia?<\/p>\n<p>Dois ataques com caminh\u00e3o bomba deixaram 315 pessoas mortas, segundo o \u00faltimo balan\u00e7o. O n\u00famero ainda deve aumentar, uma vez que ao menos 500 pessoas est\u00e3o feridas.<\/p>\n<p>Um dos ataques ocorreu em frente ao hotel Safari, que fica pr\u00f3ximo do minist\u00e9rio do governo somali, em uma regi\u00e3o movimentada da capital. Horas depois, uma segunda explos\u00e3o ocorreu no bairro de Medina. \u201cEles apontaram para a \u00e1rea mais populosa de Mogad\u00edscio, matando somente civis\u201d, afirmou o primeiro ministro somali, Hassan Ali Khaire.<\/p>\n<p>2. Qual \u00e9 a situa\u00e7\u00e3o da Som\u00e1lia no momento?<\/p>\n<p>O pa\u00eds sofre com uma forte seca, que atinge diretamente 3 milh\u00f5es de pessoas. A falta de \u00e1gua aumentou o pre\u00e7o do produto, obrigando os somalis a recorrer a fontes contaminadas, aumentando o risco de contrair doen\u00e7as como c\u00f3lera e diarreia.<\/p>\n<p>O pa\u00eds tamb\u00e9m passa por uma instabilidade pol\u00edtica que perdura desde 1969, quando o ditador Mohammed Siad Barre assumiu o poder. Desde que Siad foi derrubado, em 1991, prevalece uma guerra civil em solo somali. Com o v\u00e1cuo deixado ap\u00f3s o colapso do governo central, as cortes baseadas na sharia (lei isl\u00e2mica) se tornaram o principal sistema judicial na Som\u00e1lia, como tentativa de reestabelecer a ordem no pa\u00eds.<\/p>\n<p>O processo de transi\u00e7\u00e3o tomou o controle de outros setores, como educa\u00e7\u00e3o e sa\u00fade, resultando na cria\u00e7\u00e3o de uma mil\u00edcia chamada Uni\u00e3o dos Tribunais Isl\u00e2micos, que passou a funcionar como corte no pa\u00eds.<\/p>\n<p>A instabilidade ap\u00f3s a queda de Siad tamb\u00e9m serviu como terreno para a forma\u00e7\u00e3o do Al Shabaad, bra\u00e7o militar da Uni\u00e3o dos Tribunais isl\u00e2micos. O grupo entrou em conflito contra o governo provis\u00f3rio, que tamb\u00e9m disputa terreno no pa\u00eds desde a queda de Siad. Boa parte do territ\u00f3rio da Som\u00e1lia n\u00e3o \u00e9 controlado pelo governo central.<\/p>\n<p>3. O que \u00e9 o Al Shabaad?<\/p>\n<p>Nenhum grupo assumiu a autoria dos ataques deste s\u00e1bado. No entanto, o governo acusa o Al Shabaad, grupo terrorista respons\u00e1vel pala maior parte dos atentados na regi\u00e3o da Som\u00e1lia.<\/p>\n<p>O principal respons\u00e1vel pela ascens\u00e3o do grupo \u00e9 Aden Hasi Farah \u201cAyro\u201d, combatente somali que possu\u00eda liga\u00e7\u00e3o com os centros de treinamento de Osama Bin Laden e possu\u00eda uma estreita rela\u00e7\u00e3o com o sheikh Hassan Aweys, principal lideran\u00e7a dos Tribunais Isl\u00e2micos. Juntos, consolidaram o nascimento do Harakat al Shabad al Mujahideen, conhecido como Al Shabaad (que significa \u201cjuventude\u201d).<\/p>\n<p>O grupo rapidamente ganhou for\u00e7a na regi\u00e3o, tomando parte de um amplo territ\u00f3rio da Som\u00e1lia. At\u00e9 2011, cerca de 1\/3 do pa\u00eds esteve sob controle dos radicais, incluindo a capital, Mogad\u00edscio.<\/p>\n<p>No mesmo ano, foi criada a Miss\u00e3o da Uni\u00e3o Africana para Som\u00e1lia (Amisom), que tinha como principal miss\u00e3o combater a insurg\u00eancia isl\u00e2mica. Entre 2011 e 2012, a Amisom conseguiu retomar a capital e o porto de Kismayo.<\/p>\n<p>Mesmo com sua influ\u00eancia enfraquecida, o Al Shabaad continuou com o controle de uma ampla \u00e1rea na regi\u00e3o rural da Som\u00e1lia, em especial no sul do pa\u00eds, onde faz fronteira com o Qu\u00eania, que mantinha dist\u00e2ncia do vizinho at\u00e9 o grupo atacar Nair\u00f3bi, deixando 30 mortos e servindo para que o pa\u00eds passasse a integrar o Amisom, exercendo papel fundamental na retomada do territ\u00f3rio somali.<\/p>\n<p>Por conta de seu enfraquecimento, o Al Shabaad se vinculou com a Al-Qaeda em 2012, ganhando for\u00e7a novamente. O grupo passou a planejar ataques na Som\u00e1lia e no Qu\u00eania, como tentativa de reaver parte do territ\u00f3rio perdido e como repres\u00e1lia \u00e0 participa\u00e7\u00e3o queniana na Amisom.<\/p>\n<p>4. Qual foi a resposta do governo?<\/p>\n<p>O presidente da Som\u00e1lia, Mohamed Abdullahi Mohamed, decretou tr\u00eas dias de luto no pa\u00eds. \u201cEles apontaram para a \u00e1rea mais populosa de Mogad\u00edscio, matando somente civis\u201d, afirmou o primeiro ministro somali, Hassan Ali Khaire. Vale lembrar que o governo da Som\u00e1lia n\u00e3o possui muita for\u00e7a, frente \u00e0 guerra civil que j\u00e1 dura mais de 20 anos no pa\u00eds.<\/p>\n<p>5. Como a comunidade somali reagiu?<\/p>\n<p>Os somalis reagiram ao ataque em manifesta\u00e7\u00f5es e com mutir\u00f5es de doa\u00e7\u00e3o de sangue para auxiliar as v\u00edtimas. \u00c9 grande o n\u00famero de corpos que ainda n\u00e3o foram identificados no pa\u00eds, o que fez com que a popula\u00e7\u00e3o se unisse tamb\u00e9m para pedir mais rapidez na identifica\u00e7\u00e3o dos corpos de seus parentes desaparecidos. <\/p>\n<p>6. Qual foi a resposta da comunidade internacional frente ao ataque em Mogad\u00edscio?<\/p>\n<p>O secret\u00e1rio geral das Na\u00e7\u00f5es Unidas, Ant\u00f3nio Guterres, se pronunciou no domingo (15\/10) condenando o ataque na Som\u00e1lia. Em comunicado de seu porta-voz, Guterres pediu \u201ca todos os somalis que se unam \u00e0 luta contra o terrorismo e o extremismo violento e trabalhem lado a lado na constru\u00e7\u00e3o de um Estado funcional e inclusivo\u201d.<\/p>\n<p>Os Estados Unidos tamb\u00e9m emitiram pronunciamento, afirmando que o atentado foi \u201ccovarde\u201d. A porta-voz do Departamento de Estado norte-americano, Heather Nauer, afirmou que \u201cos EUA condenam nos termos mais en\u00e9rgicos os ataques terroristas que mataram e feriram centenas de pessoas em Mogad\u00edscio\u201d. Os EUA j\u00e1 tem presen\u00e7a no pa\u00eds, tendo matado o lider do grupo, Ali Jabal, em um bombardeio que ocorreu em junho deste ano.<\/p>\n<p>Qu\u00eania, Turquia e Estados Unidos enviaram contingente m\u00e9dico para auxiliar as v\u00edtimas. Ancara tamb\u00e9m recebeu feridos no ataque, j\u00e1 que o n\u00famero de pessoas hospitalizadas na regi\u00e3o \u00e9 muito grande.<\/p>\n<p>Edi\u00e7\u00e3o: Opera Mundi<\/p>\n","protected":false},"excerpt":{"rendered":"<p>Maior atentado na hist\u00f3ria do pa\u00eds vem no contexto de v\u00e1cuo governamental e ascens\u00e3o de grupo terrorista<\/p>\n","protected":false},"author":1,"featured_media":0,"comment_status":"closed","ping_status":"open","sticky":false,"template":"","format":"standard","meta":{"_exactmetrics_skip_tracking":false,"_exactmetrics_sitenote_active":false,"_exactmetrics_sitenote_note":"","_exactmetrics_sitenote_category":0,"jetpack_post_was_ever_published":false,"_jetpack_newsletter_access":"","_jetpack_dont_email_post_to_subs":false,"_jetpack_newsletter_tier_id":0,"_jetpack_memberships_contains_paywalled_content":false,"_jetpack_memberships_contains_paid_content":false,"footnotes":"","jetpack_publicize_message":"","jetpack_publicize_feature_enabled":true,"jetpack_social_post_already_shared":true,"jetpack_social_options":{"image_generator_settings":{"template":"highway","enabled":false},"version":2}},"categories":[1],"tags":[],"class_list":["post-14428","post","type-post","status-publish","format-standard","hentry","category-notas"],"jetpack_publicize_connections":[],"jetpack_sharing_enabled":true,"jetpack_featured_media_url":"","jetpack_shortlink":"https:\/\/wp.me\/p7wKYW-3KI","jetpack-related-posts":[],"_links":{"self":[{"href":"http:\/\/blogdalucianaoliveira.com.br\/blog\/wp-json\/wp\/v2\/posts\/14428","targetHints":{"allow":["GET"]}}],"collection":[{"href":"http:\/\/blogdalucianaoliveira.com.br\/blog\/wp-json\/wp\/v2\/posts"}],"about":[{"href":"http:\/\/blogdalucianaoliveira.com.br\/blog\/wp-json\/wp\/v2\/types\/post"}],"author":[{"embeddable":true,"href":"http:\/\/blogdalucianaoliveira.com.br\/blog\/wp-json\/wp\/v2\/users\/1"}],"replies":[{"embeddable":true,"href":"http:\/\/blogdalucianaoliveira.com.br\/blog\/wp-json\/wp\/v2\/comments?post=14428"}],"version-history":[{"count":1,"href":"http:\/\/blogdalucianaoliveira.com.br\/blog\/wp-json\/wp\/v2\/posts\/14428\/revisions"}],"predecessor-version":[{"id":14430,"href":"http:\/\/blogdalucianaoliveira.com.br\/blog\/wp-json\/wp\/v2\/posts\/14428\/revisions\/14430"}],"wp:attachment":[{"href":"http:\/\/blogdalucianaoliveira.com.br\/blog\/wp-json\/wp\/v2\/media?parent=14428"}],"wp:term":[{"taxonomy":"category","embeddable":true,"href":"http:\/\/blogdalucianaoliveira.com.br\/blog\/wp-json\/wp\/v2\/categories?post=14428"},{"taxonomy":"post_tag","embeddable":true,"href":"http:\/\/blogdalucianaoliveira.com.br\/blog\/wp-json\/wp\/v2\/tags?post=14428"}],"curies":[{"name":"wp","href":"https:\/\/api.w.org\/{rel}","templated":true}]}}