{"id":14432,"date":"2017-10-19T10:52:09","date_gmt":"2017-10-19T14:52:09","guid":{"rendered":"http:\/\/blogdalucianaoliveira.com.br\/blog\/?p=14432"},"modified":"2017-10-19T10:52:09","modified_gmt":"2017-10-19T14:52:09","slug":"uniao-entre-estado-ministerio-publico-e-judiciario-faz-de-rondonia-ilha-de-resistencia-e-avancos-em-area-esfacelada-brasil-afora-a-saude-publica","status":"publish","type":"post","link":"http:\/\/blogdalucianaoliveira.com.br\/blog\/2017\/10\/19\/uniao-entre-estado-ministerio-publico-e-judiciario-faz-de-rondonia-ilha-de-resistencia-e-avancos-em-area-esfacelada-brasil-afora-a-saude-publica\/","title":{"rendered":"Uni\u00e3o entre Estado, Minist\u00e9rio P\u00fablico e Judici\u00e1rio faz de Rond\u00f4nia ilha de resist\u00eancia e avan\u00e7os em \u00e1rea esfacelada Brasil afora: a Sa\u00fade P\u00fablica"},"content":{"rendered":"<p><img data-recalc-dims=\"1\" loading=\"lazy\" decoding=\"async\" data-attachment-id=\"14433\" data-permalink=\"http:\/\/blogdalucianaoliveira.com.br\/blog\/2017\/10\/19\/uniao-entre-estado-ministerio-publico-e-judiciario-faz-de-rondonia-ilha-de-resistencia-e-avancos-em-area-esfacelada-brasil-afora-a-saude-publica\/canova\/\" data-orig-file=\"https:\/\/i0.wp.com\/blogdalucianaoliveira.com.br\/blog\/wp-content\/uploads\/2017\/10\/canova.jpg?fit=960%2C960\" data-orig-size=\"960,960\" data-comments-opened=\"0\" data-image-meta=\"{&quot;aperture&quot;:&quot;0&quot;,&quot;credit&quot;:&quot;&quot;,&quot;camera&quot;:&quot;&quot;,&quot;caption&quot;:&quot;&quot;,&quot;created_timestamp&quot;:&quot;0&quot;,&quot;copyright&quot;:&quot;&quot;,&quot;focal_length&quot;:&quot;0&quot;,&quot;iso&quot;:&quot;0&quot;,&quot;shutter_speed&quot;:&quot;0&quot;,&quot;title&quot;:&quot;&quot;,&quot;orientation&quot;:&quot;0&quot;}\" data-image-title=\"Vinicius Canova\" data-image-description=\"\" data-image-caption=\"\" data-medium-file=\"https:\/\/i0.wp.com\/blogdalucianaoliveira.com.br\/blog\/wp-content\/uploads\/2017\/10\/canova.jpg?fit=300%2C300\" data-large-file=\"https:\/\/i0.wp.com\/blogdalucianaoliveira.com.br\/blog\/wp-content\/uploads\/2017\/10\/canova.jpg?fit=600%2C600\" class=\"alignnone size-full wp-image-14433\" src=\"https:\/\/i0.wp.com\/blogdalucianaoliveira.com.br\/blog\/wp-content\/uploads\/2017\/10\/canova.jpg?resize=600%2C600\" alt=\"Vinicius Canova\" width=\"600\" height=\"600\" srcset=\"https:\/\/i0.wp.com\/blogdalucianaoliveira.com.br\/blog\/wp-content\/uploads\/2017\/10\/canova.jpg?w=960 960w, https:\/\/i0.wp.com\/blogdalucianaoliveira.com.br\/blog\/wp-content\/uploads\/2017\/10\/canova.jpg?resize=150%2C150 150w, https:\/\/i0.wp.com\/blogdalucianaoliveira.com.br\/blog\/wp-content\/uploads\/2017\/10\/canova.jpg?resize=300%2C300 300w, https:\/\/i0.wp.com\/blogdalucianaoliveira.com.br\/blog\/wp-content\/uploads\/2017\/10\/canova.jpg?resize=768%2C768 768w\" sizes=\"auto, (max-width: 600px) 100vw, 600px\" \/><\/p>\n<p>O jornalista Vinicius Canova, do Rond\u00f4nia Din\u00e2mica, publicou mat\u00e9ria intitulada \u201c<a href=\"http:\/\/www.rondoniadinamica.com.br\/arquivo\/noticia13594.shtml\">Uni\u00e3o entre Estado, Minist\u00e9rio P\u00fablico e Judici\u00e1rio faz de Rond\u00f4nia ilha de resist\u00eancia e avan\u00e7os em \u00e1rea esfacelada Brasil afora: a Sa\u00fade P\u00fablica<\/a>\u201d.<\/p>\n<p>No texto, esmi\u00fa\u00e7a declara\u00e7\u00f5es de autoridades do Estado sobre resist\u00eancia e at\u00e9 avan\u00e7os num setor destru\u00eddo Brasil afora: a Sa\u00fade P\u00fablica. Paralelamente, conversa com cidad\u00e3os aleat\u00f3rios relatando impress\u00f5es acerca de atendimentos, presta\u00e7\u00e3o de servi\u00e7os e concess\u00e3o de medicamentos.<\/p>\n<p>Como subtema, a reda\u00e7\u00e3o busca a resposta para o porqu\u00ea de as pessoas ainda procurarem a Justi\u00e7a para satisfazer suas necessidades mais b\u00e1sicas na \u00e1rea, teoricamente garantidas pela Constitui\u00e7\u00e3o Federal (CF\/88).<\/p>\n<p>Vale a pena conferir!<\/p>\n<p><a href=\"http:\/\/www.rondoniadinamica.com.br\/arquivo\/noticia13594.shtml\">CLIQUE AQUI E LEIA O TEXTO.<\/a><\/p>\n","protected":false},"excerpt":{"rendered":"<p>O jornalista Vinicius Canova, do Rond\u00f4nia Din\u00e2mica, publicou mat\u00e9ria intitulada \u201cUni\u00e3o entre Estado, Minist\u00e9rio P\u00fablico e Judici\u00e1rio faz de Rond\u00f4nia ilha de resist\u00eancia e avan\u00e7os em \u00e1rea esfacelada Brasil afora: a Sa\u00fade P\u00fablica\u201d. No texto, esmi\u00fa\u00e7a declara\u00e7\u00f5es de autoridades do Estado sobre resist\u00eancia e at\u00e9 avan\u00e7os num setor destru\u00eddo Brasil afora: a Sa\u00fade P\u00fablica. Paralelamente,&#8230;<a class=\"more-link\" href=\"http:\/\/blogdalucianaoliveira.com.br\/blog\/2017\/10\/19\/uniao-entre-estado-ministerio-publico-e-judiciario-faz-de-rondonia-ilha-de-resistencia-e-avancos-em-area-esfacelada-brasil-afora-a-saude-publica\/\">Continue a leitura <span class=\"meta-nav\">&raquo;<\/span><\/a><\/p>\n","protected":false},"author":1,"featured_media":0,"comment_status":"closed","ping_status":"open","sticky":false,"template":"","format":"standard","meta":{"_exactmetrics_skip_tracking":false,"_exactmetrics_sitenote_active":false,"_exactmetrics_sitenote_note":"","_exactmetrics_sitenote_category":0,"jetpack_post_was_ever_published":false,"_jetpack_newsletter_access":"","_jetpack_dont_email_post_to_subs":false,"_jetpack_newsletter_tier_id":0,"_jetpack_memberships_contains_paywalled_content":false,"_jetpack_memberships_contains_paid_content":false,"footnotes":"","jetpack_publicize_message":"","jetpack_publicize_feature_enabled":true,"jetpack_social_post_already_shared":true,"jetpack_social_options":{"image_generator_settings":{"template":"highway","enabled":false},"version":2}},"categories":[1],"tags":[342,7,343,345,344],"class_list":["post-14432","post","type-post","status-publish","format-standard","hentry","category-notas","tag-ministerio-publico","tag-rondonia","tag-saude","tag-saude-publica","tag-vinicius-canova"],"jetpack_publicize_connections":[],"jetpack_sharing_enabled":true,"jetpack_featured_media_url":"","jetpack_shortlink":"https:\/\/wp.me\/p7wKYW-3KM","jetpack-related-posts":[],"_links":{"self":[{"href":"http:\/\/blogdalucianaoliveira.com.br\/blog\/wp-json\/wp\/v2\/posts\/14432","targetHints":{"allow":["GET"]}}],"collection":[{"href":"http:\/\/blogdalucianaoliveira.com.br\/blog\/wp-json\/wp\/v2\/posts"}],"about":[{"href":"http:\/\/blogdalucianaoliveira.com.br\/blog\/wp-json\/wp\/v2\/types\/post"}],"author":[{"embeddable":true,"href":"http:\/\/blogdalucianaoliveira.com.br\/blog\/wp-json\/wp\/v2\/users\/1"}],"replies":[{"embeddable":true,"href":"http:\/\/blogdalucianaoliveira.com.br\/blog\/wp-json\/wp\/v2\/comments?post=14432"}],"version-history":[{"count":2,"href":"http:\/\/blogdalucianaoliveira.com.br\/blog\/wp-json\/wp\/v2\/posts\/14432\/revisions"}],"predecessor-version":[{"id":14435,"href":"http:\/\/blogdalucianaoliveira.com.br\/blog\/wp-json\/wp\/v2\/posts\/14432\/revisions\/14435"}],"wp:attachment":[{"href":"http:\/\/blogdalucianaoliveira.com.br\/blog\/wp-json\/wp\/v2\/media?parent=14432"}],"wp:term":[{"taxonomy":"category","embeddable":true,"href":"http:\/\/blogdalucianaoliveira.com.br\/blog\/wp-json\/wp\/v2\/categories?post=14432"},{"taxonomy":"post_tag","embeddable":true,"href":"http:\/\/blogdalucianaoliveira.com.br\/blog\/wp-json\/wp\/v2\/tags?post=14432"}],"curies":[{"name":"wp","href":"https:\/\/api.w.org\/{rel}","templated":true}]}}