{"id":14436,"date":"2017-10-20T09:01:34","date_gmt":"2017-10-20T13:01:34","guid":{"rendered":"http:\/\/blogdalucianaoliveira.com.br\/blog\/?p=14436"},"modified":"2017-10-20T09:01:34","modified_gmt":"2017-10-20T13:01:34","slug":"90-dos-brasileiros-nao-confiam-em-michel-temer","status":"publish","type":"post","link":"http:\/\/blogdalucianaoliveira.com.br\/blog\/2017\/10\/20\/90-dos-brasileiros-nao-confiam-em-michel-temer\/","title":{"rendered":"90% DOS BRASILEIROS N\u00c3O CONFIAM EM MICHEL TEMER"},"content":{"rendered":"<p><img data-recalc-dims=\"1\" loading=\"lazy\" decoding=\"async\" data-attachment-id=\"14437\" data-permalink=\"http:\/\/blogdalucianaoliveira.com.br\/blog\/2017\/10\/20\/90-dos-brasileiros-nao-confiam-em-michel-temer\/od\/\" data-orig-file=\"https:\/\/i0.wp.com\/blogdalucianaoliveira.com.br\/blog\/wp-content\/uploads\/2017\/10\/od.jpg?fit=1000%2C357\" data-orig-size=\"1000,357\" data-comments-opened=\"0\" data-image-meta=\"{&quot;aperture&quot;:&quot;0&quot;,&quot;credit&quot;:&quot;&quot;,&quot;camera&quot;:&quot;&quot;,&quot;caption&quot;:&quot;&quot;,&quot;created_timestamp&quot;:&quot;0&quot;,&quot;copyright&quot;:&quot;&quot;,&quot;focal_length&quot;:&quot;0&quot;,&quot;iso&quot;:&quot;0&quot;,&quot;shutter_speed&quot;:&quot;0&quot;,&quot;title&quot;:&quot;&quot;,&quot;orientation&quot;:&quot;0&quot;}\" data-image-title=\"od\" data-image-description=\"\" data-image-caption=\"\" data-medium-file=\"https:\/\/i0.wp.com\/blogdalucianaoliveira.com.br\/blog\/wp-content\/uploads\/2017\/10\/od.jpg?fit=300%2C107\" data-large-file=\"https:\/\/i0.wp.com\/blogdalucianaoliveira.com.br\/blog\/wp-content\/uploads\/2017\/10\/od.jpg?fit=600%2C214\" class=\"alignnone size-full wp-image-14437\" src=\"https:\/\/i0.wp.com\/blogdalucianaoliveira.com.br\/blog\/wp-content\/uploads\/2017\/10\/od.jpg?resize=600%2C214\" alt=\"od\" width=\"600\" height=\"214\" srcset=\"https:\/\/i0.wp.com\/blogdalucianaoliveira.com.br\/blog\/wp-content\/uploads\/2017\/10\/od.jpg?w=1000 1000w, https:\/\/i0.wp.com\/blogdalucianaoliveira.com.br\/blog\/wp-content\/uploads\/2017\/10\/od.jpg?resize=300%2C107 300w, https:\/\/i0.wp.com\/blogdalucianaoliveira.com.br\/blog\/wp-content\/uploads\/2017\/10\/od.jpg?resize=768%2C274 768w, https:\/\/i0.wp.com\/blogdalucianaoliveira.com.br\/blog\/wp-content\/uploads\/2017\/10\/od.jpg?resize=800%2C286 800w\" sizes=\"auto, (max-width: 600px) 100vw, 600px\" \/><\/p>\n<p>&nbsp;<\/p>\n<p><strong>247 &#8211;<\/strong>\u00a0A um ano das elei\u00e7\u00f5es, os pol\u00edticos continuam no patamar mais alto de desconfian\u00e7a entre os brasileiros, segundo levantamento mais recente do Ipsos. De acordo com o estudo, 93% n\u00e3o confiam nos pol\u00edticos em geral e 90% n\u00e3o confiam em Michel Temer. Ao mesmo tempo, as institui\u00e7\u00f5es mais confi\u00e1veis para os entrevistados s\u00e3o as For\u00e7as Armadas (66%) e a Pol\u00edcia Federal (64%).<!--more--><\/p>\n<div class=\"teads-inread\"><\/div>\n<p>Os dados foram divulgados nesta quinta-feira, 19, no lan\u00e7amento de uma publica\u00e7\u00e3o do Ipsos intitulada Brasil 2018: Caiu a M\u00e1scara. Para o levantamento, foram entrevistados 1,2 mil pessoas, em 72 munic\u00edpios, entre os dias 1.\u00ba e 14 de julho deste ano. A margem de erro da pesquisa \u00e9 de 3 pontos percentuais.<\/p>\n<p>O estudo apontou que 86% dos entrevistados disseram concordar, parcialmente ou totalmente, com a frase: \u201cOs partidos e pol\u00edticos tradicionais n\u00e3o se preocupam com pessoas como eu\u201d. \u201cH\u00e1 uma desconfian\u00e7a generalizada nas institui\u00e7\u00f5es em um contexto de crise econ\u00f4mica e v\u00e1cuo de lideran\u00e7as\u201d, explicou Danilo Cersosimo, diretor da Ipsos Public Affairs.<\/p>\n<p>Ele avaliou que a maioria dos entrevistados considera que os militares e os policiais federais s\u00e3o os personagens que v\u00e3o resolver os problemas sem grandes rituais. \u201cEm um momento de crise moral no Pa\u00eds, s\u00e3o as for\u00e7as armadas e a pol\u00edcia que t\u00eam esse capital de imagem do ponto de vista de serem institui\u00e7\u00f5es intoc\u00e1veis, mais puras\u201d, afirmou.<\/p>\n<p>L\u00edderes da confian\u00e7a dos brasileiros, as For\u00e7as Armadas e a PF, tamb\u00e9m, representam, para os entrevistados, o \u201cmoralismo e conservadorismo\u201d, observou o diretor da Ipsos Public Affairs. \u201cAs pessoas as apoiam por isso, porque acham que elas podem corrigir o sistema falido\u201d, afirmou Cersosimo.<\/p>\n<p>As informa\u00e7\u00f5es s\u00e3o de\u00a0http:\/\/politica.estadao.com.br\/noticias\/geral,desconfianca-nos-politicos-aumenta-diz-pesquisa-ipsos,70002053449<a href=\"http:\/\/politica.estadao.com.br\/noticias\/geral,desconfianca-nos-politicos-aumenta-diz-pesquisa-ipsos,70002053449\" target=\"_blank\">reportagem de Marianna Holanda no Estado de S.Paulo<\/a>.<\/p>\n","protected":false},"excerpt":{"rendered":"<p>&nbsp; 247 &#8211;\u00a0A um ano das elei\u00e7\u00f5es, os pol\u00edticos continuam no patamar mais alto de desconfian\u00e7a entre os brasileiros, segundo levantamento mais recente do Ipsos. De acordo com o estudo, 93% n\u00e3o confiam nos pol\u00edticos em geral e 90% n\u00e3o confiam em Michel Temer. Ao mesmo tempo, as institui\u00e7\u00f5es mais confi\u00e1veis para os entrevistados s\u00e3o&#8230;<a class=\"more-link\" href=\"http:\/\/blogdalucianaoliveira.com.br\/blog\/2017\/10\/20\/90-dos-brasileiros-nao-confiam-em-michel-temer\/\">Continue a leitura <span class=\"meta-nav\">&raquo;<\/span><\/a><\/p>\n","protected":false},"author":1,"featured_media":0,"comment_status":"closed","ping_status":"open","sticky":false,"template":"","format":"standard","meta":{"_exactmetrics_skip_tracking":false,"_exactmetrics_sitenote_active":false,"_exactmetrics_sitenote_note":"","_exactmetrics_sitenote_category":0,"jetpack_post_was_ever_published":false,"_jetpack_newsletter_access":"","_jetpack_dont_email_post_to_subs":false,"_jetpack_newsletter_tier_id":0,"_jetpack_memberships_contains_paywalled_content":false,"_jetpack_memberships_contains_paid_content":false,"footnotes":"","jetpack_publicize_message":"","jetpack_publicize_feature_enabled":true,"jetpack_social_post_already_shared":true,"jetpack_social_options":{"image_generator_settings":{"template":"highway","enabled":false},"version":2}},"categories":[1],"tags":[],"class_list":["post-14436","post","type-post","status-publish","format-standard","hentry","category-notas"],"jetpack_publicize_connections":[],"jetpack_sharing_enabled":true,"jetpack_featured_media_url":"","jetpack_shortlink":"https:\/\/wp.me\/p7wKYW-3KQ","jetpack-related-posts":[],"_links":{"self":[{"href":"http:\/\/blogdalucianaoliveira.com.br\/blog\/wp-json\/wp\/v2\/posts\/14436","targetHints":{"allow":["GET"]}}],"collection":[{"href":"http:\/\/blogdalucianaoliveira.com.br\/blog\/wp-json\/wp\/v2\/posts"}],"about":[{"href":"http:\/\/blogdalucianaoliveira.com.br\/blog\/wp-json\/wp\/v2\/types\/post"}],"author":[{"embeddable":true,"href":"http:\/\/blogdalucianaoliveira.com.br\/blog\/wp-json\/wp\/v2\/users\/1"}],"replies":[{"embeddable":true,"href":"http:\/\/blogdalucianaoliveira.com.br\/blog\/wp-json\/wp\/v2\/comments?post=14436"}],"version-history":[{"count":1,"href":"http:\/\/blogdalucianaoliveira.com.br\/blog\/wp-json\/wp\/v2\/posts\/14436\/revisions"}],"predecessor-version":[{"id":14438,"href":"http:\/\/blogdalucianaoliveira.com.br\/blog\/wp-json\/wp\/v2\/posts\/14436\/revisions\/14438"}],"wp:attachment":[{"href":"http:\/\/blogdalucianaoliveira.com.br\/blog\/wp-json\/wp\/v2\/media?parent=14436"}],"wp:term":[{"taxonomy":"category","embeddable":true,"href":"http:\/\/blogdalucianaoliveira.com.br\/blog\/wp-json\/wp\/v2\/categories?post=14436"},{"taxonomy":"post_tag","embeddable":true,"href":"http:\/\/blogdalucianaoliveira.com.br\/blog\/wp-json\/wp\/v2\/tags?post=14436"}],"curies":[{"name":"wp","href":"https:\/\/api.w.org\/{rel}","templated":true}]}}