{"id":14441,"date":"2017-10-20T09:15:29","date_gmt":"2017-10-20T13:15:29","guid":{"rendered":"http:\/\/blogdalucianaoliveira.com.br\/blog\/?p=14441"},"modified":"2017-10-20T09:15:29","modified_gmt":"2017-10-20T13:15:29","slug":"comigo-estao-condenando-todas-as-mulheres-a-uma-cultura-de-estupro-diz-menicucci","status":"publish","type":"post","link":"http:\/\/blogdalucianaoliveira.com.br\/blog\/2017\/10\/20\/comigo-estao-condenando-todas-as-mulheres-a-uma-cultura-de-estupro-diz-menicucci\/","title":{"rendered":"&#8220;Comigo, est\u00e3o condenando todas as mulheres a uma cultura de estupro&#8221;, diz Menicucci"},"content":{"rendered":"<h2 class=\"description\"><img data-recalc-dims=\"1\" loading=\"lazy\" decoding=\"async\" data-attachment-id=\"14442\" data-permalink=\"http:\/\/blogdalucianaoliveira.com.br\/blog\/2017\/10\/20\/comigo-estao-condenando-todas-as-mulheres-a-uma-cultura-de-estupro-diz-menicucci\/eleo\/\" data-orig-file=\"https:\/\/i0.wp.com\/blogdalucianaoliveira.com.br\/blog\/wp-content\/uploads\/2017\/10\/eleo.jpg?fit=640%2C480\" data-orig-size=\"640,480\" data-comments-opened=\"0\" data-image-meta=\"{&quot;aperture&quot;:&quot;0&quot;,&quot;credit&quot;:&quot;&quot;,&quot;camera&quot;:&quot;&quot;,&quot;caption&quot;:&quot;&quot;,&quot;created_timestamp&quot;:&quot;0&quot;,&quot;copyright&quot;:&quot;&quot;,&quot;focal_length&quot;:&quot;0&quot;,&quot;iso&quot;:&quot;0&quot;,&quot;shutter_speed&quot;:&quot;0&quot;,&quot;title&quot;:&quot;&quot;,&quot;orientation&quot;:&quot;0&quot;}\" data-image-title=\"eleo\" data-image-description=\"\" data-image-caption=\"\" data-medium-file=\"https:\/\/i0.wp.com\/blogdalucianaoliveira.com.br\/blog\/wp-content\/uploads\/2017\/10\/eleo.jpg?fit=300%2C225\" data-large-file=\"https:\/\/i0.wp.com\/blogdalucianaoliveira.com.br\/blog\/wp-content\/uploads\/2017\/10\/eleo.jpg?fit=600%2C450\" class=\"alignnone size-full wp-image-14442\" src=\"https:\/\/i0.wp.com\/blogdalucianaoliveira.com.br\/blog\/wp-content\/uploads\/2017\/10\/eleo.jpg?resize=600%2C450\" alt=\"eleo\" width=\"600\" height=\"450\" srcset=\"https:\/\/i0.wp.com\/blogdalucianaoliveira.com.br\/blog\/wp-content\/uploads\/2017\/10\/eleo.jpg?w=640 640w, https:\/\/i0.wp.com\/blogdalucianaoliveira.com.br\/blog\/wp-content\/uploads\/2017\/10\/eleo.jpg?resize=300%2C225 300w, https:\/\/i0.wp.com\/blogdalucianaoliveira.com.br\/blog\/wp-content\/uploads\/2017\/10\/eleo.jpg?resize=400%2C300 400w\" sizes=\"auto, (max-width: 600px) 100vw, 600px\" \/><\/h2>\n<h2 class=\"description\">Ex-ministra de Pol\u00edticas para Mulheres foi condenada, em primeira inst\u00e2ncia, por criticar Frota por apologia ao estupro<\/h2>\n<p><!--more--><\/p>\n<div class=\"details-bar\">\n<div class=\"author-time\">\n<address class=\"author\">Juliana Gon\u00e7alves<\/address>\n<div class=\"place-and-time\">\n<div class=\"place\">\n<p>Brasil de Fato| S\u00e3o Paulo (SP)<\/p>\n<\/div>\n<p>&#8220;Ao me condenar, est\u00e3o condenando todas as mulheres brasileiras e, mais grave ainda, est\u00e3o legitimando a cultura de estupro no Brasil&#8221;.\u00a0\u00c9 desta forma que a ex-ministra de Pol\u00edticas para Mulheres Eleonora Menicucci v\u00ea o julgamento de seu processo contra Alexandre Frota, marcado para o pr\u00f3ximo dia 24.<\/p>\n<p>Em maio, ela foi condenada, em primeira inst\u00e2ncia, por repudiar a a\u00e7\u00e3o do ministro da Educa\u00e7\u00e3o do governo Temer, Mendon\u00e7a Filho, por receber o ator Alexandre Frota em seu gabinete.<\/p>\n<p>A indigna\u00e7\u00e3o de Eleonora se deu pelo fato de o ex-ator porn\u00f4 ter assumido, durante um programa televisivo, que fez sexo com uma sacerdotisa de candombl\u00e9 desacordada. De acordo com o C\u00f3digo Penal, a pr\u00e1tica de rela\u00e7\u00f5es sexuais com uma pessoa que \u201cpor qualquer causa, n\u00e3o pode oferecer resist\u00eancia\u201d, \u00e9 definida como estupro de vulner\u00e1vel.<\/p>\n<p>Na \u00e9poca, Menecucci afirmou que Frota &#8220;n\u00e3o s\u00f3 assumiu ter estuprado uma mulher, mas tamb\u00e9m faz apologia ao estupro&#8221;. Pela afirma\u00e7\u00e3o, ela foi condenada a pagar R$ 10 mil por danos morais a Frota.<\/p>\n<p>Em setembro, houve uma audi\u00eancia de concilia\u00e7\u00e3o onde foi tentado um acordo no qual ela teria que se desculpar publicamente. &#8220;Eu falei que n\u00e3o pediria, que n\u00e3o jogaria minha vida, minha luta inteira em defesa dos direitos das mulheres e de combate da viol\u00eancia sexual e de g\u00eanero [no lixo]&#8221;, diz.<\/p>\n<p>A ex-ministra diz ser urgente combater a cultura de estupro no Brasil e que isso deve ser feito com a conscientiza\u00e7\u00e3o da sociedade e com a realiza\u00e7\u00e3o de pol\u00edticas p\u00fablicas.<\/p>\n<p>Menecucci vem recebendo um amplo apoio da sociedade civil para que esse segundo julgamento, na pr\u00f3xima semana, seja favor\u00e1vel a ela. A campanha #SomosTodosEleonora nas redes sociais conta com mais de cem v\u00eddeos de apoio \u00e0 ex-ministra.<\/p>\n<p>&#8220;A minha expectativa \u00e9 de que a justi\u00e7a seja feita, a senten\u00e7a revertida e eu seja absolvida porque h\u00e1, nesse caso, uma invers\u00e3o total de valores. Eu n\u00e3o poderia, em hip\u00f3tese nenhuma, estar em processo de condena\u00e7\u00e3o&#8221;, ressalta.<\/p>\n<p>Segundo o F\u00f3rum Brasileiro de Seguran\u00e7a P\u00fablica, a cada 11 minutos uma mulher \u00e9 estuprada no Brasil.<\/p>\n<p class=\"editor\">Edi\u00e7\u00e3o: Vanessa Martina Silva<\/p>\n<div class=\"content-footer\"><\/div>\n<\/div>\n<\/div>\n<\/div>\n","protected":false},"excerpt":{"rendered":"<p>Ex-ministra de Pol\u00edticas para Mulheres foi condenada, em primeira inst\u00e2ncia, por criticar Frota por apologia ao estupro<\/p>\n","protected":false},"author":1,"featured_media":0,"comment_status":"closed","ping_status":"open","sticky":false,"template":"","format":"standard","meta":{"_exactmetrics_skip_tracking":false,"_exactmetrics_sitenote_active":false,"_exactmetrics_sitenote_note":"","_exactmetrics_sitenote_category":0,"jetpack_post_was_ever_published":false,"_jetpack_newsletter_access":"","_jetpack_dont_email_post_to_subs":false,"_jetpack_newsletter_tier_id":0,"_jetpack_memberships_contains_paywalled_content":false,"_jetpack_memberships_contains_paid_content":false,"footnotes":"","jetpack_publicize_message":"","jetpack_publicize_feature_enabled":true,"jetpack_social_post_already_shared":true,"jetpack_social_options":{"image_generator_settings":{"template":"highway","enabled":false},"version":2}},"categories":[1],"tags":[],"class_list":["post-14441","post","type-post","status-publish","format-standard","hentry","category-notas"],"jetpack_publicize_connections":[],"jetpack_sharing_enabled":true,"jetpack_featured_media_url":"","jetpack_shortlink":"https:\/\/wp.me\/p7wKYW-3KV","jetpack-related-posts":[],"_links":{"self":[{"href":"http:\/\/blogdalucianaoliveira.com.br\/blog\/wp-json\/wp\/v2\/posts\/14441","targetHints":{"allow":["GET"]}}],"collection":[{"href":"http:\/\/blogdalucianaoliveira.com.br\/blog\/wp-json\/wp\/v2\/posts"}],"about":[{"href":"http:\/\/blogdalucianaoliveira.com.br\/blog\/wp-json\/wp\/v2\/types\/post"}],"author":[{"embeddable":true,"href":"http:\/\/blogdalucianaoliveira.com.br\/blog\/wp-json\/wp\/v2\/users\/1"}],"replies":[{"embeddable":true,"href":"http:\/\/blogdalucianaoliveira.com.br\/blog\/wp-json\/wp\/v2\/comments?post=14441"}],"version-history":[{"count":1,"href":"http:\/\/blogdalucianaoliveira.com.br\/blog\/wp-json\/wp\/v2\/posts\/14441\/revisions"}],"predecessor-version":[{"id":14443,"href":"http:\/\/blogdalucianaoliveira.com.br\/blog\/wp-json\/wp\/v2\/posts\/14441\/revisions\/14443"}],"wp:attachment":[{"href":"http:\/\/blogdalucianaoliveira.com.br\/blog\/wp-json\/wp\/v2\/media?parent=14441"}],"wp:term":[{"taxonomy":"category","embeddable":true,"href":"http:\/\/blogdalucianaoliveira.com.br\/blog\/wp-json\/wp\/v2\/categories?post=14441"},{"taxonomy":"post_tag","embeddable":true,"href":"http:\/\/blogdalucianaoliveira.com.br\/blog\/wp-json\/wp\/v2\/tags?post=14441"}],"curies":[{"name":"wp","href":"https:\/\/api.w.org\/{rel}","templated":true}]}}